{"id":100740,"date":"2020-05-04T22:49:12","date_gmt":"2020-05-05T01:49:12","guid":{"rendered":"http:\/\/paulorobertodaradio.com.br\/site\/?p=100740"},"modified":"2020-05-04T22:49:12","modified_gmt":"2020-05-05T01:49:12","slug":"pm-prende-2-individuos-e-apreende-arma-de-fogo-e-drogas-no-franco-suico-em-muriae","status":"publish","type":"post","link":"http:\/\/paulorobertodaradio.com.br\/site\/?p=100740","title":{"rendered":"PM PRENDE 2 INDIV\u00cdDUOS E APREENDE ARMA DE FOGO E DROGAS NO FRANCO SU\u00cd\u00c7O EM MURIA\u00c9."},"content":{"rendered":"<p><a href=\"http:\/\/paulorobertodaradio.com.br\/site\/wp-content\/uploads\/2020\/05\/FB_IMG_15886408861004930-e1588642519699.jpg\"><img loading=\"lazy\" decoding=\"async\" class=\"alignnone size-full wp-image-100741\" src=\"http:\/\/paulorobertodaradio.com.br\/site\/wp-content\/uploads\/2020\/05\/FB_IMG_15886408861004930-e1588642519699.jpg\" alt=\"\" width=\"885\" height=\"497\" srcset=\"http:\/\/paulorobertodaradio.com.br\/site\/wp-content\/uploads\/2020\/05\/FB_IMG_15886408861004930-e1588642519699.jpg 885w, http:\/\/paulorobertodaradio.com.br\/site\/wp-content\/uploads\/2020\/05\/FB_IMG_15886408861004930-e1588642519699-300x168.jpg 300w, http:\/\/paulorobertodaradio.com.br\/site\/wp-content\/uploads\/2020\/05\/FB_IMG_15886408861004930-e1588642519699-768x431.jpg 768w\" sizes=\"auto, (max-width: 885px) 100vw, 885px\" \/><\/a>A Pol\u00edcia Militar apreendeu na noite desta segunda, 04\/05\/20,\u00a0 drogas e dinheiro e prendeu 2 pessoas no Bairro Franco Su\u00ed\u00e7o, em Muria\u00e9.<\/p>\n<p>A apreens\u00e3o se deu Ap\u00f3s den\u00fancias an\u00f4nimas apontando que 2 indiv\u00edduos estariam em um apartamento no Franco Su\u00ed\u00e7o comercializando drogas, diante disso os PMs foram at\u00e9 ao local e apreenderam 4 kg de maconha, 1 kg de pasta base de coca\u00edna, ainda R$4.500,00 em dinheiro, balan\u00e7a de precis\u00e3o e outros materiais.<\/p>\n<p>Dois indiv\u00edduos maiores de idade, j\u00e1 conhecidos no meio policial receberam voz de pris\u00e3o em flagrante e conduzidos at\u00e9 a 4 D.R.P.C. de Muria\u00e9, onde o delegado de plant\u00e3o adotar\u00e1 as medidas cab\u00edveis ao fato.<\/p>\n","protected":false},"excerpt":{"rendered":"<p>A Pol\u00edcia Militar apreendeu na noite desta segunda, 04\/05\/20,\u00a0 drogas e dinheiro e prendeu 2 pessoas no Bairro Franco Su\u00ed\u00e7o, em Muria\u00e9. A apreens\u00e3o se deu Ap\u00f3s den\u00fancias an\u00f4nimas apontando que 2 indiv\u00edduos estariam em um apartamento no Franco Su\u00ed\u00e7o comercializando drogas, diante disso os PMs foram at\u00e9 ao local e apreenderam 4 kg de [&hellip;]<\/p>\n","protected":false},"author":2,"featured_media":0,"comment_status":"open","ping_status":"open","sticky":false,"template":"","format":"standard","meta":{"footnotes":""},"categories":[1],"tags":[],"class_list":["post-100740","post","type-post","status-publish","format-standard","hentry","category-sem-categoria"],"_links":{"self":[{"href":"http:\/\/paulorobertodaradio.com.br\/site\/index.php?rest_route=\/wp\/v2\/posts\/100740","targetHints":{"allow":["GET"]}}],"collection":[{"href":"http:\/\/paulorobertodaradio.com.br\/site\/index.php?rest_route=\/wp\/v2\/posts"}],"about":[{"href":"http:\/\/paulorobertodaradio.com.br\/site\/index.php?rest_route=\/wp\/v2\/types\/post"}],"author":[{"embeddable":true,"href":"http:\/\/paulorobertodaradio.com.br\/site\/index.php?rest_route=\/wp\/v2\/users\/2"}],"replies":[{"embeddable":true,"href":"http:\/\/paulorobertodaradio.com.br\/site\/index.php?rest_route=%2Fwp%2Fv2%2Fcomments&post=100740"}],"version-history":[{"count":1,"href":"http:\/\/paulorobertodaradio.com.br\/site\/index.php?rest_route=\/wp\/v2\/posts\/100740\/revisions"}],"predecessor-version":[{"id":100742,"href":"http:\/\/paulorobertodaradio.com.br\/site\/index.php?rest_route=\/wp\/v2\/posts\/100740\/revisions\/100742"}],"wp:attachment":[{"href":"http:\/\/paulorobertodaradio.com.br\/site\/index.php?rest_route=%2Fwp%2Fv2%2Fmedia&parent=100740"}],"wp:term":[{"taxonomy":"category","embeddable":true,"href":"http:\/\/paulorobertodaradio.com.br\/site\/index.php?rest_route=%2Fwp%2Fv2%2Fcategories&post=100740"},{"taxonomy":"post_tag","embeddable":true,"href":"http:\/\/paulorobertodaradio.com.br\/site\/index.php?rest_route=%2Fwp%2Fv2%2Ftags&post=100740"}],"curies":[{"name":"wp","href":"https:\/\/api.w.org\/{rel}","templated":true}]}}