{"id":11659,"date":"2015-09-01T12:00:38","date_gmt":"2015-09-01T15:00:38","guid":{"rendered":"http:\/\/paulorobertodaradio.com.br\/site\/?p=11659"},"modified":"2015-09-01T12:47:21","modified_gmt":"2015-09-01T15:47:21","slug":"em-miradouro-com-mandado-de-busca-e-apreensao-expedido-pela-justica-pm-prende-um-em-santa-barbara","status":"publish","type":"post","link":"http:\/\/paulorobertodaradio.com.br\/site\/?p=11659","title":{"rendered":"EM MIRADOURO: COM MANDADO DE BUSCA E APREENS\u00c3O EXPEDIDO PELA JUSTI\u00c7A , PM PRENDE UM  EM SANTA B\u00c1RBARA."},"content":{"rendered":"<p><a href=\"http:\/\/paulorobertodaradio.com.br\/site\/wp-content\/uploads\/2015\/09\/MANDADO.jpg\"><img loading=\"lazy\" decoding=\"async\" class=\"aligncenter size-full wp-image-11660\" alt=\"MANDADO\" src=\"http:\/\/paulorobertodaradio.com.br\/site\/wp-content\/uploads\/2015\/09\/MANDADO.jpg\" width=\"717\" height=\"1024\" srcset=\"http:\/\/paulorobertodaradio.com.br\/site\/wp-content\/uploads\/2015\/09\/MANDADO.jpg 717w, http:\/\/paulorobertodaradio.com.br\/site\/wp-content\/uploads\/2015\/09\/MANDADO-210x300.jpg 210w, http:\/\/paulorobertodaradio.com.br\/site\/wp-content\/uploads\/2015\/09\/MANDADO-624x891.jpg 624w\" sizes=\"auto, (max-width: 717px) 100vw, 717px\" \/><\/a><\/p>\n<p>Com esse mandado de busca e apreens\u00e3o, a \u00a0Policia Militar compareceu at\u00e9 a casa de um suspeito no distrito de Santa B\u00e1rbara, em Miradouro. Nesta resid\u00eancia a PM localizou \u00a001 muni\u00e7\u00e3o de calibre .22 intacta, e mais \u00a002 capsulas de muni\u00e7\u00e3o calibre 38 j\u00e1 deflagradas.<\/p>\n<p>O homem \u00a0foi apreendido e \u00a0trazido a delegacia de Miradouro \u00a0para prestar esclarecimentos.<\/p>\n","protected":false},"excerpt":{"rendered":"<p>Com esse mandado de busca e apreens\u00e3o, a \u00a0Policia Militar compareceu at\u00e9 a casa de um suspeito no distrito de Santa B\u00e1rbara, em Miradouro. Nesta resid\u00eancia a PM localizou \u00a001 muni\u00e7\u00e3o de calibre .22 intacta, e mais \u00a002 capsulas de muni\u00e7\u00e3o calibre 38 j\u00e1 deflagradas. O homem \u00a0foi apreendido e \u00a0trazido a delegacia de Miradouro [&hellip;]<\/p>\n","protected":false},"author":2,"featured_media":0,"comment_status":"open","ping_status":"open","sticky":false,"template":"","format":"standard","meta":{"footnotes":""},"categories":[1],"tags":[],"class_list":["post-11659","post","type-post","status-publish","format-standard","hentry","category-sem-categoria"],"_links":{"self":[{"href":"http:\/\/paulorobertodaradio.com.br\/site\/index.php?rest_route=\/wp\/v2\/posts\/11659","targetHints":{"allow":["GET"]}}],"collection":[{"href":"http:\/\/paulorobertodaradio.com.br\/site\/index.php?rest_route=\/wp\/v2\/posts"}],"about":[{"href":"http:\/\/paulorobertodaradio.com.br\/site\/index.php?rest_route=\/wp\/v2\/types\/post"}],"author":[{"embeddable":true,"href":"http:\/\/paulorobertodaradio.com.br\/site\/index.php?rest_route=\/wp\/v2\/users\/2"}],"replies":[{"embeddable":true,"href":"http:\/\/paulorobertodaradio.com.br\/site\/index.php?rest_route=%2Fwp%2Fv2%2Fcomments&post=11659"}],"version-history":[{"count":5,"href":"http:\/\/paulorobertodaradio.com.br\/site\/index.php?rest_route=\/wp\/v2\/posts\/11659\/revisions"}],"predecessor-version":[{"id":11663,"href":"http:\/\/paulorobertodaradio.com.br\/site\/index.php?rest_route=\/wp\/v2\/posts\/11659\/revisions\/11663"}],"wp:attachment":[{"href":"http:\/\/paulorobertodaradio.com.br\/site\/index.php?rest_route=%2Fwp%2Fv2%2Fmedia&parent=11659"}],"wp:term":[{"taxonomy":"category","embeddable":true,"href":"http:\/\/paulorobertodaradio.com.br\/site\/index.php?rest_route=%2Fwp%2Fv2%2Fcategories&post=11659"},{"taxonomy":"post_tag","embeddable":true,"href":"http:\/\/paulorobertodaradio.com.br\/site\/index.php?rest_route=%2Fwp%2Fv2%2Ftags&post=11659"}],"curies":[{"name":"wp","href":"https:\/\/api.w.org\/{rel}","templated":true}]}}