{"id":11666,"date":"2015-09-01T12:49:15","date_gmt":"2015-09-01T15:49:15","guid":{"rendered":"http:\/\/paulorobertodaradio.com.br\/site\/?p=11666"},"modified":"2015-09-01T12:49:44","modified_gmt":"2015-09-01T15:49:44","slug":"em-santa-barbara-do-leste-mg-motociclista-morre-atropelado-calibrando-pneu-em-posto-de-combustiveis","status":"publish","type":"post","link":"http:\/\/paulorobertodaradio.com.br\/site\/?p=11666","title":{"rendered":"EM SANTA BARBARA DO LESTE (MG): MOTOCICLISTA MORRE ATROPELADO  CALIBRANDO PNEU EM POSTO DE COMBUST\u00cdVEIS."},"content":{"rendered":"<p style=\"text-align: left;\"><a href=\"http:\/\/paulorobertodaradio.com.br\/site\/wp-content\/uploads\/2015\/09\/MOTO-POSTO01.jpg\"><img loading=\"lazy\" decoding=\"async\" class=\"aligncenter size-full wp-image-11667\" alt=\"MOTO POSTO01\" src=\"http:\/\/paulorobertodaradio.com.br\/site\/wp-content\/uploads\/2015\/09\/MOTO-POSTO01.jpg\" width=\"400\" height=\"267\" srcset=\"http:\/\/paulorobertodaradio.com.br\/site\/wp-content\/uploads\/2015\/09\/MOTO-POSTO01.jpg 400w, http:\/\/paulorobertodaradio.com.br\/site\/wp-content\/uploads\/2015\/09\/MOTO-POSTO01-300x200.jpg 300w\" sizes=\"auto, (max-width: 400px) 100vw, 400px\" \/><\/a>O motociclista Geraldo Cupertino Viana, de 55 anos, estava parado com a sua motocicleta no p\u00e1tio de um posto de combust\u00edvel em Santa B\u00e1rbara do Leste. Ele calibrava os pneus da sua motocicleta na tarde de domingo (30\/08), por volta das 13h, quando um caminh\u00e3o passava pelo trecho e o atropelou.<br \/>\nSegundo o comandante do Corpo de Bombeiros Anjos de Resgate de Santa B\u00e1rbara do Leste, Fernando Martins, quando a equipe chegou ao local os pneus traseiros do caminh\u00e3o esmagavam as rodas da motocicleta. A v\u00edtima estava em baixo do caminh\u00e3o e relatou que a roda dianteira havia passado por cima de seu abd\u00f4men.<br \/>\nRapidamente a v\u00edtima foi socorrida e encaminhada ao Pronto Atendimento Microrregional, em Caratinga. Em virtude dos graves ferimentos, \u00e0s 23h25 a v\u00edtima n\u00e3o resistiu e veio a \u00f3bito. Segundo a unidade de sa\u00fade, no atropelamento o paciente sofreu trauma abdominal, contus\u00e3o pulmonar, ruptura de ba\u00e7o e f\u00edgado.<br \/>\nO condutor do caminh\u00e3o Evaristo Geraldo de Souza, de 30 anos, n\u00e3o foi encontrado para falar sobre o assunto.<br \/>\nO caso ser\u00e1 investigado pelas autoridades competentes.<a href=\"http:\/\/paulorobertodaradio.com.br\/site\/wp-content\/uploads\/2015\/09\/MOTO-POSTO02.jpg\"><img loading=\"lazy\" decoding=\"async\" class=\"size-full wp-image-11668 alignleft\" alt=\"MOTO POSTO02\" src=\"http:\/\/paulorobertodaradio.com.br\/site\/wp-content\/uploads\/2015\/09\/MOTO-POSTO02.jpg\" width=\"400\" height=\"267\" srcset=\"http:\/\/paulorobertodaradio.com.br\/site\/wp-content\/uploads\/2015\/09\/MOTO-POSTO02.jpg 400w, http:\/\/paulorobertodaradio.com.br\/site\/wp-content\/uploads\/2015\/09\/MOTO-POSTO02-300x200.jpg 300w\" sizes=\"auto, (max-width: 400px) 100vw, 400px\" \/><\/a><br \/>\nTV Super Canal &#8211; Caratinga<\/p>\n","protected":false},"excerpt":{"rendered":"<p>O motociclista Geraldo Cupertino Viana, de 55 anos, estava parado com a sua motocicleta no p\u00e1tio de um posto de combust\u00edvel em Santa B\u00e1rbara do Leste. Ele calibrava os pneus da sua motocicleta na tarde de domingo (30\/08), por volta das 13h, quando um caminh\u00e3o passava pelo trecho e o atropelou. Segundo o comandante do [&hellip;]<\/p>\n","protected":false},"author":2,"featured_media":0,"comment_status":"open","ping_status":"open","sticky":false,"template":"","format":"standard","meta":{"footnotes":""},"categories":[1],"tags":[],"class_list":["post-11666","post","type-post","status-publish","format-standard","hentry","category-sem-categoria"],"_links":{"self":[{"href":"http:\/\/paulorobertodaradio.com.br\/site\/index.php?rest_route=\/wp\/v2\/posts\/11666","targetHints":{"allow":["GET"]}}],"collection":[{"href":"http:\/\/paulorobertodaradio.com.br\/site\/index.php?rest_route=\/wp\/v2\/posts"}],"about":[{"href":"http:\/\/paulorobertodaradio.com.br\/site\/index.php?rest_route=\/wp\/v2\/types\/post"}],"author":[{"embeddable":true,"href":"http:\/\/paulorobertodaradio.com.br\/site\/index.php?rest_route=\/wp\/v2\/users\/2"}],"replies":[{"embeddable":true,"href":"http:\/\/paulorobertodaradio.com.br\/site\/index.php?rest_route=%2Fwp%2Fv2%2Fcomments&post=11666"}],"version-history":[{"count":3,"href":"http:\/\/paulorobertodaradio.com.br\/site\/index.php?rest_route=\/wp\/v2\/posts\/11666\/revisions"}],"predecessor-version":[{"id":11672,"href":"http:\/\/paulorobertodaradio.com.br\/site\/index.php?rest_route=\/wp\/v2\/posts\/11666\/revisions\/11672"}],"wp:attachment":[{"href":"http:\/\/paulorobertodaradio.com.br\/site\/index.php?rest_route=%2Fwp%2Fv2%2Fmedia&parent=11666"}],"wp:term":[{"taxonomy":"category","embeddable":true,"href":"http:\/\/paulorobertodaradio.com.br\/site\/index.php?rest_route=%2Fwp%2Fv2%2Fcategories&post=11666"},{"taxonomy":"post_tag","embeddable":true,"href":"http:\/\/paulorobertodaradio.com.br\/site\/index.php?rest_route=%2Fwp%2Fv2%2Ftags&post=11666"}],"curies":[{"name":"wp","href":"https:\/\/api.w.org\/{rel}","templated":true}]}}