{"id":11676,"date":"2015-09-01T12:55:55","date_gmt":"2015-09-01T15:55:55","guid":{"rendered":"http:\/\/paulorobertodaradio.com.br\/site\/?p=11676"},"modified":"2015-09-01T12:55:55","modified_gmt":"2015-09-01T15:55:55","slug":"em-muriae-gisele-nascimento-esta-fora-da-expo-2015-entra-jonas-vilar","status":"publish","type":"post","link":"http:\/\/paulorobertodaradio.com.br\/site\/?p=11676","title":{"rendered":"EM MURIA\u00c9: GISELE NASCIMENTO EST\u00c1 FORA DA EXPO 2015, ENTRA JONAS VILAR."},"content":{"rendered":"<p>&nbsp;<\/p>\n<p><span style=\"line-height: 1.714285714; font-size: 1rem;\"><a href=\"http:\/\/paulorobertodaradio.com.br\/site\/wp-content\/uploads\/2015\/09\/JONAS-VILAR-NO-CANTA-MURIA\u00c9.jpg\"><img loading=\"lazy\" decoding=\"async\" class=\"aligncenter size-full wp-image-11677\" alt=\"JONAS-VILAR-NO-CANTA-MURIA\u00c9\" src=\"http:\/\/paulorobertodaradio.com.br\/site\/wp-content\/uploads\/2015\/09\/JONAS-VILAR-NO-CANTA-MURIA\u00c9.jpg\" width=\"600\" height=\"524\" srcset=\"http:\/\/paulorobertodaradio.com.br\/site\/wp-content\/uploads\/2015\/09\/JONAS-VILAR-NO-CANTA-MURIA\u00c9.jpg 600w, http:\/\/paulorobertodaradio.com.br\/site\/wp-content\/uploads\/2015\/09\/JONAS-VILAR-NO-CANTA-MURIA\u00c9-300x262.jpg 300w\" sizes=\"auto, (max-width: 600px) 100vw, 600px\" \/><\/a>Foi cancelado o show da cantora Gisele Nascimento, que seria realizado na noite da quinta-feira (03) na 60\u00aa Exposi\u00e7\u00e3o Agropecu\u00e1ria Comercial e Industrial de Muria\u00e9. O comunicado do cancelamento ocorreu na manh\u00e3 de hoje (31). Com isso Jonas Vilar ir\u00e1 se apresentar na noite destinada a apresenta\u00e7\u00e3o gospel. Jonas Vilar, al\u00e9m de cantor de m\u00fasica evang\u00e9lica nacional, se destacou como o \u201cpioneiro do sertanejo universit\u00e1rio gospel\u201d, al\u00e9m de ser pastor volunt\u00e1rio na Igreja Assembleia de Deus, localizada em S\u00e3o Paulo. Jonas j\u00e1 se apresentou em diversas cidades da Europa. Ao todo, gravou seis CDs e quatro DVDs, o mais recente \u00e9 \u201cTe Amo Mais que Tudo,\u201d gravado este ano em S\u00e3o Paulo. A entrada \u00e9 gratuita em todas as noites. Antes desse cancelamento, j\u00e1 havia ocorrido o cancelamento do show de Gino e Geno por problemas de sa\u00fade do cantor Gino.<a href=\"http:\/\/paulorobertodaradio.com.br\/site\/wp-content\/uploads\/2015\/09\/JONAS-VILAR-NO-CANTA-MURIA\u00c92.jpg\"><img loading=\"lazy\" decoding=\"async\" class=\"aligncenter size-full wp-image-11678\" alt=\"JONAS-VILAR-NO-CANTA-MURIA\u00c92\" src=\"http:\/\/paulorobertodaradio.com.br\/site\/wp-content\/uploads\/2015\/09\/JONAS-VILAR-NO-CANTA-MURIA\u00c92.jpg\" width=\"600\" height=\"478\" srcset=\"http:\/\/paulorobertodaradio.com.br\/site\/wp-content\/uploads\/2015\/09\/JONAS-VILAR-NO-CANTA-MURIA\u00c92.jpg 600w, http:\/\/paulorobertodaradio.com.br\/site\/wp-content\/uploads\/2015\/09\/JONAS-VILAR-NO-CANTA-MURIA\u00c92-300x239.jpg 300w\" sizes=\"auto, (max-width: 600px) 100vw, 600px\" \/><\/a> Colabora\u00e7\u00e3o: tribunademuriae.com.br<\/span><\/p>\n<p>&nbsp;<\/p>\n<p>&nbsp;<\/p>\n","protected":false},"excerpt":{"rendered":"<p>&nbsp; Foi cancelado o show da cantora Gisele Nascimento, que seria realizado na noite da quinta-feira (03) na 60\u00aa Exposi\u00e7\u00e3o Agropecu\u00e1ria Comercial e Industrial de Muria\u00e9. O comunicado do cancelamento ocorreu na manh\u00e3 de hoje (31). Com isso Jonas Vilar ir\u00e1 se apresentar na noite destinada a apresenta\u00e7\u00e3o gospel. Jonas Vilar, al\u00e9m de cantor de [&hellip;]<\/p>\n","protected":false},"author":2,"featured_media":0,"comment_status":"open","ping_status":"open","sticky":false,"template":"","format":"standard","meta":{"footnotes":""},"categories":[1],"tags":[],"class_list":["post-11676","post","type-post","status-publish","format-standard","hentry","category-sem-categoria"],"_links":{"self":[{"href":"http:\/\/paulorobertodaradio.com.br\/site\/index.php?rest_route=\/wp\/v2\/posts\/11676","targetHints":{"allow":["GET"]}}],"collection":[{"href":"http:\/\/paulorobertodaradio.com.br\/site\/index.php?rest_route=\/wp\/v2\/posts"}],"about":[{"href":"http:\/\/paulorobertodaradio.com.br\/site\/index.php?rest_route=\/wp\/v2\/types\/post"}],"author":[{"embeddable":true,"href":"http:\/\/paulorobertodaradio.com.br\/site\/index.php?rest_route=\/wp\/v2\/users\/2"}],"replies":[{"embeddable":true,"href":"http:\/\/paulorobertodaradio.com.br\/site\/index.php?rest_route=%2Fwp%2Fv2%2Fcomments&post=11676"}],"version-history":[{"count":1,"href":"http:\/\/paulorobertodaradio.com.br\/site\/index.php?rest_route=\/wp\/v2\/posts\/11676\/revisions"}],"predecessor-version":[{"id":11679,"href":"http:\/\/paulorobertodaradio.com.br\/site\/index.php?rest_route=\/wp\/v2\/posts\/11676\/revisions\/11679"}],"wp:attachment":[{"href":"http:\/\/paulorobertodaradio.com.br\/site\/index.php?rest_route=%2Fwp%2Fv2%2Fmedia&parent=11676"}],"wp:term":[{"taxonomy":"category","embeddable":true,"href":"http:\/\/paulorobertodaradio.com.br\/site\/index.php?rest_route=%2Fwp%2Fv2%2Fcategories&post=11676"},{"taxonomy":"post_tag","embeddable":true,"href":"http:\/\/paulorobertodaradio.com.br\/site\/index.php?rest_route=%2Fwp%2Fv2%2Ftags&post=11676"}],"curies":[{"name":"wp","href":"https:\/\/api.w.org\/{rel}","templated":true}]}}