{"id":11680,"date":"2015-09-01T12:58:48","date_gmt":"2015-09-01T15:58:48","guid":{"rendered":"http:\/\/paulorobertodaradio.com.br\/site\/?p=11680"},"modified":"2015-09-01T12:58:48","modified_gmt":"2015-09-01T15:58:48","slug":"em-muriae-como-em-todo-brasil-agencia-do-inss-permanece-de-greve-os-mais-prejudicados-sao-os-cidadaos-que-nao-conseguem-agendar-atendimento-pra-se-aposentarem","status":"publish","type":"post","link":"http:\/\/paulorobertodaradio.com.br\/site\/?p=11680","title":{"rendered":"EM MURIA\u00c9: COMO EM TODO BRASIL, AG\u00caNCIA DO INSS PERMANECE DE GREVE, OS MAIS PREJUDICADOS S\u00c3O OS CIDAD\u00c3OS QUE N\u00c3O CONSEGUEM AGENDAR ATENDIMENTO PRA SE APOSENTAREM."},"content":{"rendered":"<p><a href=\"http:\/\/paulorobertodaradio.com.br\/site\/wp-content\/uploads\/2015\/09\/INSS.jpg\"><img loading=\"lazy\" decoding=\"async\" class=\"aligncenter size-full wp-image-11681\" alt=\"INSS\" src=\"http:\/\/paulorobertodaradio.com.br\/site\/wp-content\/uploads\/2015\/09\/INSS.jpg\" width=\"620\" height=\"465\" srcset=\"http:\/\/paulorobertodaradio.com.br\/site\/wp-content\/uploads\/2015\/09\/INSS.jpg 620w, http:\/\/paulorobertodaradio.com.br\/site\/wp-content\/uploads\/2015\/09\/INSS-300x225.jpg 300w\" sizes=\"auto, (max-width: 620px) 100vw, 620px\" \/><\/a>As portas das ag\u00eancias do INSS de todo o Brasil est\u00e3o fechadas h\u00e1 quase 60 dias e o resultado tem sido preocupa\u00e7\u00e3o e muito transtorno, uma vez que o atendimento \u00e9 limitado, com prioridade na maioria das vezes, para casos urgentes. A Ag\u00eancia Regional do INSS de Muria\u00e9 segue as orienta\u00e7\u00f5es da greve nacional, por aqui a demanda \u00e9 muito grande tamb\u00e9m, pois a ag\u00eancia atende a v\u00e1rios munic\u00edpios. A determina\u00e7\u00e3o da Justi\u00e7a de manter 60% dos funcion\u00e1rios das ag\u00eancias trabalhando vem sendo cumprida nesta regi\u00e3o, mesmo assim a demanda grande faz com que os trabalhos surtam pouco efeito. Em algumas capitais, ningu\u00e9m consegue dar entrada no pedido de aposentadoria e a previs\u00e3o \u00e9 que isso aconte\u00e7a s\u00f3 no ano que vem. O servidores querem reajuste de 27%, incorpora\u00e7\u00e3o de gratifica\u00e7\u00f5es e abertura de concurso p\u00fablico. Colabora\u00e7\u00e3o: silvanalves.com.br<\/p>\n","protected":false},"excerpt":{"rendered":"<p>As portas das ag\u00eancias do INSS de todo o Brasil est\u00e3o fechadas h\u00e1 quase 60 dias e o resultado tem sido preocupa\u00e7\u00e3o e muito transtorno, uma vez que o atendimento \u00e9 limitado, com prioridade na maioria das vezes, para casos urgentes. A Ag\u00eancia Regional do INSS de Muria\u00e9 segue as orienta\u00e7\u00f5es da greve nacional, por [&hellip;]<\/p>\n","protected":false},"author":2,"featured_media":0,"comment_status":"open","ping_status":"open","sticky":false,"template":"","format":"standard","meta":{"footnotes":""},"categories":[1],"tags":[],"class_list":["post-11680","post","type-post","status-publish","format-standard","hentry","category-sem-categoria"],"_links":{"self":[{"href":"http:\/\/paulorobertodaradio.com.br\/site\/index.php?rest_route=\/wp\/v2\/posts\/11680","targetHints":{"allow":["GET"]}}],"collection":[{"href":"http:\/\/paulorobertodaradio.com.br\/site\/index.php?rest_route=\/wp\/v2\/posts"}],"about":[{"href":"http:\/\/paulorobertodaradio.com.br\/site\/index.php?rest_route=\/wp\/v2\/types\/post"}],"author":[{"embeddable":true,"href":"http:\/\/paulorobertodaradio.com.br\/site\/index.php?rest_route=\/wp\/v2\/users\/2"}],"replies":[{"embeddable":true,"href":"http:\/\/paulorobertodaradio.com.br\/site\/index.php?rest_route=%2Fwp%2Fv2%2Fcomments&post=11680"}],"version-history":[{"count":1,"href":"http:\/\/paulorobertodaradio.com.br\/site\/index.php?rest_route=\/wp\/v2\/posts\/11680\/revisions"}],"predecessor-version":[{"id":11682,"href":"http:\/\/paulorobertodaradio.com.br\/site\/index.php?rest_route=\/wp\/v2\/posts\/11680\/revisions\/11682"}],"wp:attachment":[{"href":"http:\/\/paulorobertodaradio.com.br\/site\/index.php?rest_route=%2Fwp%2Fv2%2Fmedia&parent=11680"}],"wp:term":[{"taxonomy":"category","embeddable":true,"href":"http:\/\/paulorobertodaradio.com.br\/site\/index.php?rest_route=%2Fwp%2Fv2%2Fcategories&post=11680"},{"taxonomy":"post_tag","embeddable":true,"href":"http:\/\/paulorobertodaradio.com.br\/site\/index.php?rest_route=%2Fwp%2Fv2%2Ftags&post=11680"}],"curies":[{"name":"wp","href":"https:\/\/api.w.org\/{rel}","templated":true}]}}