{"id":11704,"date":"2015-09-02T12:17:49","date_gmt":"2015-09-02T15:17:49","guid":{"rendered":"http:\/\/paulorobertodaradio.com.br\/site\/?p=11704"},"modified":"2015-09-02T12:17:49","modified_gmt":"2015-09-02T15:17:49","slug":"em-muriae-show-gospel-com-jonas-vilar-abre-a-60a-expo","status":"publish","type":"post","link":"http:\/\/paulorobertodaradio.com.br\/site\/?p=11704","title":{"rendered":"EM MURIA\u00c9: SHOW GOSPEL COM JONAS VILAR ABRE A 60\u00aa  EXPO."},"content":{"rendered":"<p><span style=\"line-height: 1.714285714; font-size: 1rem;\"><a href=\"http:\/\/paulorobertodaradio.com.br\/site\/wp-content\/uploads\/2015\/09\/jonas06.jpg\"><img loading=\"lazy\" decoding=\"async\" class=\"aligncenter size-full wp-image-11705\" alt=\"jonas06\" src=\"http:\/\/paulorobertodaradio.com.br\/site\/wp-content\/uploads\/2015\/09\/jonas06.jpg\" width=\"600\" height=\"478\" srcset=\"http:\/\/paulorobertodaradio.com.br\/site\/wp-content\/uploads\/2015\/09\/jonas06.jpg 600w, http:\/\/paulorobertodaradio.com.br\/site\/wp-content\/uploads\/2015\/09\/jonas06-300x239.jpg 300w\" sizes=\"auto, (max-width: 600px) 100vw, 600px\" \/><\/a>O Cantor Sertanejo Gospel Jonas Vilar abre oficialmente nesta quarta-feira a 60\u00aa Exposi\u00e7\u00e3o Agropecu\u00e1ria, Industrial e comercial de Muria\u00e9. Jonas Vilar, al\u00e9m de cantor de m\u00fasica evang\u00e9lica nacional, se destacou como o \u201cpioneiro do sertanejo universit\u00e1rio gospel\u201d, al\u00e9m de ser pastor volunt\u00e1rio na Igreja Assembleia de Deus, em S\u00e3o Paulo. O paraibano, tem apresenta\u00e7\u00e3o marcada para \u00e1s 21h. Colabora\u00e7\u00e3o: tribunademuriae.com.br<\/span><\/p>\n","protected":false},"excerpt":{"rendered":"<p>O Cantor Sertanejo Gospel Jonas Vilar abre oficialmente nesta quarta-feira a 60\u00aa Exposi\u00e7\u00e3o Agropecu\u00e1ria, Industrial e comercial de Muria\u00e9. Jonas Vilar, al\u00e9m de cantor de m\u00fasica evang\u00e9lica nacional, se destacou como o \u201cpioneiro do sertanejo universit\u00e1rio gospel\u201d, al\u00e9m de ser pastor volunt\u00e1rio na Igreja Assembleia de Deus, em S\u00e3o Paulo. O paraibano, tem apresenta\u00e7\u00e3o marcada [&hellip;]<\/p>\n","protected":false},"author":2,"featured_media":0,"comment_status":"open","ping_status":"open","sticky":false,"template":"","format":"standard","meta":{"footnotes":""},"categories":[1],"tags":[],"class_list":["post-11704","post","type-post","status-publish","format-standard","hentry","category-sem-categoria"],"_links":{"self":[{"href":"http:\/\/paulorobertodaradio.com.br\/site\/index.php?rest_route=\/wp\/v2\/posts\/11704","targetHints":{"allow":["GET"]}}],"collection":[{"href":"http:\/\/paulorobertodaradio.com.br\/site\/index.php?rest_route=\/wp\/v2\/posts"}],"about":[{"href":"http:\/\/paulorobertodaradio.com.br\/site\/index.php?rest_route=\/wp\/v2\/types\/post"}],"author":[{"embeddable":true,"href":"http:\/\/paulorobertodaradio.com.br\/site\/index.php?rest_route=\/wp\/v2\/users\/2"}],"replies":[{"embeddable":true,"href":"http:\/\/paulorobertodaradio.com.br\/site\/index.php?rest_route=%2Fwp%2Fv2%2Fcomments&post=11704"}],"version-history":[{"count":2,"href":"http:\/\/paulorobertodaradio.com.br\/site\/index.php?rest_route=\/wp\/v2\/posts\/11704\/revisions"}],"predecessor-version":[{"id":11707,"href":"http:\/\/paulorobertodaradio.com.br\/site\/index.php?rest_route=\/wp\/v2\/posts\/11704\/revisions\/11707"}],"wp:attachment":[{"href":"http:\/\/paulorobertodaradio.com.br\/site\/index.php?rest_route=%2Fwp%2Fv2%2Fmedia&parent=11704"}],"wp:term":[{"taxonomy":"category","embeddable":true,"href":"http:\/\/paulorobertodaradio.com.br\/site\/index.php?rest_route=%2Fwp%2Fv2%2Fcategories&post=11704"},{"taxonomy":"post_tag","embeddable":true,"href":"http:\/\/paulorobertodaradio.com.br\/site\/index.php?rest_route=%2Fwp%2Fv2%2Ftags&post=11704"}],"curies":[{"name":"wp","href":"https:\/\/api.w.org\/{rel}","templated":true}]}}