{"id":11708,"date":"2015-09-02T12:36:08","date_gmt":"2015-09-02T15:36:08","guid":{"rendered":"http:\/\/paulorobertodaradio.com.br\/site\/?p=11708"},"modified":"2015-09-02T12:36:08","modified_gmt":"2015-09-02T15:36:08","slug":"em-matipo-olha-o-golpe-ai-gente","status":"publish","type":"post","link":"http:\/\/paulorobertodaradio.com.br\/site\/?p=11708","title":{"rendered":"EM MATIP\u00d3: OLHA O GOLPE A\u00cd GENTE!!!!!!!!!"},"content":{"rendered":"<p><a href=\"http:\/\/paulorobertodaradio.com.br\/site\/wp-content\/uploads\/2015\/08\/FAROL1.jpg\"><img loading=\"lazy\" decoding=\"async\" class=\"aligncenter size-full wp-image-11502\" alt=\"FAROL\" src=\"http:\/\/paulorobertodaradio.com.br\/site\/wp-content\/uploads\/2015\/08\/FAROL1.jpg\" width=\"400\" height=\"300\" srcset=\"http:\/\/paulorobertodaradio.com.br\/site\/wp-content\/uploads\/2015\/08\/FAROL1.jpg 400w, http:\/\/paulorobertodaradio.com.br\/site\/wp-content\/uploads\/2015\/08\/FAROL1-300x225.jpg 300w\" sizes=\"auto, (max-width: 400px) 100vw, 400px\" \/><\/a>O ve\u00edculo Fiat Palio Fire Economic, cor prata, placa OCV-6295 Matip\u00f3\/MG, foi furtado na tarde desta sexta-feira, 28\/08, no Centro de Matip\u00f3.<br \/>\nA v\u00edtima contou que havia colocado uma placa de vende-se em seu Fiat P\u00e1lio. Na tarde desta sexta, foi abordada na rua por um indiv\u00edduo moreno claro, magro, franzino. Ele pediu para dar uma volta no ve\u00edculo e estaria interessado em compr\u00e1-lo.<br \/>\nDurante o teste, estando na dire\u00e7\u00e3o do autom\u00f3vel, o autor fez men\u00e7\u00e3o de estar armado e amea\u00e7ou o propriet\u00e1rio. Em seguida, ele empurrou o dono para fora do ve\u00edculo e fugiu com o P\u00e1lio.<br \/>\nFoi acionado o cerco e bloqueio, mas o carro n\u00e3o foi localizado ainda.<br \/>\nCom informa\u00e7\u00f5es do portal capara\u00f3.<\/p>\n","protected":false},"excerpt":{"rendered":"<p>O ve\u00edculo Fiat Palio Fire Economic, cor prata, placa OCV-6295 Matip\u00f3\/MG, foi furtado na tarde desta sexta-feira, 28\/08, no Centro de Matip\u00f3. A v\u00edtima contou que havia colocado uma placa de vende-se em seu Fiat P\u00e1lio. Na tarde desta sexta, foi abordada na rua por um indiv\u00edduo moreno claro, magro, franzino. Ele pediu para dar [&hellip;]<\/p>\n","protected":false},"author":2,"featured_media":0,"comment_status":"open","ping_status":"open","sticky":false,"template":"","format":"standard","meta":{"footnotes":""},"categories":[1],"tags":[],"class_list":["post-11708","post","type-post","status-publish","format-standard","hentry","category-sem-categoria"],"_links":{"self":[{"href":"http:\/\/paulorobertodaradio.com.br\/site\/index.php?rest_route=\/wp\/v2\/posts\/11708","targetHints":{"allow":["GET"]}}],"collection":[{"href":"http:\/\/paulorobertodaradio.com.br\/site\/index.php?rest_route=\/wp\/v2\/posts"}],"about":[{"href":"http:\/\/paulorobertodaradio.com.br\/site\/index.php?rest_route=\/wp\/v2\/types\/post"}],"author":[{"embeddable":true,"href":"http:\/\/paulorobertodaradio.com.br\/site\/index.php?rest_route=\/wp\/v2\/users\/2"}],"replies":[{"embeddable":true,"href":"http:\/\/paulorobertodaradio.com.br\/site\/index.php?rest_route=%2Fwp%2Fv2%2Fcomments&post=11708"}],"version-history":[{"count":1,"href":"http:\/\/paulorobertodaradio.com.br\/site\/index.php?rest_route=\/wp\/v2\/posts\/11708\/revisions"}],"predecessor-version":[{"id":11709,"href":"http:\/\/paulorobertodaradio.com.br\/site\/index.php?rest_route=\/wp\/v2\/posts\/11708\/revisions\/11709"}],"wp:attachment":[{"href":"http:\/\/paulorobertodaradio.com.br\/site\/index.php?rest_route=%2Fwp%2Fv2%2Fmedia&parent=11708"}],"wp:term":[{"taxonomy":"category","embeddable":true,"href":"http:\/\/paulorobertodaradio.com.br\/site\/index.php?rest_route=%2Fwp%2Fv2%2Fcategories&post=11708"},{"taxonomy":"post_tag","embeddable":true,"href":"http:\/\/paulorobertodaradio.com.br\/site\/index.php?rest_route=%2Fwp%2Fv2%2Ftags&post=11708"}],"curies":[{"name":"wp","href":"https:\/\/api.w.org\/{rel}","templated":true}]}}