{"id":11710,"date":"2015-09-02T12:43:20","date_gmt":"2015-09-02T15:43:20","guid":{"rendered":"http:\/\/paulorobertodaradio.com.br\/site\/?p=11710"},"modified":"2015-09-02T12:43:49","modified_gmt":"2015-09-02T15:43:49","slug":"no-brasil-uso-de-farois-baixos-durante-o-dia-podera-ser-obrigatorio","status":"publish","type":"post","link":"http:\/\/paulorobertodaradio.com.br\/site\/?p=11710","title":{"rendered":"NO BRASIL: USO DE FAR\u00d3IS BAIXOS DURANTE O DIA PODER\u00c1 SER OBRIGAT\u00d3RIO"},"content":{"rendered":"<p><em style=\"line-height: 1.714285714; font-size: 1rem;\"><span style=\"color: #ff0000;\">Projeto de lei aprovado na C\u00e2mara prev\u00ea perda de quatro pontos na CNH e multa de R$ 85.<a href=\"http:\/\/paulorobertodaradio.com.br\/site\/wp-content\/uploads\/2015\/09\/Abre-far\u00f3is.jpg\"><img loading=\"lazy\" decoding=\"async\" class=\"aligncenter size-full wp-image-11711\" alt=\"Abre far\u00f3is\" src=\"http:\/\/paulorobertodaradio.com.br\/site\/wp-content\/uploads\/2015\/09\/Abre-far\u00f3is.jpg\" width=\"700\" height=\"430\" srcset=\"http:\/\/paulorobertodaradio.com.br\/site\/wp-content\/uploads\/2015\/09\/Abre-far\u00f3is.jpg 700w, http:\/\/paulorobertodaradio.com.br\/site\/wp-content\/uploads\/2015\/09\/Abre-far\u00f3is-300x184.jpg 300w, http:\/\/paulorobertodaradio.com.br\/site\/wp-content\/uploads\/2015\/09\/Abre-far\u00f3is-624x383.jpg 624w\" sizes=\"auto, (max-width: 700px) 100vw, 700px\" \/><\/a><\/span><\/em><\/p>\n<p>O uso dos far\u00f3is baixos nos ve\u00edculos durante o dia passar\u00e1, em breve, a ser obrigat\u00f3rio no Brasil. Foi aprovado nesta segunda-feira (31), na Comiss\u00e3o de Constitui\u00e7\u00e3o e Justi\u00e7a e de Cidadania da C\u00e2mara, o projeto de lei 5070\/13, de autoria do deputado Rubens Bueno (PPS-PR).<\/p>\n<p>O texto prop\u00f5e que o n\u00e3o uso dos far\u00f3is baixos nos ve\u00edculos durante o dia em rodovias ser\u00e1 considerado infra\u00e7\u00e3o m\u00e9dia, com perda de quatro pontos na Carteira Nacional de Habilita\u00e7\u00e3o (CNH) e multa de R$ 85. Hoje, \u00e9 obrigt\u00f3rio apenas em t\u00faneis.<\/p>\n<p>O acendimento dos far\u00f3is baixos \u00e0 luz do dia j\u00e1 \u00e9 exigido h\u00e1 alguns anos em diversos pa\u00edses europeus por quest\u00f5es de seguran\u00e7a \u2014 aumenta a visibilidade. Da lei surgiram, inclusive, as DRLs (ou Luzes Diurnas de LEDs), que alguns carros mais modernos j\u00e1 trazem de f\u00e1brica. Esta \u00e9 acionada assim que o motorista aciona o contato, permanecendo acessa em tempo integral \u2014 s\u00f3 desliga com o acendimento dos far\u00f3is principais.<\/p>\n<p>Apesar de ainda n\u00e3o ser lei, o uso dos far\u00f3is baixos durante o dia j\u00e1 \u00e9 recomendado pelo Contran (Conselho Nacional de Tr\u00e2nsito). O pr\u00f3prio \u00f3rg\u00e3o, no entanto, reconhece que a sugest\u00e3o \u00e9 pouco acatada. Aprovado em todas as comiss\u00f5es da C\u00e2mara, o projeto do deputado Rubens Bueno segue agora para o Senado. Sendo novamente aprovado, restar\u00e1 a san\u00e7\u00e3o presidencial e posterior publica\u00e7\u00e3o no Di\u00e1rio Oficial. Com informa\u00e7\u00f5es do\u00a0R7<\/p>\n","protected":false},"excerpt":{"rendered":"<p>Projeto de lei aprovado na C\u00e2mara prev\u00ea perda de quatro pontos na CNH e multa de R$ 85. O uso dos far\u00f3is baixos nos ve\u00edculos durante o dia passar\u00e1, em breve, a ser obrigat\u00f3rio no Brasil. Foi aprovado nesta segunda-feira (31), na Comiss\u00e3o de Constitui\u00e7\u00e3o e Justi\u00e7a e de Cidadania da C\u00e2mara, o projeto de [&hellip;]<\/p>\n","protected":false},"author":2,"featured_media":0,"comment_status":"open","ping_status":"open","sticky":false,"template":"","format":"standard","meta":{"footnotes":""},"categories":[1],"tags":[],"class_list":["post-11710","post","type-post","status-publish","format-standard","hentry","category-sem-categoria"],"_links":{"self":[{"href":"http:\/\/paulorobertodaradio.com.br\/site\/index.php?rest_route=\/wp\/v2\/posts\/11710","targetHints":{"allow":["GET"]}}],"collection":[{"href":"http:\/\/paulorobertodaradio.com.br\/site\/index.php?rest_route=\/wp\/v2\/posts"}],"about":[{"href":"http:\/\/paulorobertodaradio.com.br\/site\/index.php?rest_route=\/wp\/v2\/types\/post"}],"author":[{"embeddable":true,"href":"http:\/\/paulorobertodaradio.com.br\/site\/index.php?rest_route=\/wp\/v2\/users\/2"}],"replies":[{"embeddable":true,"href":"http:\/\/paulorobertodaradio.com.br\/site\/index.php?rest_route=%2Fwp%2Fv2%2Fcomments&post=11710"}],"version-history":[{"count":2,"href":"http:\/\/paulorobertodaradio.com.br\/site\/index.php?rest_route=\/wp\/v2\/posts\/11710\/revisions"}],"predecessor-version":[{"id":11713,"href":"http:\/\/paulorobertodaradio.com.br\/site\/index.php?rest_route=\/wp\/v2\/posts\/11710\/revisions\/11713"}],"wp:attachment":[{"href":"http:\/\/paulorobertodaradio.com.br\/site\/index.php?rest_route=%2Fwp%2Fv2%2Fmedia&parent=11710"}],"wp:term":[{"taxonomy":"category","embeddable":true,"href":"http:\/\/paulorobertodaradio.com.br\/site\/index.php?rest_route=%2Fwp%2Fv2%2Fcategories&post=11710"},{"taxonomy":"post_tag","embeddable":true,"href":"http:\/\/paulorobertodaradio.com.br\/site\/index.php?rest_route=%2Fwp%2Fv2%2Ftags&post=11710"}],"curies":[{"name":"wp","href":"https:\/\/api.w.org\/{rel}","templated":true}]}}