{"id":11716,"date":"2015-09-02T23:18:34","date_gmt":"2015-09-03T02:18:34","guid":{"rendered":"http:\/\/paulorobertodaradio.com.br\/site\/?p=11716"},"modified":"2015-09-02T23:26:56","modified_gmt":"2015-09-03T02:26:56","slug":"cantora-muriaeense-rayla-araujo-se-prepara-para-nova-fase-na-carreira","status":"publish","type":"post","link":"http:\/\/paulorobertodaradio.com.br\/site\/?p=11716","title":{"rendered":"CANTORA MURIAEENSE, RAYLA ARA\u00daJO, SE PREPARA PARA NOVA FASE NA CARREIRA"},"content":{"rendered":"<p><span style=\"line-height: 1.71429; font-size: 1rem;\"><a href=\"http:\/\/paulorobertodaradio.com.br\/site\/wp-content\/uploads\/2015\/09\/sel-2-de-3.jpg\"><img loading=\"lazy\" decoding=\"async\" class=\"aligncenter size-full wp-image-11717\" alt=\"sel (2 de 3)\" src=\"http:\/\/paulorobertodaradio.com.br\/site\/wp-content\/uploads\/2015\/09\/sel-2-de-3.jpg\" width=\"1920\" height=\"1280\" srcset=\"http:\/\/paulorobertodaradio.com.br\/site\/wp-content\/uploads\/2015\/09\/sel-2-de-3.jpg 1920w, http:\/\/paulorobertodaradio.com.br\/site\/wp-content\/uploads\/2015\/09\/sel-2-de-3-300x200.jpg 300w, http:\/\/paulorobertodaradio.com.br\/site\/wp-content\/uploads\/2015\/09\/sel-2-de-3-1024x682.jpg 1024w, http:\/\/paulorobertodaradio.com.br\/site\/wp-content\/uploads\/2015\/09\/sel-2-de-3-624x416.jpg 624w\" sizes=\"auto, (max-width: 1920px) 100vw, 1920px\" \/><\/a>A artista foi at\u00e9 o Rio de Janeiro buscar aperfei\u00e7oamento e contou um pouco mais sobre as principais mudan\u00e7as que ser\u00e3o vistas pelo p\u00fablico<\/span><\/p>\n<p>O que no in\u00edcio era como um sonho, aos poucos se torna realidade. A cantora Rayla Ara\u00fajo, de 19 anos, come\u00e7ou cedo por influ\u00eancia do pai. Por voca\u00e7\u00e3o e talento, logo se tornou autodidata em diversos instrumentos e suas primeiras composi\u00e7\u00f5es vieram a p\u00fablico. Agora, a cantora busca a maturidade e o profissionalismo necess\u00e1rio para alcan\u00e7ar seus objetivos na carreira art\u00edstica. Em parceria com a SL Produtora, do Rio de Janeiro, a sertaneja tra\u00e7a uma serie de objetivos para sua trajet\u00f3ria e acredita que o sucesso ser\u00e1 fruto de seu trabalho e dedica\u00e7\u00e3o.<\/p>\n<p>Para esta nova fase a palavra de ordem \u00e9 mudan\u00e7a, mas sem perder a ess\u00eancia sertaneja da muriaeense, que ganhou notoriedade em sua regi\u00e3o por suas letras rom\u00e2nticas e melodias contagiantes. Ela garante que suas composi\u00e7\u00f5es nunca perder\u00e3o o ar interiorano e a identifica\u00e7\u00e3o com o p\u00fablico desta localidade. As principais modifica\u00e7\u00f5es na artista ser\u00e3o vistas em seu visual, plataformas digitais e m\u00fasicas. De acordo com a cantora, tudo ocorrer\u00e1 visando alcan\u00e7ar profissionalismo e novos patamares na carreira.<\/p>\n<p>Entre as mudan\u00e7as mais not\u00e1veis est\u00e1 a altera\u00e7\u00e3o do seu nome art\u00edstico, que passa de Rayla Kelly para Rayla Ara\u00fajo. A produtora Samira Lima, respons\u00e1vel pela produ\u00e7\u00e3o executiva, explica: \u201cEsta modifica\u00e7\u00e3o tem como objetivo proporcionar um nome mais comercial \u00e0 cantora, que ser\u00e1 facilmente lembrado pelo p\u00fablico\u201d. A muriaeense tamb\u00e9m se prepara para o lan\u00e7amento de videoclipe e est\u00e1 em est\u00fadio para a grava\u00e7\u00e3o de um novo single: \u201cQueremos atingir um sucesso maior do que foi a \u2018A carta\u2019\u201d, sinalizou a jovem, fazendo refer\u00eancia a sua bem sucedida m\u00fasica.<\/p>\n<p>Em seu processo, Rayla diz que ir\u00e1 sentir falta da vida no interior, mas se encanta com a estrada e a possibilidade de fazer shows nos lugares em que seus \u00eddolos costumam passar, como o sudeste, sul e centro oeste do pa\u00eds. De acordo com a jovem, seu maior objetivo \u00e9 tocar na Festa do Pe\u00e3o de Barretos, e garante que ir\u00e1 realizar este sonho \u00e0 custa do seu bom trabalho: \u201cAcredito muito mais no esfor\u00e7o e empenho, do que a na sorte\u201d, explica a cantora.<\/p>\n<p>Al\u00e9m disso, o bom humor se destaca na jovem, que encara a nova fase como um aprendizado n\u00e3o s\u00f3 para a carreira, mas como para a sua vida. Ela enxerga todas essas mudan\u00e7as como uma oportunidade de amadurecimento pessoal: \u201cTodo esse preparo para minha vida profissional est\u00e1 se refletindo no meu lado particular. Hoje, me sinto pronta para lidar com diversas situa\u00e7\u00f5es do meu cotidiano\u201d, afirma a cantora. Dessa forma, Rayla conquista o p\u00fablico por suas can\u00e7\u00f5es e, tamb\u00e9m, por seu carisma e do\u00e7ura.<\/p>\n<p><em><span style=\"color: #33cccc;\">Texto: Gabriela Piras\u00a0<\/span><\/em><\/p>\n<p><em id=\"__mceDel\"><a href=\"http:\/\/paulorobertodaradio.com.br\/site\/wp-content\/uploads\/2015\/09\/sel-3-de-3.jpg\"><img loading=\"lazy\" decoding=\"async\" class=\"aligncenter size-full wp-image-11718\" alt=\"sel (3 de 3)\" src=\"http:\/\/paulorobertodaradio.com.br\/site\/wp-content\/uploads\/2015\/09\/sel-3-de-3.jpg\" width=\"1280\" height=\"1920\" srcset=\"http:\/\/paulorobertodaradio.com.br\/site\/wp-content\/uploads\/2015\/09\/sel-3-de-3.jpg 1280w, http:\/\/paulorobertodaradio.com.br\/site\/wp-content\/uploads\/2015\/09\/sel-3-de-3-200x300.jpg 200w, http:\/\/paulorobertodaradio.com.br\/site\/wp-content\/uploads\/2015\/09\/sel-3-de-3-682x1024.jpg 682w, http:\/\/paulorobertodaradio.com.br\/site\/wp-content\/uploads\/2015\/09\/sel-3-de-3-624x936.jpg 624w\" sizes=\"auto, (max-width: 1280px) 100vw, 1280px\" \/><\/a><\/em><\/p>\n<p><em><span style=\"color: #ff0000;\">Release Rayla Araujo<\/span><\/em><\/p>\n<p>A cantora sertaneja Rayla Ara\u00fajo j\u00e1 nasceu com uma forte voca\u00e7\u00e3o art\u00edstica: influenciada pela musicalidade de seu pai, aos seis anos de idade se tornou autodidata em diversos instrumentos e elegeu o viol\u00e3o como seu parceiro ideal. Hoje, a mineira, nascida em Muria\u00e9, traz aos palcos letras rom\u00e2nticas e fortes aliadas a uma melodia contagiante, que tem conquistado diversos f\u00e3s por onde passa.<\/p>\n<p>Para compor este trabalho, a cantora busca inspira\u00e7\u00e3o na vida interiorana e cria uma identifica\u00e7\u00e3o imediata com o p\u00fablico. Al\u00e9m disso, Rayla tem influ\u00eancias que v\u00e3o desde o sertanejo raiz ao universit\u00e1rio, passando por ritmos como o arrocha. Dessa forma, oferece aos ouvintes um som \u00fanico e repleto das melhores refer\u00eancias do g\u00eanero, sem perder a sua caracter\u00edstica pop.<\/p>\n<p>No momento, a cantora est\u00e1 compondo novos sucessos, e prepara um show dan\u00e7ante em que promete sacudir o p\u00fablico sertanejo. A mineira, de 19 anos, trabalha no cen\u00e1rio musical muriaeense desde crian\u00e7a e j\u00e1 ganhou notoriedade na regi\u00e3o. Dentre os maiores sucessos de Rayla, a m\u00fasica \u201cA Carta\u201d obteve destaque e grande repercuss\u00e3o nas r\u00e1dios do interior de Minas Gerais.<\/p>\n","protected":false},"excerpt":{"rendered":"<p>A artista foi at\u00e9 o Rio de Janeiro buscar aperfei\u00e7oamento e contou um pouco mais sobre as principais mudan\u00e7as que ser\u00e3o vistas pelo p\u00fablico O que no in\u00edcio era como um sonho, aos poucos se torna realidade. A cantora Rayla Ara\u00fajo, de 19 anos, come\u00e7ou cedo por influ\u00eancia do pai. Por voca\u00e7\u00e3o e talento, logo [&hellip;]<\/p>\n","protected":false},"author":2,"featured_media":0,"comment_status":"open","ping_status":"open","sticky":false,"template":"","format":"standard","meta":{"footnotes":""},"categories":[1],"tags":[],"class_list":["post-11716","post","type-post","status-publish","format-standard","hentry","category-sem-categoria"],"_links":{"self":[{"href":"http:\/\/paulorobertodaradio.com.br\/site\/index.php?rest_route=\/wp\/v2\/posts\/11716","targetHints":{"allow":["GET"]}}],"collection":[{"href":"http:\/\/paulorobertodaradio.com.br\/site\/index.php?rest_route=\/wp\/v2\/posts"}],"about":[{"href":"http:\/\/paulorobertodaradio.com.br\/site\/index.php?rest_route=\/wp\/v2\/types\/post"}],"author":[{"embeddable":true,"href":"http:\/\/paulorobertodaradio.com.br\/site\/index.php?rest_route=\/wp\/v2\/users\/2"}],"replies":[{"embeddable":true,"href":"http:\/\/paulorobertodaradio.com.br\/site\/index.php?rest_route=%2Fwp%2Fv2%2Fcomments&post=11716"}],"version-history":[{"count":3,"href":"http:\/\/paulorobertodaradio.com.br\/site\/index.php?rest_route=\/wp\/v2\/posts\/11716\/revisions"}],"predecessor-version":[{"id":11720,"href":"http:\/\/paulorobertodaradio.com.br\/site\/index.php?rest_route=\/wp\/v2\/posts\/11716\/revisions\/11720"}],"wp:attachment":[{"href":"http:\/\/paulorobertodaradio.com.br\/site\/index.php?rest_route=%2Fwp%2Fv2%2Fmedia&parent=11716"}],"wp:term":[{"taxonomy":"category","embeddable":true,"href":"http:\/\/paulorobertodaradio.com.br\/site\/index.php?rest_route=%2Fwp%2Fv2%2Fcategories&post=11716"},{"taxonomy":"post_tag","embeddable":true,"href":"http:\/\/paulorobertodaradio.com.br\/site\/index.php?rest_route=%2Fwp%2Fv2%2Ftags&post=11716"}],"curies":[{"name":"wp","href":"https:\/\/api.w.org\/{rel}","templated":true}]}}