{"id":11736,"date":"2015-09-04T10:46:35","date_gmt":"2015-09-04T13:46:35","guid":{"rendered":"http:\/\/paulorobertodaradio.com.br\/site\/?p=11736"},"modified":"2015-09-04T10:47:43","modified_gmt":"2015-09-04T13:47:43","slug":"policia-mais-de-200-policiais-fazem-varredura-em-municipios-da-regiao-de-carangola","status":"publish","type":"post","link":"http:\/\/paulorobertodaradio.com.br\/site\/?p=11736","title":{"rendered":"POL\u00cdCIA: MAIS DE 200 POLICIAIS FAZEM VARREDURA EM MUNIC\u00cdPIOS DA REGI\u00c3O DE CARANGOLA."},"content":{"rendered":"<p><em><span style=\"line-height: 1.714285714; font-size: 1rem; color: #ff0000;\">Helic\u00f3ptero d\u00e1 apoio \u00e0 mega opera\u00e7\u00e3o<a href=\"http:\/\/paulorobertodaradio.com.br\/site\/wp-content\/uploads\/2015\/09\/policia-carang04.jpg\"><img loading=\"lazy\" decoding=\"async\" class=\"size-full wp-image-11737 alignleft\" alt=\"policia carang04\" src=\"http:\/\/paulorobertodaradio.com.br\/site\/wp-content\/uploads\/2015\/09\/policia-carang04.jpg\" width=\"497\" height=\"280\" srcset=\"http:\/\/paulorobertodaradio.com.br\/site\/wp-content\/uploads\/2015\/09\/policia-carang04.jpg 497w, http:\/\/paulorobertodaradio.com.br\/site\/wp-content\/uploads\/2015\/09\/policia-carang04-300x169.jpg 300w\" sizes=\"auto, (max-width: 497px) 100vw, 497px\" \/><\/a><br \/>\n<\/span><\/em><\/p>\n<p>Cerca de 200 policiais civis e militares de Muria\u00e9 e toda a regi\u00e3o fazem nesta quinta-feira uma varredura nas cidades de Divino, Carangola, Fervedouro e S\u00e3o Francisco do Gl\u00f3ria e a inten\u00e7\u00e3o \u00e9 cumprir mais de 30 Mandados de Pris\u00e3o e Busca e Apreens\u00e3o. Segundo informa\u00e7\u00f5es do Jornal O Campe\u00e3o de Divino, nosso parceiro, somente nesta localidade h\u00e1 60 policiais, e que at\u00e9 o momento foram apreendidas armas calibre 12, fuzil e muni\u00e7\u00f5es e ainda duas pessoas presas.<\/p>\n<p>A frente das investiga\u00e7\u00f5es, a Delegada de Divino Dr\u00aa Daniele Ribeiro informou que o motivo da a\u00e7\u00e3o \u00e9 atinente ao trabalho e levantamentos que sua equipe vem fazendo nos \u00faltimos meses. V\u00e1rias pessoas na cidade e zona rural est\u00e3o sendo detidas por envolvimento com armas, roubo drogas, entre outros crimes.<\/p>\n<p>BALAN\u00c7O GERAL: 17 presos e um menor apreendido; 01 Fuzil Cal. 7 mm; 06 escopetas calibre 12; 01 pistola; 06 rev\u00f3lveres; vasta quantidade de muni\u00e7\u00f5es; 10 autom\u00f3veis roubados e recuperados, 01 caminh\u00e3o apreendido.<a href=\"http:\/\/paulorobertodaradio.com.br\/site\/wp-content\/uploads\/2015\/09\/policia-carang01.jpg\"><img loading=\"lazy\" decoding=\"async\" class=\"size-full wp-image-11738 alignleft\" alt=\"policia carang01\" src=\"http:\/\/paulorobertodaradio.com.br\/site\/wp-content\/uploads\/2015\/09\/policia-carang01.jpg\" width=\"222\" height=\"332\" srcset=\"http:\/\/paulorobertodaradio.com.br\/site\/wp-content\/uploads\/2015\/09\/policia-carang01.jpg 222w, http:\/\/paulorobertodaradio.com.br\/site\/wp-content\/uploads\/2015\/09\/policia-carang01-200x300.jpg 200w\" sizes=\"auto, (max-width: 222px) 100vw, 222px\" \/><\/a> <a href=\"http:\/\/paulorobertodaradio.com.br\/site\/wp-content\/uploads\/2015\/09\/policia-carang02.jpg\"><img loading=\"lazy\" decoding=\"async\" class=\"size-full wp-image-11739 alignleft\" alt=\"policia carang02\" src=\"http:\/\/paulorobertodaradio.com.br\/site\/wp-content\/uploads\/2015\/09\/policia-carang02.jpg\" width=\"319\" height=\"413\" srcset=\"http:\/\/paulorobertodaradio.com.br\/site\/wp-content\/uploads\/2015\/09\/policia-carang02.jpg 319w, http:\/\/paulorobertodaradio.com.br\/site\/wp-content\/uploads\/2015\/09\/policia-carang02-231x300.jpg 231w\" sizes=\"auto, (max-width: 319px) 100vw, 319px\" \/><\/a> <a href=\"http:\/\/paulorobertodaradio.com.br\/site\/wp-content\/uploads\/2015\/09\/policia-carang03.jpg\"><img loading=\"lazy\" decoding=\"async\" class=\"aligncenter size-full wp-image-11740\" alt=\"policia carang03\" src=\"http:\/\/paulorobertodaradio.com.br\/site\/wp-content\/uploads\/2015\/09\/policia-carang03.jpg\" width=\"540\" height=\"560\" srcset=\"http:\/\/paulorobertodaradio.com.br\/site\/wp-content\/uploads\/2015\/09\/policia-carang03.jpg 540w, http:\/\/paulorobertodaradio.com.br\/site\/wp-content\/uploads\/2015\/09\/policia-carang03-289x300.jpg 289w\" sizes=\"auto, (max-width: 540px) 100vw, 540px\" \/><\/a> <a href=\"http:\/\/paulorobertodaradio.com.br\/site\/wp-content\/uploads\/2015\/09\/policia-carang05.jpeg\"><img loading=\"lazy\" decoding=\"async\" class=\"aligncenter size-full wp-image-11741\" alt=\"policia carang05\" src=\"http:\/\/paulorobertodaradio.com.br\/site\/wp-content\/uploads\/2015\/09\/policia-carang05.jpeg\" width=\"640\" height=\"480\" srcset=\"http:\/\/paulorobertodaradio.com.br\/site\/wp-content\/uploads\/2015\/09\/policia-carang05.jpeg 640w, http:\/\/paulorobertodaradio.com.br\/site\/wp-content\/uploads\/2015\/09\/policia-carang05-300x225.jpeg 300w, http:\/\/paulorobertodaradio.com.br\/site\/wp-content\/uploads\/2015\/09\/policia-carang05-624x468.jpeg 624w\" sizes=\"auto, (max-width: 640px) 100vw, 640px\" \/><\/a> <a href=\"http:\/\/paulorobertodaradio.com.br\/site\/wp-content\/uploads\/2015\/09\/policia-carang06.jpg\"><img loading=\"lazy\" decoding=\"async\" class=\"aligncenter size-full wp-image-11742\" alt=\"policia carang06\" src=\"http:\/\/paulorobertodaradio.com.br\/site\/wp-content\/uploads\/2015\/09\/policia-carang06.jpg\" width=\"640\" height=\"360\" srcset=\"http:\/\/paulorobertodaradio.com.br\/site\/wp-content\/uploads\/2015\/09\/policia-carang06.jpg 640w, http:\/\/paulorobertodaradio.com.br\/site\/wp-content\/uploads\/2015\/09\/policia-carang06-300x168.jpg 300w, http:\/\/paulorobertodaradio.com.br\/site\/wp-content\/uploads\/2015\/09\/policia-carang06-624x351.jpg 624w\" sizes=\"auto, (max-width: 640px) 100vw, 640px\" \/><\/a> <a href=\"http:\/\/paulorobertodaradio.com.br\/site\/wp-content\/uploads\/2015\/09\/policia-carang07.jpg\"><img loading=\"lazy\" decoding=\"async\" class=\"aligncenter size-full wp-image-11743\" alt=\"policia carang07\" src=\"http:\/\/paulorobertodaradio.com.br\/site\/wp-content\/uploads\/2015\/09\/policia-carang07.jpg\" width=\"640\" height=\"426\" srcset=\"http:\/\/paulorobertodaradio.com.br\/site\/wp-content\/uploads\/2015\/09\/policia-carang07.jpg 640w, http:\/\/paulorobertodaradio.com.br\/site\/wp-content\/uploads\/2015\/09\/policia-carang07-300x199.jpg 300w, http:\/\/paulorobertodaradio.com.br\/site\/wp-content\/uploads\/2015\/09\/policia-carang07-624x415.jpg 624w\" sizes=\"auto, (max-width: 640px) 100vw, 640px\" \/><\/a> <a href=\"http:\/\/paulorobertodaradio.com.br\/site\/wp-content\/uploads\/2015\/09\/policia-carang08.jpg\"><img loading=\"lazy\" decoding=\"async\" class=\"aligncenter size-full wp-image-11744\" alt=\"policia carang08\" src=\"http:\/\/paulorobertodaradio.com.br\/site\/wp-content\/uploads\/2015\/09\/policia-carang08.jpg\" width=\"640\" height=\"426\" srcset=\"http:\/\/paulorobertodaradio.com.br\/site\/wp-content\/uploads\/2015\/09\/policia-carang08.jpg 640w, http:\/\/paulorobertodaradio.com.br\/site\/wp-content\/uploads\/2015\/09\/policia-carang08-300x199.jpg 300w, http:\/\/paulorobertodaradio.com.br\/site\/wp-content\/uploads\/2015\/09\/policia-carang08-624x415.jpg 624w\" sizes=\"auto, (max-width: 640px) 100vw, 640px\" \/><\/a> <a href=\"http:\/\/paulorobertodaradio.com.br\/site\/wp-content\/uploads\/2015\/09\/policia-carang09.jpg\"><img loading=\"lazy\" decoding=\"async\" class=\"size-full wp-image-11745 alignleft\" alt=\"policia carang09\" src=\"http:\/\/paulorobertodaradio.com.br\/site\/wp-content\/uploads\/2015\/09\/policia-carang09.jpg\" width=\"320\" height=\"240\" srcset=\"http:\/\/paulorobertodaradio.com.br\/site\/wp-content\/uploads\/2015\/09\/policia-carang09.jpg 320w, http:\/\/paulorobertodaradio.com.br\/site\/wp-content\/uploads\/2015\/09\/policia-carang09-300x225.jpg 300w\" sizes=\"auto, (max-width: 320px) 100vw, 320px\" \/><\/a> Com informa\u00e7\u00f5es do tribunademuriae.com.br<a href=\"http:\/\/paulorobertodaradio.com.br\/site\/wp-content\/uploads\/2015\/09\/policia-carang10.jpg\"><img loading=\"lazy\" decoding=\"async\" class=\"aligncenter size-full wp-image-11746\" alt=\"policia carang10\" src=\"http:\/\/paulorobertodaradio.com.br\/site\/wp-content\/uploads\/2015\/09\/policia-carang10.jpg\" width=\"620\" height=\"348\" srcset=\"http:\/\/paulorobertodaradio.com.br\/site\/wp-content\/uploads\/2015\/09\/policia-carang10.jpg 620w, http:\/\/paulorobertodaradio.com.br\/site\/wp-content\/uploads\/2015\/09\/policia-carang10-300x168.jpg 300w\" sizes=\"auto, (max-width: 620px) 100vw, 620px\" \/><\/a><\/p>\n","protected":false},"excerpt":{"rendered":"<p>Helic\u00f3ptero d\u00e1 apoio \u00e0 mega opera\u00e7\u00e3o Cerca de 200 policiais civis e militares de Muria\u00e9 e toda a regi\u00e3o fazem nesta quinta-feira uma varredura nas cidades de Divino, Carangola, Fervedouro e S\u00e3o Francisco do Gl\u00f3ria e a inten\u00e7\u00e3o \u00e9 cumprir mais de 30 Mandados de Pris\u00e3o e Busca e Apreens\u00e3o. Segundo informa\u00e7\u00f5es do Jornal O [&hellip;]<\/p>\n","protected":false},"author":2,"featured_media":0,"comment_status":"open","ping_status":"open","sticky":false,"template":"","format":"standard","meta":{"footnotes":""},"categories":[1],"tags":[],"class_list":["post-11736","post","type-post","status-publish","format-standard","hentry","category-sem-categoria"],"_links":{"self":[{"href":"http:\/\/paulorobertodaradio.com.br\/site\/index.php?rest_route=\/wp\/v2\/posts\/11736","targetHints":{"allow":["GET"]}}],"collection":[{"href":"http:\/\/paulorobertodaradio.com.br\/site\/index.php?rest_route=\/wp\/v2\/posts"}],"about":[{"href":"http:\/\/paulorobertodaradio.com.br\/site\/index.php?rest_route=\/wp\/v2\/types\/post"}],"author":[{"embeddable":true,"href":"http:\/\/paulorobertodaradio.com.br\/site\/index.php?rest_route=\/wp\/v2\/users\/2"}],"replies":[{"embeddable":true,"href":"http:\/\/paulorobertodaradio.com.br\/site\/index.php?rest_route=%2Fwp%2Fv2%2Fcomments&post=11736"}],"version-history":[{"count":3,"href":"http:\/\/paulorobertodaradio.com.br\/site\/index.php?rest_route=\/wp\/v2\/posts\/11736\/revisions"}],"predecessor-version":[{"id":11748,"href":"http:\/\/paulorobertodaradio.com.br\/site\/index.php?rest_route=\/wp\/v2\/posts\/11736\/revisions\/11748"}],"wp:attachment":[{"href":"http:\/\/paulorobertodaradio.com.br\/site\/index.php?rest_route=%2Fwp%2Fv2%2Fmedia&parent=11736"}],"wp:term":[{"taxonomy":"category","embeddable":true,"href":"http:\/\/paulorobertodaradio.com.br\/site\/index.php?rest_route=%2Fwp%2Fv2%2Fcategories&post=11736"},{"taxonomy":"post_tag","embeddable":true,"href":"http:\/\/paulorobertodaradio.com.br\/site\/index.php?rest_route=%2Fwp%2Fv2%2Ftags&post=11736"}],"curies":[{"name":"wp","href":"https:\/\/api.w.org\/{rel}","templated":true}]}}