{"id":11750,"date":"2015-09-04T10:53:55","date_gmt":"2015-09-04T13:53:55","guid":{"rendered":"http:\/\/paulorobertodaradio.com.br\/site\/?p=11750"},"modified":"2015-09-04T10:54:26","modified_gmt":"2015-09-04T13:54:26","slug":"em-miradouro-delegado-de-policia-civil-anuncia-prisao-de-palhaco-acusado-de-pedofilia","status":"publish","type":"post","link":"http:\/\/paulorobertodaradio.com.br\/site\/?p=11750","title":{"rendered":"EM MIRADOURO: DELEGADO DE POLICIA CIVIL ANUNCIA PRIS\u00c3O DE PALHA\u00c7O ACUSADO DE PEDOFILIA."},"content":{"rendered":"<p><span style=\"line-height: 1.714285714; font-size: 1rem;\"><a href=\"http:\/\/paulorobertodaradio.com.br\/site\/wp-content\/uploads\/2015\/09\/acusado_620x450.jpg\"><img loading=\"lazy\" decoding=\"async\" class=\"aligncenter size-full wp-image-11751\" alt=\"acusado_620x450\" src=\"http:\/\/paulorobertodaradio.com.br\/site\/wp-content\/uploads\/2015\/09\/acusado_620x450.jpg\" width=\"620\" height=\"450\" srcset=\"http:\/\/paulorobertodaradio.com.br\/site\/wp-content\/uploads\/2015\/09\/acusado_620x450.jpg 620w, http:\/\/paulorobertodaradio.com.br\/site\/wp-content\/uploads\/2015\/09\/acusado_620x450-300x217.jpg 300w\" sizes=\"auto, (max-width: 620px) 100vw, 620px\" \/><\/a>\u00a0Agentes da 34\u00aa Delegacia de Pol\u00edcia de Miradouro prenderam no in\u00edcio da noite de quarta-feira, um homem que tinha a profiss\u00e3o de palha\u00e7o e animador de festa, que teria sido condenado h\u00e1 oito anos de pris\u00e3o pela pr\u00e1tica do crime de Estupro de Vulner\u00e1vel. O condenado foi localizado em Muria\u00e9 e n\u00e3o apresentou resist\u00eancia a pris\u00e3o.<\/span><\/p>\n<p>\u201cFoi condenado h\u00e1 8 anos de reclus\u00e3o por abusar sexualmente de uma crian\u00e7a de apenas seis anos de idade, na data do fato. Ele frequentava festas infantis se utilizando do subterf\u00fagio de ser \u201cm\u00e1gico\u201d, \u201canimador\u201d e \u201cpalha\u00e7o\u201d, para se aproximar das crian\u00e7as. As investiga\u00e7\u00f5es demonstraram que ele n\u00e3o vitimou apenas essa crian\u00e7a.<br \/>\nNuma outra frente de apura\u00e7\u00e3o, o delegado de Miradouro, Tayrony Esp\u00edndola, descobriu que abusava de sua pr\u00f3pria filha, o que o torna contumaz nesta conden\u00e1vel pr\u00e1tica, segundo o delegado\u201d relata a Assessoria de Comunica\u00e7\u00e3o. SAIBA MAIS SOBRE A PRIS\u00c3O clicando logo abaixo em \u201cLeia Mais\u201d.<br \/>\n\u201cA parafilia \u00e9 um transtorno mental de prefer\u00eancia sexual, de adultos por crian\u00e7as, mas o agente sabe exatamente o car\u00e1ter il\u00edcito daquele comportamento que pratica, mas faz isso pra alimentar seu prazer reprimido. A Pedofilia em si, n\u00e3o \u00e9 o crime, \u00e9 a causa dele. No caso do preso ele se valia da artimanha e se anunciava, inclusive, nas redes sociais, como Animador de Festas Infantis quando, na verdade, ele queria era estar pr\u00f3ximo das crian\u00e7as, para selecionar suas v\u00edtimas\u201d disse o delegado orientando tamb\u00e9m que \u00e9 importante que os pais estejam sempre atentos a alguma mudan\u00e7a de comportamento dos filhos e que conversem sempre com eles quando algum estranho ou desconhecido se aproximar e puxar a assunto. A crian\u00e7a, principalmente, vive num universo a parte, sem maldade e a participa\u00e7\u00e3o dos pais \u00e9 fundamental pra evitar que esses aproveitadores se aproximem. Ainda que seja um \u201cpalha\u00e7o\u201d ou um \u201cbicho de pel\u00facia gigante\u201d, a crian\u00e7a tem que estar orientada a sempre informar aos pais toda vez que conversar com algu\u00e9m fora do seu ciclo de relacionamento. S\u00f3 assim \u00e9 poss\u00edvel evitar que o mal maior aconte\u00e7a, ressalta o delegado. Al\u00e9m deste crime que o levou a pris\u00e3o, o homem, segundo a Pol\u00edcia Civil responde pelo abuso praticado contra a pr\u00f3pria filha, onde tamb\u00e9m poder\u00e1 ser condenado.<\/p>\n<p>Fonte: Assessoria de Comunica\u00e7\u00e3o da 4\u00aa DRPC de Muria\u00e9.<\/p>\n","protected":false},"excerpt":{"rendered":"<p>\u00a0Agentes da 34\u00aa Delegacia de Pol\u00edcia de Miradouro prenderam no in\u00edcio da noite de quarta-feira, um homem que tinha a profiss\u00e3o de palha\u00e7o e animador de festa, que teria sido condenado h\u00e1 oito anos de pris\u00e3o pela pr\u00e1tica do crime de Estupro de Vulner\u00e1vel. O condenado foi localizado em Muria\u00e9 e n\u00e3o apresentou resist\u00eancia a [&hellip;]<\/p>\n","protected":false},"author":2,"featured_media":0,"comment_status":"open","ping_status":"open","sticky":false,"template":"","format":"standard","meta":{"footnotes":""},"categories":[1],"tags":[],"class_list":["post-11750","post","type-post","status-publish","format-standard","hentry","category-sem-categoria"],"_links":{"self":[{"href":"http:\/\/paulorobertodaradio.com.br\/site\/index.php?rest_route=\/wp\/v2\/posts\/11750","targetHints":{"allow":["GET"]}}],"collection":[{"href":"http:\/\/paulorobertodaradio.com.br\/site\/index.php?rest_route=\/wp\/v2\/posts"}],"about":[{"href":"http:\/\/paulorobertodaradio.com.br\/site\/index.php?rest_route=\/wp\/v2\/types\/post"}],"author":[{"embeddable":true,"href":"http:\/\/paulorobertodaradio.com.br\/site\/index.php?rest_route=\/wp\/v2\/users\/2"}],"replies":[{"embeddable":true,"href":"http:\/\/paulorobertodaradio.com.br\/site\/index.php?rest_route=%2Fwp%2Fv2%2Fcomments&post=11750"}],"version-history":[{"count":2,"href":"http:\/\/paulorobertodaradio.com.br\/site\/index.php?rest_route=\/wp\/v2\/posts\/11750\/revisions"}],"predecessor-version":[{"id":11753,"href":"http:\/\/paulorobertodaradio.com.br\/site\/index.php?rest_route=\/wp\/v2\/posts\/11750\/revisions\/11753"}],"wp:attachment":[{"href":"http:\/\/paulorobertodaradio.com.br\/site\/index.php?rest_route=%2Fwp%2Fv2%2Fmedia&parent=11750"}],"wp:term":[{"taxonomy":"category","embeddable":true,"href":"http:\/\/paulorobertodaradio.com.br\/site\/index.php?rest_route=%2Fwp%2Fv2%2Fcategories&post=11750"},{"taxonomy":"post_tag","embeddable":true,"href":"http:\/\/paulorobertodaradio.com.br\/site\/index.php?rest_route=%2Fwp%2Fv2%2Ftags&post=11750"}],"curies":[{"name":"wp","href":"https:\/\/api.w.org\/{rel}","templated":true}]}}