{"id":11754,"date":"2015-09-04T10:56:45","date_gmt":"2015-09-04T13:56:45","guid":{"rendered":"http:\/\/paulorobertodaradio.com.br\/site\/?p=11754"},"modified":"2015-09-04T10:56:45","modified_gmt":"2015-09-04T13:56:45","slug":"em-eugenopolis-mulher-encontrada-morta-em-sua-casa","status":"publish","type":"post","link":"http:\/\/paulorobertodaradio.com.br\/site\/?p=11754","title":{"rendered":"EM EUGEN\u00d3POLIS: MULHER ENCONTRADA MORTA EM SUA CASA"},"content":{"rendered":"<p><span style=\"line-height: 1.714285714; font-size: 1rem;\"><a href=\"http:\/\/paulorobertodaradio.com.br\/site\/wp-content\/uploads\/2015\/09\/ALVERINDA.jpg\"><img loading=\"lazy\" decoding=\"async\" class=\"size-full wp-image-11755 alignleft\" alt=\"ALVERINDA\" src=\"http:\/\/paulorobertodaradio.com.br\/site\/wp-content\/uploads\/2015\/09\/ALVERINDA.jpg\" width=\"371\" height=\"480\" srcset=\"http:\/\/paulorobertodaradio.com.br\/site\/wp-content\/uploads\/2015\/09\/ALVERINDA.jpg 371w, http:\/\/paulorobertodaradio.com.br\/site\/wp-content\/uploads\/2015\/09\/ALVERINDA-231x300.jpg 231w\" sizes=\"auto, (max-width: 371px) 100vw, 371px\" \/><\/a>O Marido da senhora Alverinda Rita da Silva chegou em casa por volta das 18h00min desta quarta-feira (03) e encontrou a mesma com uma corda enrolada no pesco\u00e7o pendurada em uma \u00e1rvore pr\u00f3ximo a porta da cozinha de sua casa. Por\u00e9m n\u00e3o teve como fazer mais nada,pois quando ele chegou a mulher j\u00e1 estava sem vida, mas no desespero o mesmo cortou a corda na inten\u00e7\u00e3o de socorre-la.<\/span><\/p>\n<p>A Policia Miliar foi chamada ao local onde foi isolado ate a chegada da pericia. Apos o trabalho da pericia o corpo foi liberado para o IML. Segundo relatos do marido, Alverinda tinha problemas de depress\u00e3o mas ultimamente n\u00e3o estava manifestando a vontade de tirar a pr\u00f3pria vida e n\u00e3o intende o motivo do ocorrido.\u00a0Alverinda deixa marido, dois filhos e netos em profunda tristeza.<a href=\"http:\/\/paulorobertodaradio.com.br\/site\/wp-content\/uploads\/2015\/09\/ALVERINDA2.jpg\"><img loading=\"lazy\" decoding=\"async\" class=\"aligncenter size-full wp-image-11756\" alt=\"ALVERINDA2\" src=\"http:\/\/paulorobertodaradio.com.br\/site\/wp-content\/uploads\/2015\/09\/ALVERINDA2.jpg\" width=\"640\" height=\"480\" srcset=\"http:\/\/paulorobertodaradio.com.br\/site\/wp-content\/uploads\/2015\/09\/ALVERINDA2.jpg 640w, http:\/\/paulorobertodaradio.com.br\/site\/wp-content\/uploads\/2015\/09\/ALVERINDA2-300x225.jpg 300w, http:\/\/paulorobertodaradio.com.br\/site\/wp-content\/uploads\/2015\/09\/ALVERINDA2-624x468.jpg 624w\" sizes=\"auto, (max-width: 640px) 100vw, 640px\" \/><\/a><\/p>\n<p>Com informa\u00e7\u00f5es: Miradouronoticias.com<\/p>\n","protected":false},"excerpt":{"rendered":"<p>O Marido da senhora Alverinda Rita da Silva chegou em casa por volta das 18h00min desta quarta-feira (03) e encontrou a mesma com uma corda enrolada no pesco\u00e7o pendurada em uma \u00e1rvore pr\u00f3ximo a porta da cozinha de sua casa. Por\u00e9m n\u00e3o teve como fazer mais nada,pois quando ele chegou a mulher j\u00e1 estava sem [&hellip;]<\/p>\n","protected":false},"author":2,"featured_media":0,"comment_status":"open","ping_status":"open","sticky":false,"template":"","format":"standard","meta":{"footnotes":""},"categories":[1],"tags":[],"class_list":["post-11754","post","type-post","status-publish","format-standard","hentry","category-sem-categoria"],"_links":{"self":[{"href":"http:\/\/paulorobertodaradio.com.br\/site\/index.php?rest_route=\/wp\/v2\/posts\/11754","targetHints":{"allow":["GET"]}}],"collection":[{"href":"http:\/\/paulorobertodaradio.com.br\/site\/index.php?rest_route=\/wp\/v2\/posts"}],"about":[{"href":"http:\/\/paulorobertodaradio.com.br\/site\/index.php?rest_route=\/wp\/v2\/types\/post"}],"author":[{"embeddable":true,"href":"http:\/\/paulorobertodaradio.com.br\/site\/index.php?rest_route=\/wp\/v2\/users\/2"}],"replies":[{"embeddable":true,"href":"http:\/\/paulorobertodaradio.com.br\/site\/index.php?rest_route=%2Fwp%2Fv2%2Fcomments&post=11754"}],"version-history":[{"count":1,"href":"http:\/\/paulorobertodaradio.com.br\/site\/index.php?rest_route=\/wp\/v2\/posts\/11754\/revisions"}],"predecessor-version":[{"id":11757,"href":"http:\/\/paulorobertodaradio.com.br\/site\/index.php?rest_route=\/wp\/v2\/posts\/11754\/revisions\/11757"}],"wp:attachment":[{"href":"http:\/\/paulorobertodaradio.com.br\/site\/index.php?rest_route=%2Fwp%2Fv2%2Fmedia&parent=11754"}],"wp:term":[{"taxonomy":"category","embeddable":true,"href":"http:\/\/paulorobertodaradio.com.br\/site\/index.php?rest_route=%2Fwp%2Fv2%2Fcategories&post=11754"},{"taxonomy":"post_tag","embeddable":true,"href":"http:\/\/paulorobertodaradio.com.br\/site\/index.php?rest_route=%2Fwp%2Fv2%2Ftags&post=11754"}],"curies":[{"name":"wp","href":"https:\/\/api.w.org\/{rel}","templated":true}]}}