{"id":11758,"date":"2015-09-04T13:05:28","date_gmt":"2015-09-04T16:05:28","guid":{"rendered":"http:\/\/paulorobertodaradio.com.br\/site\/?p=11758"},"modified":"2015-09-04T13:05:28","modified_gmt":"2015-09-04T16:05:28","slug":"em-miradouro-fogo-criminoso","status":"publish","type":"post","link":"http:\/\/paulorobertodaradio.com.br\/site\/?p=11758","title":{"rendered":"EM MIRADOURO: FOGO CRIMINOSO"},"content":{"rendered":"<p><a href=\"http:\/\/paulorobertodaradio.com.br\/site\/wp-content\/uploads\/2015\/09\/fogo.jpg\"><img loading=\"lazy\" decoding=\"async\" class=\"aligncenter size-full wp-image-11759\" alt=\"fogo\" src=\"http:\/\/paulorobertodaradio.com.br\/site\/wp-content\/uploads\/2015\/09\/fogo.jpg\" width=\"960\" height=\"720\" srcset=\"http:\/\/paulorobertodaradio.com.br\/site\/wp-content\/uploads\/2015\/09\/fogo.jpg 960w, http:\/\/paulorobertodaradio.com.br\/site\/wp-content\/uploads\/2015\/09\/fogo-300x225.jpg 300w, http:\/\/paulorobertodaradio.com.br\/site\/wp-content\/uploads\/2015\/09\/fogo-624x468.jpg 624w\" sizes=\"auto, (max-width: 960px) 100vw, 960px\" \/><\/a>Um inc\u00eandio criminoso est\u00e1 ocorrendo desde o final da manh\u00e3 desta sexta. Fato triste, que n\u00e3o deveria acontecer j\u00e1 que danifica o solo, enfraquecendo-o, matando v\u00e1rios animais que dependem e vivem nestas matas, al\u00e9m de piorar ainda mais a qualidade do ar.<\/p>\n<p>O fogo come\u00e7ou as margens da BR 116 sentido Miradouro a Fervedouro , e atingiu uma matinha no alto da montanha.<\/p>\n","protected":false},"excerpt":{"rendered":"<p>Um inc\u00eandio criminoso est\u00e1 ocorrendo desde o final da manh\u00e3 desta sexta. Fato triste, que n\u00e3o deveria acontecer j\u00e1 que danifica o solo, enfraquecendo-o, matando v\u00e1rios animais que dependem e vivem nestas matas, al\u00e9m de piorar ainda mais a qualidade do ar. O fogo come\u00e7ou as margens da BR 116 sentido Miradouro a Fervedouro , [&hellip;]<\/p>\n","protected":false},"author":2,"featured_media":0,"comment_status":"open","ping_status":"open","sticky":false,"template":"","format":"standard","meta":{"footnotes":""},"categories":[1],"tags":[],"class_list":["post-11758","post","type-post","status-publish","format-standard","hentry","category-sem-categoria"],"_links":{"self":[{"href":"http:\/\/paulorobertodaradio.com.br\/site\/index.php?rest_route=\/wp\/v2\/posts\/11758","targetHints":{"allow":["GET"]}}],"collection":[{"href":"http:\/\/paulorobertodaradio.com.br\/site\/index.php?rest_route=\/wp\/v2\/posts"}],"about":[{"href":"http:\/\/paulorobertodaradio.com.br\/site\/index.php?rest_route=\/wp\/v2\/types\/post"}],"author":[{"embeddable":true,"href":"http:\/\/paulorobertodaradio.com.br\/site\/index.php?rest_route=\/wp\/v2\/users\/2"}],"replies":[{"embeddable":true,"href":"http:\/\/paulorobertodaradio.com.br\/site\/index.php?rest_route=%2Fwp%2Fv2%2Fcomments&post=11758"}],"version-history":[{"count":2,"href":"http:\/\/paulorobertodaradio.com.br\/site\/index.php?rest_route=\/wp\/v2\/posts\/11758\/revisions"}],"predecessor-version":[{"id":11761,"href":"http:\/\/paulorobertodaradio.com.br\/site\/index.php?rest_route=\/wp\/v2\/posts\/11758\/revisions\/11761"}],"wp:attachment":[{"href":"http:\/\/paulorobertodaradio.com.br\/site\/index.php?rest_route=%2Fwp%2Fv2%2Fmedia&parent=11758"}],"wp:term":[{"taxonomy":"category","embeddable":true,"href":"http:\/\/paulorobertodaradio.com.br\/site\/index.php?rest_route=%2Fwp%2Fv2%2Fcategories&post=11758"},{"taxonomy":"post_tag","embeddable":true,"href":"http:\/\/paulorobertodaradio.com.br\/site\/index.php?rest_route=%2Fwp%2Fv2%2Ftags&post=11758"}],"curies":[{"name":"wp","href":"https:\/\/api.w.org\/{rel}","templated":true}]}}