{"id":11762,"date":"2015-09-04T13:14:21","date_gmt":"2015-09-04T16:14:21","guid":{"rendered":"http:\/\/paulorobertodaradio.com.br\/site\/?p=11762"},"modified":"2015-09-04T13:14:21","modified_gmt":"2015-09-04T16:14:21","slug":"vende-se-veiculo","status":"publish","type":"post","link":"http:\/\/paulorobertodaradio.com.br\/site\/?p=11762","title":{"rendered":"VENDE-SE VE\u00cdCULO:"},"content":{"rendered":"<p><a href=\"http:\/\/paulorobertodaradio.com.br\/site\/wp-content\/uploads\/2015\/09\/vende-se-carro02.jpg\"><img loading=\"lazy\" decoding=\"async\" class=\"aligncenter size-full wp-image-11764\" alt=\"vende- se carro02\" src=\"http:\/\/paulorobertodaradio.com.br\/site\/wp-content\/uploads\/2015\/09\/vende-se-carro02.jpg\" width=\"960\" height=\"720\" srcset=\"http:\/\/paulorobertodaradio.com.br\/site\/wp-content\/uploads\/2015\/09\/vende-se-carro02.jpg 960w, http:\/\/paulorobertodaradio.com.br\/site\/wp-content\/uploads\/2015\/09\/vende-se-carro02-300x225.jpg 300w, http:\/\/paulorobertodaradio.com.br\/site\/wp-content\/uploads\/2015\/09\/vende-se-carro02-624x468.jpg 624w\" sizes=\"auto, (max-width: 960px) 100vw, 960px\" \/><\/a><\/p>\n<p>Vende-se ve\u00edculo ford ano 2000, equipado com ar condicionado, alarme, trava, c\u00f3digo de seguran\u00e7a, muito conservado, excelente pre\u00e7o. Informa\u00e7\u00f5es com Ailton pelo 32-9971-1953\u00a0<a href=\"http:\/\/paulorobertodaradio.com.br\/site\/wp-content\/uploads\/2015\/09\/vende-se-carro03.jpg\"><img loading=\"lazy\" decoding=\"async\" class=\"aligncenter size-full wp-image-11765\" alt=\"vende- se carro03\" src=\"http:\/\/paulorobertodaradio.com.br\/site\/wp-content\/uploads\/2015\/09\/vende-se-carro03.jpg\" width=\"960\" height=\"720\" srcset=\"http:\/\/paulorobertodaradio.com.br\/site\/wp-content\/uploads\/2015\/09\/vende-se-carro03.jpg 960w, http:\/\/paulorobertodaradio.com.br\/site\/wp-content\/uploads\/2015\/09\/vende-se-carro03-300x225.jpg 300w, http:\/\/paulorobertodaradio.com.br\/site\/wp-content\/uploads\/2015\/09\/vende-se-carro03-624x468.jpg 624w\" sizes=\"auto, (max-width: 960px) 100vw, 960px\" \/><\/a> <a href=\"http:\/\/paulorobertodaradio.com.br\/site\/wp-content\/uploads\/2015\/09\/vende-se-carro04.jpg\"><img loading=\"lazy\" decoding=\"async\" class=\"aligncenter size-full wp-image-11766\" alt=\"vende- se carro04\" src=\"http:\/\/paulorobertodaradio.com.br\/site\/wp-content\/uploads\/2015\/09\/vende-se-carro04.jpg\" width=\"960\" height=\"720\" srcset=\"http:\/\/paulorobertodaradio.com.br\/site\/wp-content\/uploads\/2015\/09\/vende-se-carro04.jpg 960w, http:\/\/paulorobertodaradio.com.br\/site\/wp-content\/uploads\/2015\/09\/vende-se-carro04-300x225.jpg 300w, http:\/\/paulorobertodaradio.com.br\/site\/wp-content\/uploads\/2015\/09\/vende-se-carro04-624x468.jpg 624w\" sizes=\"auto, (max-width: 960px) 100vw, 960px\" \/><\/a> <a href=\"http:\/\/paulorobertodaradio.com.br\/site\/wp-content\/uploads\/2015\/09\/vende-se-carro05.jpg\"><img loading=\"lazy\" decoding=\"async\" class=\"aligncenter size-full wp-image-11767\" alt=\"vende- se carro05\" src=\"http:\/\/paulorobertodaradio.com.br\/site\/wp-content\/uploads\/2015\/09\/vende-se-carro05.jpg\" width=\"960\" height=\"720\" srcset=\"http:\/\/paulorobertodaradio.com.br\/site\/wp-content\/uploads\/2015\/09\/vende-se-carro05.jpg 960w, http:\/\/paulorobertodaradio.com.br\/site\/wp-content\/uploads\/2015\/09\/vende-se-carro05-300x225.jpg 300w, http:\/\/paulorobertodaradio.com.br\/site\/wp-content\/uploads\/2015\/09\/vende-se-carro05-624x468.jpg 624w\" sizes=\"auto, (max-width: 960px) 100vw, 960px\" \/><\/a><\/p>\n","protected":false},"excerpt":{"rendered":"<p>Vende-se ve\u00edculo ford ano 2000, equipado com ar condicionado, alarme, trava, c\u00f3digo de seguran\u00e7a, muito conservado, excelente pre\u00e7o. Informa\u00e7\u00f5es com Ailton pelo 32-9971-1953\u00a0<\/p>\n","protected":false},"author":2,"featured_media":0,"comment_status":"open","ping_status":"open","sticky":false,"template":"","format":"standard","meta":{"footnotes":""},"categories":[1],"tags":[],"class_list":["post-11762","post","type-post","status-publish","format-standard","hentry","category-sem-categoria"],"_links":{"self":[{"href":"http:\/\/paulorobertodaradio.com.br\/site\/index.php?rest_route=\/wp\/v2\/posts\/11762","targetHints":{"allow":["GET"]}}],"collection":[{"href":"http:\/\/paulorobertodaradio.com.br\/site\/index.php?rest_route=\/wp\/v2\/posts"}],"about":[{"href":"http:\/\/paulorobertodaradio.com.br\/site\/index.php?rest_route=\/wp\/v2\/types\/post"}],"author":[{"embeddable":true,"href":"http:\/\/paulorobertodaradio.com.br\/site\/index.php?rest_route=\/wp\/v2\/users\/2"}],"replies":[{"embeddable":true,"href":"http:\/\/paulorobertodaradio.com.br\/site\/index.php?rest_route=%2Fwp%2Fv2%2Fcomments&post=11762"}],"version-history":[{"count":2,"href":"http:\/\/paulorobertodaradio.com.br\/site\/index.php?rest_route=\/wp\/v2\/posts\/11762\/revisions"}],"predecessor-version":[{"id":11769,"href":"http:\/\/paulorobertodaradio.com.br\/site\/index.php?rest_route=\/wp\/v2\/posts\/11762\/revisions\/11769"}],"wp:attachment":[{"href":"http:\/\/paulorobertodaradio.com.br\/site\/index.php?rest_route=%2Fwp%2Fv2%2Fmedia&parent=11762"}],"wp:term":[{"taxonomy":"category","embeddable":true,"href":"http:\/\/paulorobertodaradio.com.br\/site\/index.php?rest_route=%2Fwp%2Fv2%2Fcategories&post=11762"},{"taxonomy":"post_tag","embeddable":true,"href":"http:\/\/paulorobertodaradio.com.br\/site\/index.php?rest_route=%2Fwp%2Fv2%2Ftags&post=11762"}],"curies":[{"name":"wp","href":"https:\/\/api.w.org\/{rel}","templated":true}]}}