{"id":11775,"date":"2015-09-05T12:47:12","date_gmt":"2015-09-05T15:47:12","guid":{"rendered":"http:\/\/paulorobertodaradio.com.br\/site\/?p=11775"},"modified":"2015-09-05T12:47:12","modified_gmt":"2015-09-05T15:47:12","slug":"em-muriae-fundacao-cristiano-varela-completou-aniversario-ontem-4","status":"publish","type":"post","link":"http:\/\/paulorobertodaradio.com.br\/site\/?p=11775","title":{"rendered":"EM MURIA\u00c9: FUNDA\u00c7\u00c3O CRISTIANO VARELA COMPLETOU ANIVERS\u00c1RIO ONTEM (4)"},"content":{"rendered":"<p><a href=\"http:\/\/paulorobertodaradio.com.br\/site\/wp-content\/uploads\/2015\/09\/FUNDA\u00c7\u00c3O-20-ANOS.jpg\"><img loading=\"lazy\" decoding=\"async\" class=\"aligncenter size-full wp-image-11776\" alt=\"FUNDA\u00c7\u00c3O 20 ANOS\" src=\"http:\/\/paulorobertodaradio.com.br\/site\/wp-content\/uploads\/2015\/09\/FUNDA\u00c7\u00c3O-20-ANOS.jpg\" width=\"450\" height=\"386\" srcset=\"http:\/\/paulorobertodaradio.com.br\/site\/wp-content\/uploads\/2015\/09\/FUNDA\u00c7\u00c3O-20-ANOS.jpg 450w, http:\/\/paulorobertodaradio.com.br\/site\/wp-content\/uploads\/2015\/09\/FUNDA\u00c7\u00c3O-20-ANOS-300x257.jpg 300w\" sizes=\"auto, (max-width: 450px) 100vw, 450px\" \/><\/a>Hoje \u00e9 dia 4 de setembro! E nessa data n\u00f3s temos muito a comemorar!<br \/>\nArte &#8211; Jornal &#8211; 20 anos de Funda\u00e7\u00e3oNo dia 4 de setembro de 1995, h\u00e1 exatos 20 anos, nasceu a Funda\u00e7\u00e3o Cristiano Varella e desse lindo projeto veio o Hospital do C\u00e2ncer de Muria\u00e9, a Casa de Apoio S\u00e3o Francisco de Assis, a Rede Atividade e o Memorial Funda\u00e7\u00e3o Cristiano Varella!<\/p>\n<p>Nos tornamos em apenas duas d\u00e9cadas refer\u00eancia nas \u00e1reas de sa\u00fade, comunica\u00e7\u00e3o, cultura e responsabilidade social em todo o estado gra\u00e7as ao amor com que fazemos nosso trabalho. \u00c9 gra\u00e7as \u00e0 dedica\u00e7\u00e3o de cada colaborador, de cada volunt\u00e1rio e dos in\u00fameros parceiros que conquistamos nesses anos que temos tantos motivos para nos orgulhar e celebrar nessa data!<\/p>\n","protected":false},"excerpt":{"rendered":"<p>Hoje \u00e9 dia 4 de setembro! E nessa data n\u00f3s temos muito a comemorar! Arte &#8211; Jornal &#8211; 20 anos de Funda\u00e7\u00e3oNo dia 4 de setembro de 1995, h\u00e1 exatos 20 anos, nasceu a Funda\u00e7\u00e3o Cristiano Varella e desse lindo projeto veio o Hospital do C\u00e2ncer de Muria\u00e9, a Casa de Apoio S\u00e3o Francisco de [&hellip;]<\/p>\n","protected":false},"author":2,"featured_media":0,"comment_status":"open","ping_status":"open","sticky":false,"template":"","format":"standard","meta":{"footnotes":""},"categories":[1],"tags":[],"class_list":["post-11775","post","type-post","status-publish","format-standard","hentry","category-sem-categoria"],"_links":{"self":[{"href":"http:\/\/paulorobertodaradio.com.br\/site\/index.php?rest_route=\/wp\/v2\/posts\/11775","targetHints":{"allow":["GET"]}}],"collection":[{"href":"http:\/\/paulorobertodaradio.com.br\/site\/index.php?rest_route=\/wp\/v2\/posts"}],"about":[{"href":"http:\/\/paulorobertodaradio.com.br\/site\/index.php?rest_route=\/wp\/v2\/types\/post"}],"author":[{"embeddable":true,"href":"http:\/\/paulorobertodaradio.com.br\/site\/index.php?rest_route=\/wp\/v2\/users\/2"}],"replies":[{"embeddable":true,"href":"http:\/\/paulorobertodaradio.com.br\/site\/index.php?rest_route=%2Fwp%2Fv2%2Fcomments&post=11775"}],"version-history":[{"count":1,"href":"http:\/\/paulorobertodaradio.com.br\/site\/index.php?rest_route=\/wp\/v2\/posts\/11775\/revisions"}],"predecessor-version":[{"id":11777,"href":"http:\/\/paulorobertodaradio.com.br\/site\/index.php?rest_route=\/wp\/v2\/posts\/11775\/revisions\/11777"}],"wp:attachment":[{"href":"http:\/\/paulorobertodaradio.com.br\/site\/index.php?rest_route=%2Fwp%2Fv2%2Fmedia&parent=11775"}],"wp:term":[{"taxonomy":"category","embeddable":true,"href":"http:\/\/paulorobertodaradio.com.br\/site\/index.php?rest_route=%2Fwp%2Fv2%2Fcategories&post=11775"},{"taxonomy":"post_tag","embeddable":true,"href":"http:\/\/paulorobertodaradio.com.br\/site\/index.php?rest_route=%2Fwp%2Fv2%2Ftags&post=11775"}],"curies":[{"name":"wp","href":"https:\/\/api.w.org\/{rel}","templated":true}]}}