{"id":11778,"date":"2015-09-05T12:49:09","date_gmt":"2015-09-05T15:49:09","guid":{"rendered":"http:\/\/paulorobertodaradio.com.br\/site\/?p=11778"},"modified":"2015-09-05T12:49:33","modified_gmt":"2015-09-05T15:49:33","slug":"em-muriae-animal-na-pista-causa-acidente-na-br-116","status":"publish","type":"post","link":"http:\/\/paulorobertodaradio.com.br\/site\/?p=11778","title":{"rendered":"EM MURIA\u00c9: ANIMAL NA PISTA CAUSA ACIDENTE NA BR 116"},"content":{"rendered":"<p><a href=\"http:\/\/paulorobertodaradio.com.br\/site\/wp-content\/uploads\/2015\/09\/ANIMAL-PISTA01.jpg\"><img loading=\"lazy\" decoding=\"async\" class=\"size-full wp-image-11779 alignleft\" alt=\"ANIMAL PISTA01\" src=\"http:\/\/paulorobertodaradio.com.br\/site\/wp-content\/uploads\/2015\/09\/ANIMAL-PISTA01.jpg\" width=\"232\" height=\"413\" srcset=\"http:\/\/paulorobertodaradio.com.br\/site\/wp-content\/uploads\/2015\/09\/ANIMAL-PISTA01.jpg 232w, http:\/\/paulorobertodaradio.com.br\/site\/wp-content\/uploads\/2015\/09\/ANIMAL-PISTA01-168x300.jpg 168w\" sizes=\"auto, (max-width: 232px) 100vw, 232px\" \/><\/a>Um autom\u00f3vel com tr\u00eas ocupantes bateu violentamente contra um, de cerca de oito animais, que atravessavam a BR-116, na regi\u00e3o do Santa Helena no final da madrugada de hoje. Nenhum dos ocupantes, que viajavam de Muria\u00e9 para Leopoldina se feriu. O motorista e propriet\u00e1rio do carro ficou indignado ao ver o tamanho dos danos materiais e agradeceram muito a Deus o fato de nada grave ter acontecido com ele e os passageiros.<a href=\"http:\/\/paulorobertodaradio.com.br\/site\/wp-content\/uploads\/2015\/09\/ANIMAL-PISTA02.jpg\"><img loading=\"lazy\" decoding=\"async\" class=\"aligncenter size-full wp-image-11780\" alt=\"ANIMAL PISTA02\" src=\"http:\/\/paulorobertodaradio.com.br\/site\/wp-content\/uploads\/2015\/09\/ANIMAL-PISTA02.jpg\" width=\"620\" height=\"349\" srcset=\"http:\/\/paulorobertodaradio.com.br\/site\/wp-content\/uploads\/2015\/09\/ANIMAL-PISTA02.jpg 620w, http:\/\/paulorobertodaradio.com.br\/site\/wp-content\/uploads\/2015\/09\/ANIMAL-PISTA02-300x168.jpg 300w\" sizes=\"auto, (max-width: 620px) 100vw, 620px\" \/><\/a><\/p>\n<p>&nbsp;<\/p>\n<p>Colabora\u00e7\u00e3o: silvanalves.com.br<\/p>\n","protected":false},"excerpt":{"rendered":"<p>Um autom\u00f3vel com tr\u00eas ocupantes bateu violentamente contra um, de cerca de oito animais, que atravessavam a BR-116, na regi\u00e3o do Santa Helena no final da madrugada de hoje. Nenhum dos ocupantes, que viajavam de Muria\u00e9 para Leopoldina se feriu. O motorista e propriet\u00e1rio do carro ficou indignado ao ver o tamanho dos danos materiais [&hellip;]<\/p>\n","protected":false},"author":2,"featured_media":0,"comment_status":"open","ping_status":"open","sticky":false,"template":"","format":"standard","meta":{"footnotes":""},"categories":[1],"tags":[],"class_list":["post-11778","post","type-post","status-publish","format-standard","hentry","category-sem-categoria"],"_links":{"self":[{"href":"http:\/\/paulorobertodaradio.com.br\/site\/index.php?rest_route=\/wp\/v2\/posts\/11778","targetHints":{"allow":["GET"]}}],"collection":[{"href":"http:\/\/paulorobertodaradio.com.br\/site\/index.php?rest_route=\/wp\/v2\/posts"}],"about":[{"href":"http:\/\/paulorobertodaradio.com.br\/site\/index.php?rest_route=\/wp\/v2\/types\/post"}],"author":[{"embeddable":true,"href":"http:\/\/paulorobertodaradio.com.br\/site\/index.php?rest_route=\/wp\/v2\/users\/2"}],"replies":[{"embeddable":true,"href":"http:\/\/paulorobertodaradio.com.br\/site\/index.php?rest_route=%2Fwp%2Fv2%2Fcomments&post=11778"}],"version-history":[{"count":3,"href":"http:\/\/paulorobertodaradio.com.br\/site\/index.php?rest_route=\/wp\/v2\/posts\/11778\/revisions"}],"predecessor-version":[{"id":11783,"href":"http:\/\/paulorobertodaradio.com.br\/site\/index.php?rest_route=\/wp\/v2\/posts\/11778\/revisions\/11783"}],"wp:attachment":[{"href":"http:\/\/paulorobertodaradio.com.br\/site\/index.php?rest_route=%2Fwp%2Fv2%2Fmedia&parent=11778"}],"wp:term":[{"taxonomy":"category","embeddable":true,"href":"http:\/\/paulorobertodaradio.com.br\/site\/index.php?rest_route=%2Fwp%2Fv2%2Fcategories&post=11778"},{"taxonomy":"post_tag","embeddable":true,"href":"http:\/\/paulorobertodaradio.com.br\/site\/index.php?rest_route=%2Fwp%2Fv2%2Ftags&post=11778"}],"curies":[{"name":"wp","href":"https:\/\/api.w.org\/{rel}","templated":true}]}}