{"id":11784,"date":"2015-09-05T12:54:20","date_gmt":"2015-09-05T15:54:20","guid":{"rendered":"http:\/\/paulorobertodaradio.com.br\/site\/?p=11784"},"modified":"2015-09-05T12:59:50","modified_gmt":"2015-09-05T15:59:50","slug":"em-muriae-terceiro-dia-de-festa-recebe-grande-publico","status":"publish","type":"post","link":"http:\/\/paulorobertodaradio.com.br\/site\/?p=11784","title":{"rendered":"EM MURIA\u00c9: TERCEIRO DIA DE FESTA RECEBE GRANDE P\u00daBLICO."},"content":{"rendered":"<p><a href=\"http:\/\/paulorobertodaradio.com.br\/site\/wp-content\/uploads\/2015\/09\/expo-muriae33-00.jpg\"><img loading=\"lazy\" decoding=\"async\" class=\"aligncenter size-full wp-image-11785\" alt=\"expo muriae33-00\" src=\"http:\/\/paulorobertodaradio.com.br\/site\/wp-content\/uploads\/2015\/09\/expo-muriae33-00.jpg\" width=\"564\" height=\"423\" srcset=\"http:\/\/paulorobertodaradio.com.br\/site\/wp-content\/uploads\/2015\/09\/expo-muriae33-00.jpg 564w, http:\/\/paulorobertodaradio.com.br\/site\/wp-content\/uploads\/2015\/09\/expo-muriae33-00-300x225.jpg 300w\" sizes=\"auto, (max-width: 564px) 100vw, 564px\" \/><\/a>O terceiro dia da 60 Exposi\u00e7\u00e3o de Muria\u00e9 foi de muita movimenta\u00e7\u00e3o no Parque de Exposi\u00e7\u00f5es e antes do show principal de Z\u00e9 Henrique &amp; Gabriel, o show da Banda Zem que aqueceu p\u00fablico. Logo em seguida, por volta da meia noite, a dupla sertaneja ap\u00f3s atender a imprensa e muitos f\u00e3s no camarim subiu ao palco e fez a festa. Foi tamb\u00e9m nesta sexta-feira a abertura oficial da festa por parte da Prefeitura e Sindicato Rural contando com a presen\u00e7a do prefeito Aloysio, do vice Ciribelli, do presidente do Sindicato Rural, Henrique Aquino, secretariado municipal e autoridades da regi\u00e3o. Tamb\u00e9m prestigiou a festa o secret\u00e1rio de Estado de Esportes, Carlos Henrique Alves da Silva que participou da abertura e curtiu a festa. A Pol\u00edcia Militar trouxe uma novidade com o apoio de batalh\u00f5es de Juiz de Fora, seis homens da cavalaria e outros do Gate, especialistas em eventos fazem ronda por todo o recinto. A Exp\u00f4 conta tamb\u00e9m com homens da Brigada, empresa particular muriaeense que foi criada para prestar servi\u00e7o nos grandes ventos.<a href=\"http:\/\/paulorobertodaradio.com.br\/site\/wp-content\/uploads\/2015\/09\/expo-muriae33-01.jpg\"><img loading=\"lazy\" decoding=\"async\" class=\"aligncenter size-full wp-image-11786\" alt=\"expo muriae33-01\" src=\"http:\/\/paulorobertodaradio.com.br\/site\/wp-content\/uploads\/2015\/09\/expo-muriae33-01.jpg\" width=\"620\" height=\"465\" srcset=\"http:\/\/paulorobertodaradio.com.br\/site\/wp-content\/uploads\/2015\/09\/expo-muriae33-01.jpg 620w, http:\/\/paulorobertodaradio.com.br\/site\/wp-content\/uploads\/2015\/09\/expo-muriae33-01-300x225.jpg 300w\" sizes=\"auto, (max-width: 620px) 100vw, 620px\" \/><\/a> <a href=\"http:\/\/paulorobertodaradio.com.br\/site\/wp-content\/uploads\/2015\/09\/expo-muriae33-02.jpg\"><img loading=\"lazy\" decoding=\"async\" class=\"aligncenter size-full wp-image-11787\" alt=\"expo muriae33-02\" src=\"http:\/\/paulorobertodaradio.com.br\/site\/wp-content\/uploads\/2015\/09\/expo-muriae33-02.jpg\" width=\"620\" height=\"465\" srcset=\"http:\/\/paulorobertodaradio.com.br\/site\/wp-content\/uploads\/2015\/09\/expo-muriae33-02.jpg 620w, http:\/\/paulorobertodaradio.com.br\/site\/wp-content\/uploads\/2015\/09\/expo-muriae33-02-300x225.jpg 300w\" sizes=\"auto, (max-width: 620px) 100vw, 620px\" \/><\/a> <a href=\"http:\/\/paulorobertodaradio.com.br\/site\/wp-content\/uploads\/2015\/09\/expo-muriae33-03.jpg\"><img loading=\"lazy\" decoding=\"async\" class=\"aligncenter size-full wp-image-11788\" alt=\"expo muriae33-03\" src=\"http:\/\/paulorobertodaradio.com.br\/site\/wp-content\/uploads\/2015\/09\/expo-muriae33-03.jpg\" width=\"620\" height=\"465\" srcset=\"http:\/\/paulorobertodaradio.com.br\/site\/wp-content\/uploads\/2015\/09\/expo-muriae33-03.jpg 620w, http:\/\/paulorobertodaradio.com.br\/site\/wp-content\/uploads\/2015\/09\/expo-muriae33-03-300x225.jpg 300w\" sizes=\"auto, (max-width: 620px) 100vw, 620px\" \/><\/a> <a href=\"http:\/\/paulorobertodaradio.com.br\/site\/wp-content\/uploads\/2015\/09\/expo-muriae33-04.jpg\"><img loading=\"lazy\" decoding=\"async\" class=\"aligncenter size-full wp-image-11789\" alt=\"expo muriae33-04\" src=\"http:\/\/paulorobertodaradio.com.br\/site\/wp-content\/uploads\/2015\/09\/expo-muriae33-04.jpg\" width=\"620\" height=\"465\" srcset=\"http:\/\/paulorobertodaradio.com.br\/site\/wp-content\/uploads\/2015\/09\/expo-muriae33-04.jpg 620w, http:\/\/paulorobertodaradio.com.br\/site\/wp-content\/uploads\/2015\/09\/expo-muriae33-04-300x225.jpg 300w\" sizes=\"auto, (max-width: 620px) 100vw, 620px\" \/><\/a> <a href=\"http:\/\/paulorobertodaradio.com.br\/site\/wp-content\/uploads\/2015\/09\/expo-muriae33-05.jpg\"><img loading=\"lazy\" decoding=\"async\" class=\"aligncenter size-full wp-image-11790\" alt=\"expo muriae33-05\" src=\"http:\/\/paulorobertodaradio.com.br\/site\/wp-content\/uploads\/2015\/09\/expo-muriae33-05.jpg\" width=\"620\" height=\"465\" srcset=\"http:\/\/paulorobertodaradio.com.br\/site\/wp-content\/uploads\/2015\/09\/expo-muriae33-05.jpg 620w, http:\/\/paulorobertodaradio.com.br\/site\/wp-content\/uploads\/2015\/09\/expo-muriae33-05-300x225.jpg 300w\" sizes=\"auto, (max-width: 620px) 100vw, 620px\" \/><\/a><\/p>\n<p><span style=\"line-height: 1.71429; font-size: 1rem;\">Colabora\u00e7\u00e3o: silvanalves.com.br<\/span><\/p>\n","protected":false},"excerpt":{"rendered":"<p>O terceiro dia da 60 Exposi\u00e7\u00e3o de Muria\u00e9 foi de muita movimenta\u00e7\u00e3o no Parque de Exposi\u00e7\u00f5es e antes do show principal de Z\u00e9 Henrique &amp; Gabriel, o show da Banda Zem que aqueceu p\u00fablico. Logo em seguida, por volta da meia noite, a dupla sertaneja ap\u00f3s atender a imprensa e muitos f\u00e3s no camarim subiu [&hellip;]<\/p>\n","protected":false},"author":2,"featured_media":0,"comment_status":"open","ping_status":"open","sticky":false,"template":"","format":"standard","meta":{"footnotes":""},"categories":[1],"tags":[],"class_list":["post-11784","post","type-post","status-publish","format-standard","hentry","category-sem-categoria"],"_links":{"self":[{"href":"http:\/\/paulorobertodaradio.com.br\/site\/index.php?rest_route=\/wp\/v2\/posts\/11784","targetHints":{"allow":["GET"]}}],"collection":[{"href":"http:\/\/paulorobertodaradio.com.br\/site\/index.php?rest_route=\/wp\/v2\/posts"}],"about":[{"href":"http:\/\/paulorobertodaradio.com.br\/site\/index.php?rest_route=\/wp\/v2\/types\/post"}],"author":[{"embeddable":true,"href":"http:\/\/paulorobertodaradio.com.br\/site\/index.php?rest_route=\/wp\/v2\/users\/2"}],"replies":[{"embeddable":true,"href":"http:\/\/paulorobertodaradio.com.br\/site\/index.php?rest_route=%2Fwp%2Fv2%2Fcomments&post=11784"}],"version-history":[{"count":3,"href":"http:\/\/paulorobertodaradio.com.br\/site\/index.php?rest_route=\/wp\/v2\/posts\/11784\/revisions"}],"predecessor-version":[{"id":11792,"href":"http:\/\/paulorobertodaradio.com.br\/site\/index.php?rest_route=\/wp\/v2\/posts\/11784\/revisions\/11792"}],"wp:attachment":[{"href":"http:\/\/paulorobertodaradio.com.br\/site\/index.php?rest_route=%2Fwp%2Fv2%2Fmedia&parent=11784"}],"wp:term":[{"taxonomy":"category","embeddable":true,"href":"http:\/\/paulorobertodaradio.com.br\/site\/index.php?rest_route=%2Fwp%2Fv2%2Fcategories&post=11784"},{"taxonomy":"post_tag","embeddable":true,"href":"http:\/\/paulorobertodaradio.com.br\/site\/index.php?rest_route=%2Fwp%2Fv2%2Ftags&post=11784"}],"curies":[{"name":"wp","href":"https:\/\/api.w.org\/{rel}","templated":true}]}}