{"id":11794,"date":"2015-09-06T01:40:48","date_gmt":"2015-09-06T04:40:48","guid":{"rendered":"http:\/\/paulorobertodaradio.com.br\/site\/?p=11794"},"modified":"2015-09-06T02:09:39","modified_gmt":"2015-09-06T05:09:39","slug":"em-miradouro-prefeito-mirim-fala-sobre-a-construcao-da-nova-praca-santa-rita","status":"publish","type":"post","link":"http:\/\/paulorobertodaradio.com.br\/site\/?p=11794","title":{"rendered":"EM MIRADOURO: PREFEITO MIRIM FALA SOBRE A CONSTRU\u00c7\u00c3O DA NOVA PRA\u00c7A SANTA RITA"},"content":{"rendered":"<p><a href=\"http:\/\/paulorobertodaradio.com.br\/site\/wp-content\/uploads\/2015\/09\/PSR03.jpg\"><img loading=\"lazy\" decoding=\"async\" class=\"aligncenter size-full wp-image-11797\" alt=\"PSR03\" src=\"http:\/\/paulorobertodaradio.com.br\/site\/wp-content\/uploads\/2015\/09\/PSR03.jpg\" width=\"960\" height=\"632\" srcset=\"http:\/\/paulorobertodaradio.com.br\/site\/wp-content\/uploads\/2015\/09\/PSR03.jpg 960w, http:\/\/paulorobertodaradio.com.br\/site\/wp-content\/uploads\/2015\/09\/PSR03-300x197.jpg 300w, http:\/\/paulorobertodaradio.com.br\/site\/wp-content\/uploads\/2015\/09\/PSR03-624x410.jpg 624w\" sizes=\"auto, (max-width: 960px) 100vw, 960px\" \/><\/a><span style=\"color: #ff0000;\">Em entrevista ao Paulo Roberto da r\u00e1dio, \u00a0na manh\u00e3 deste Domingo, por volta das 11:40 pela r\u00e1dio 87,9 FM de Miradouro<\/span>, o prefeito Almiro Marques de Lacerda Filho (Mirim) falou sobre a nova Pra\u00e7a Santa Rita. Ele disse: &#8220;A nova pra\u00e7a Santa Rita \u00a0vai trazer novamente aquele contato \u00edntimo com natureza, com verde. Onde tinha a quadra de esportes, agora ter\u00e1 um espelho d&#8217;\u00e1gua e um estacionamento para os ve\u00edculos da rua, pois n\u00f3s sabemos que com o aumento de ve\u00edculos \u00e9 \u00a0preciso lugar pra estacionar. \u00a0\u00c9 \u00a0 fazendo hoje, pensando no amanh\u00e3. E disse tamb\u00e9m :\u00a0&#8220;Na nova pra\u00e7a n\u00f3s vamos ter banheiros (masculino e feminino), porque n\u00f3s sabemos que a popula\u00e7\u00e3o da zona rural vem a Miradouro \u00a0e fica o dia todo resolvendo suas coisas, e as vezes n\u00e3o tem um lugar pra necessidades, e esses banheiros v\u00e3o estar sendo sempre bem cuidados, limpinhos, pois n\u00f3s estamos aqui pra cuidar bem da popula\u00e7\u00e3o.&#8221;<\/p>\n<p>PR: Falando sobre estacionamento, sabemos de cidades da regi\u00e3o, como \u00e9 o caso de Muria\u00e9, onde as vezes \u00e9 dif\u00edcil at\u00e9 comprar devido dificuldades de estacionar estacionar: &#8221; Com esta reforma, o estacionamento fica ainda mais f\u00e1cil em Miradouro, o que fortalece o com\u00e9rcio&#8221;. Disse Mirim<\/p>\n<p><a href=\"http:\/\/paulorobertodaradio.com.br\/site\/wp-content\/uploads\/2015\/09\/PSR02.jpg\"><img loading=\"lazy\" decoding=\"async\" class=\"aligncenter size-full wp-image-11798\" alt=\"PSR02\" src=\"http:\/\/paulorobertodaradio.com.br\/site\/wp-content\/uploads\/2015\/09\/PSR02.jpg\" width=\"960\" height=\"632\" srcset=\"http:\/\/paulorobertodaradio.com.br\/site\/wp-content\/uploads\/2015\/09\/PSR02.jpg 960w, http:\/\/paulorobertodaradio.com.br\/site\/wp-content\/uploads\/2015\/09\/PSR02-300x197.jpg 300w, http:\/\/paulorobertodaradio.com.br\/site\/wp-content\/uploads\/2015\/09\/PSR02-624x410.jpg 624w\" sizes=\"auto, (max-width: 960px) 100vw, 960px\" \/><\/a><\/p>\n<p><span style=\"color: #0000ff;\"><em>\u00a0 \u00a0 \u00a0 \u00a0 \u00a0 \u00a0 \u00a0 \u00a0 \u00a0 \u00a0 \u00a0 \u00a0 \u00a0 \u00a0 \u00a0 \u00a0 \u00a0 \u00a0 \u00a0 \u00a0Onde ser\u00e1 a cobertura dos t\u00e1xis e jardim na laje<\/em><\/span><\/p>\n<p><a href=\"http:\/\/paulorobertodaradio.com.br\/site\/wp-content\/uploads\/2015\/09\/PSR01.jpg\"><img loading=\"lazy\" decoding=\"async\" class=\"aligncenter size-full wp-image-11799\" alt=\"PSR01\" src=\"http:\/\/paulorobertodaradio.com.br\/site\/wp-content\/uploads\/2015\/09\/PSR01.jpg\" width=\"960\" height=\"632\" srcset=\"http:\/\/paulorobertodaradio.com.br\/site\/wp-content\/uploads\/2015\/09\/PSR01.jpg 960w, http:\/\/paulorobertodaradio.com.br\/site\/wp-content\/uploads\/2015\/09\/PSR01-300x197.jpg 300w, http:\/\/paulorobertodaradio.com.br\/site\/wp-content\/uploads\/2015\/09\/PSR01-624x410.jpg 624w\" sizes=\"auto, (max-width: 960px) 100vw, 960px\" \/><\/a><\/p>\n<p><span style=\"color: #0000ff;\">\u00a0 \u00a0 \u00a0 \u00a0 \u00a0 \u00a0 \u00a0 \u00a0 \u00a0 \u00a0 \u00a0 \u00a0 \u00a0 \u00a0 \u00a0 \u00a0 \u00a0 \u00a0 \u00a0 \u00a0 \u00a0 \u00a0 \u00a0 \u00a0 \u00a0 \u00a0 onde ser\u00e1 o espelho d&#8217; \u00e1gua\u00a0<\/span><\/p>\n<p>PR: Muitas vezes aos taxistas reclamaram no plant\u00e3o de not\u00edcias a quest\u00e3o deles ficarem no sol, j\u00e1 que n\u00e3o tem \u00e1rvore, \u00a0esquentando o ve\u00edculo, causando transtornos pra \u00a0os trabalhadores e os passageiros, existe alguma novidade para eles?<\/p>\n<p>&#8220;Sem d\u00favida, \u00a0n\u00f3s teremos uma cobertura para os taxistas, e vamos aproveitar e fazer um jardim suspenso, pra quem n\u00e3o conhece, \u00e9 um jardim sobre uma laje , \u00a0muito comum em grandes centros urbanos, em cima de novos pr\u00e9dios , e \u00e9 uma revolu\u00e7\u00e3o pra Miradouro, \u00a0aproveitando a necessidade de uma cobertura para os taxistas, vamos aproveitar e embelezar ainda mais a pra\u00e7a Santa Rita.&#8221;<a href=\"http:\/\/paulorobertodaradio.com.br\/site\/wp-content\/uploads\/2015\/09\/PSR08.jpg\"><img loading=\"lazy\" decoding=\"async\" class=\"aligncenter size-full wp-image-11800\" alt=\"PSR08\" src=\"http:\/\/paulorobertodaradio.com.br\/site\/wp-content\/uploads\/2015\/09\/PSR08.jpg\" width=\"960\" height=\"632\" srcset=\"http:\/\/paulorobertodaradio.com.br\/site\/wp-content\/uploads\/2015\/09\/PSR08.jpg 960w, http:\/\/paulorobertodaradio.com.br\/site\/wp-content\/uploads\/2015\/09\/PSR08-300x197.jpg 300w, http:\/\/paulorobertodaradio.com.br\/site\/wp-content\/uploads\/2015\/09\/PSR08-624x410.jpg 624w\" sizes=\"auto, (max-width: 960px) 100vw, 960px\" \/><\/a><\/p>\n<p><span style=\"color: #000000;\">PR: As Palmeiras continuam Mirim?<\/span><\/p>\n<p>&#8221; Claro que continuam!!! Eu n\u00e3o corto \u00e1rvore, eu t\u00f4 aqui \u00e9 pra plantar mais arvores. Elas v\u00e3o ser plantadas, juntamente com flores pra embelezar o nosso cart\u00e3o \u00a0postal que \u00e9 a pra\u00e7a Santa Rita. Al\u00e9m disso teremos a nova ilumina\u00e7\u00e3o, teremos na parte de cima da pra\u00e7a, em frente a Igreja Matriz, vamos ter um muro al\u00ed, aumentando aquele passeio, v\u00e1rios bancos ser\u00e3o colocados (28), para as pessoas se sentarem, conversarem, aquilo que sempre aconteceu no munic\u00edpio de Miradouro, que n\u00f3s estamos resgatando.<\/p>\n<p><em id=\"__mceDel\"><a href=\"http:\/\/paulorobertodaradio.com.br\/site\/wp-content\/uploads\/2015\/09\/PSR06-CANTERIOS.jpg\"><img loading=\"lazy\" decoding=\"async\" class=\"aligncenter size-full wp-image-11801\" alt=\"PSR06- CANTERIOS\" src=\"http:\/\/paulorobertodaradio.com.br\/site\/wp-content\/uploads\/2015\/09\/PSR06-CANTERIOS.jpg\" width=\"960\" height=\"632\" srcset=\"http:\/\/paulorobertodaradio.com.br\/site\/wp-content\/uploads\/2015\/09\/PSR06-CANTERIOS.jpg 960w, http:\/\/paulorobertodaradio.com.br\/site\/wp-content\/uploads\/2015\/09\/PSR06-CANTERIOS-300x197.jpg 300w, http:\/\/paulorobertodaradio.com.br\/site\/wp-content\/uploads\/2015\/09\/PSR06-CANTERIOS-624x410.jpg 624w\" sizes=\"auto, (max-width: 960px) 100vw, 960px\" \/><\/a> <a href=\"http:\/\/paulorobertodaradio.com.br\/site\/wp-content\/uploads\/2015\/09\/PSR05.jpg\"><img loading=\"lazy\" decoding=\"async\" class=\"aligncenter size-full wp-image-11802\" alt=\"PSR05\" src=\"http:\/\/paulorobertodaradio.com.br\/site\/wp-content\/uploads\/2015\/09\/PSR05.jpg\" width=\"960\" height=\"632\" srcset=\"http:\/\/paulorobertodaradio.com.br\/site\/wp-content\/uploads\/2015\/09\/PSR05.jpg 960w, http:\/\/paulorobertodaradio.com.br\/site\/wp-content\/uploads\/2015\/09\/PSR05-300x197.jpg 300w, http:\/\/paulorobertodaradio.com.br\/site\/wp-content\/uploads\/2015\/09\/PSR05-624x410.jpg 624w\" sizes=\"auto, (max-width: 960px) 100vw, 960px\" \/><\/a> <a href=\"http:\/\/paulorobertodaradio.com.br\/site\/wp-content\/uploads\/2015\/09\/PSR07.jpg\"><img loading=\"lazy\" decoding=\"async\" class=\"aligncenter size-full wp-image-11803\" alt=\"PSR07\" src=\"http:\/\/paulorobertodaradio.com.br\/site\/wp-content\/uploads\/2015\/09\/PSR07.jpg\" width=\"960\" height=\"632\" srcset=\"http:\/\/paulorobertodaradio.com.br\/site\/wp-content\/uploads\/2015\/09\/PSR07.jpg 960w, http:\/\/paulorobertodaradio.com.br\/site\/wp-content\/uploads\/2015\/09\/PSR07-300x197.jpg 300w, http:\/\/paulorobertodaradio.com.br\/site\/wp-content\/uploads\/2015\/09\/PSR07-624x410.jpg 624w\" sizes=\"auto, (max-width: 960px) 100vw, 960px\" \/><\/a><\/em><\/p>\n<p><span style=\"color: #0000ff;\">\u00a0 \u00a0 \u00a0 \u00a0 \u00a0 \u00a0 \u00a0 \u00a0 \u00a0 \u00a0 \u00a0 \u00a0 \u00a0 \u00a0 \u00a0 \u00a0 \u00a0 \u00a0 \u00a0 \u00a0 \u00a0 \u00a0 \u00a0 \u00a0 \u00a0 \u00a0 \u00a0 \u00a0 \u00a0Canteiros de passeio<\/span><\/p>\n<p>PR: Pra mobilidade das pessoas: &#8220;N\u00f3s vamos ter passeios entre os espa\u00e7os verdes, e preocupados com as pessoas portadoras de defici\u00eancia vamos ter rampas.&#8221; disse Mirim<\/p>\n<p>PR: A pra\u00e7a vai ficar bonita?<\/p>\n<p>&#8220;Sem d\u00favida, sempre digo, o que me interessa \u00e9 que daqui a 20 anos as pessoas olhem para tr\u00e1s e falem: Quem gostou das coisas \u00a0bem feitas em Miradouro foi o prefeito Mirim!!&#8221;<\/p>\n<p><span style=\"color: #ff0000;\">Previs\u00e3o de entrega da obra?<\/span><\/p>\n<p>&#8220;22 de Maio de 2016, no dia de Santa Rita de C\u00e1ssia, ela \u00e9 a padroeira do Munic\u00edpio, e a pra\u00e7a est\u00e1 no nome dela, ent\u00e3o nada melhor do que esse dia pra representar , e entregar ao povo aquilo que necessidade dele, e que \u00e9 um espelho realmente que Miradouro sempre amou e respeitou, esta Pra\u00e7a. Eu andando aqui hoje com os pedreiros, j\u00e1 pude sentir a felicidade que vivi em bons tempos nela.&#8221;<\/p>\n<p>O prefeito ainda deixou um recado aos moradores do Cruzeiro: &#8221; Foi colocados no Cruzeiro alguns postes de energia, que ainda n\u00e3o tem uma ilumina\u00e7\u00e3o eficiente , e existe um comprometimento da empresa contratada \u00a0(quark) para que at\u00e9 a pr\u00f3xima sexta feira (11) colocar os bra\u00e7os nos postes, e a\u00ed a Energisa \u00a0vir\u00e1 na semana seguinte pra colocar luz nesta regi\u00e3o do Cruzeiro que a noite \u00e9 escura.<\/p>\n<p><span style=\"font-size: 1rem; line-height: 1.71429;\">Ao final da entrevista Mirim agradeceu a popula\u00e7\u00e3o de Miradouro pela confian\u00e7a depositada nele e disse : &#8221; Estou aqui pra lutar por voc\u00eas e fazer o melhor pra todo esse povo que eu amo muito, um bom dia a todos .&#8221;<a href=\"http:\/\/paulorobertodaradio.com.br\/site\/wp-content\/uploads\/2015\/09\/PSR04.jpg\"><img loading=\"lazy\" decoding=\"async\" class=\"aligncenter size-full wp-image-11804\" alt=\"PSR04\" src=\"http:\/\/paulorobertodaradio.com.br\/site\/wp-content\/uploads\/2015\/09\/PSR04.jpg\" width=\"960\" height=\"632\" srcset=\"http:\/\/paulorobertodaradio.com.br\/site\/wp-content\/uploads\/2015\/09\/PSR04.jpg 960w, http:\/\/paulorobertodaradio.com.br\/site\/wp-content\/uploads\/2015\/09\/PSR04-300x197.jpg 300w, http:\/\/paulorobertodaradio.com.br\/site\/wp-content\/uploads\/2015\/09\/PSR04-624x410.jpg 624w\" sizes=\"auto, (max-width: 960px) 100vw, 960px\" \/><\/a> <a href=\"http:\/\/paulorobertodaradio.com.br\/site\/wp-content\/uploads\/2015\/09\/PSR09.jpg\"><img loading=\"lazy\" decoding=\"async\" class=\"aligncenter size-full wp-image-11805\" alt=\"PSR09\" src=\"http:\/\/paulorobertodaradio.com.br\/site\/wp-content\/uploads\/2015\/09\/PSR09.jpg\" width=\"960\" height=\"632\" srcset=\"http:\/\/paulorobertodaradio.com.br\/site\/wp-content\/uploads\/2015\/09\/PSR09.jpg 960w, http:\/\/paulorobertodaradio.com.br\/site\/wp-content\/uploads\/2015\/09\/PSR09-300x197.jpg 300w, http:\/\/paulorobertodaradio.com.br\/site\/wp-content\/uploads\/2015\/09\/PSR09-624x410.jpg 624w\" sizes=\"auto, (max-width: 960px) 100vw, 960px\" \/><\/a> <a href=\"http:\/\/paulorobertodaradio.com.br\/site\/wp-content\/uploads\/2015\/09\/PSR10.jpg\"><img loading=\"lazy\" decoding=\"async\" class=\"aligncenter size-full wp-image-11806\" alt=\"PSR10\" src=\"http:\/\/paulorobertodaradio.com.br\/site\/wp-content\/uploads\/2015\/09\/PSR10.jpg\" width=\"960\" height=\"632\" srcset=\"http:\/\/paulorobertodaradio.com.br\/site\/wp-content\/uploads\/2015\/09\/PSR10.jpg 960w, http:\/\/paulorobertodaradio.com.br\/site\/wp-content\/uploads\/2015\/09\/PSR10-300x197.jpg 300w, http:\/\/paulorobertodaradio.com.br\/site\/wp-content\/uploads\/2015\/09\/PSR10-624x410.jpg 624w\" sizes=\"auto, (max-width: 960px) 100vw, 960px\" \/><\/a><a href=\"http:\/\/paulorobertodaradio.com.br\/site\/wp-content\/uploads\/2015\/09\/PSR12.jpg\"><img loading=\"lazy\" decoding=\"async\" class=\"aligncenter size-full wp-image-11808\" alt=\"PSR12\" src=\"http:\/\/paulorobertodaradio.com.br\/site\/wp-content\/uploads\/2015\/09\/PSR12.jpg\" width=\"960\" height=\"632\" srcset=\"http:\/\/paulorobertodaradio.com.br\/site\/wp-content\/uploads\/2015\/09\/PSR12.jpg 960w, http:\/\/paulorobertodaradio.com.br\/site\/wp-content\/uploads\/2015\/09\/PSR12-300x197.jpg 300w, http:\/\/paulorobertodaradio.com.br\/site\/wp-content\/uploads\/2015\/09\/PSR12-624x410.jpg 624w\" sizes=\"auto, (max-width: 960px) 100vw, 960px\" \/><\/a> <a href=\"http:\/\/paulorobertodaradio.com.br\/site\/wp-content\/uploads\/2015\/09\/PSR13.jpg\"><img loading=\"lazy\" decoding=\"async\" class=\"aligncenter size-full wp-image-11809\" alt=\"PSR13\" src=\"http:\/\/paulorobertodaradio.com.br\/site\/wp-content\/uploads\/2015\/09\/PSR13.jpg\" width=\"960\" height=\"632\" srcset=\"http:\/\/paulorobertodaradio.com.br\/site\/wp-content\/uploads\/2015\/09\/PSR13.jpg 960w, http:\/\/paulorobertodaradio.com.br\/site\/wp-content\/uploads\/2015\/09\/PSR13-300x197.jpg 300w, http:\/\/paulorobertodaradio.com.br\/site\/wp-content\/uploads\/2015\/09\/PSR13-624x410.jpg 624w\" sizes=\"auto, (max-width: 960px) 100vw, 960px\" \/><\/a> <a href=\"http:\/\/paulorobertodaradio.com.br\/site\/wp-content\/uploads\/2015\/09\/PSR14.jpg\"><img loading=\"lazy\" decoding=\"async\" class=\"aligncenter size-full wp-image-11810\" alt=\"PSR14\" src=\"http:\/\/paulorobertodaradio.com.br\/site\/wp-content\/uploads\/2015\/09\/PSR14.jpg\" width=\"960\" height=\"632\" srcset=\"http:\/\/paulorobertodaradio.com.br\/site\/wp-content\/uploads\/2015\/09\/PSR14.jpg 960w, http:\/\/paulorobertodaradio.com.br\/site\/wp-content\/uploads\/2015\/09\/PSR14-300x197.jpg 300w, http:\/\/paulorobertodaradio.com.br\/site\/wp-content\/uploads\/2015\/09\/PSR14-624x410.jpg 624w\" sizes=\"auto, (max-width: 960px) 100vw, 960px\" \/><\/a> <a href=\"http:\/\/paulorobertodaradio.com.br\/site\/wp-content\/uploads\/2015\/09\/PSR15.jpg\"><img loading=\"lazy\" decoding=\"async\" class=\"aligncenter size-full wp-image-11811\" alt=\"PSR15\" src=\"http:\/\/paulorobertodaradio.com.br\/site\/wp-content\/uploads\/2015\/09\/PSR15.jpg\" width=\"960\" height=\"632\" srcset=\"http:\/\/paulorobertodaradio.com.br\/site\/wp-content\/uploads\/2015\/09\/PSR15.jpg 960w, http:\/\/paulorobertodaradio.com.br\/site\/wp-content\/uploads\/2015\/09\/PSR15-300x197.jpg 300w, http:\/\/paulorobertodaradio.com.br\/site\/wp-content\/uploads\/2015\/09\/PSR15-624x410.jpg 624w\" sizes=\"auto, (max-width: 960px) 100vw, 960px\" \/><\/a><\/span><\/p>\n<p>PR: Vamos estar sempre acompanhando as obras da prefeitura, mas sempre com total imparcialidade nos fatos, \u00a0Mas dando abertura e voz ao povo quando houver alguma sugest\u00e3o, cr\u00edticas, e demais solicita\u00e7\u00f5es da sociedade Miradourense ,estamos aqui a disposi\u00e7\u00e3o de toda sociedade, independente de religi\u00e3o, partido pol\u00edtico, \u00a0ou situa\u00e7\u00e3o financeira.<\/p>\n<p>&nbsp;<\/p>\n","protected":false},"excerpt":{"rendered":"<p>Em entrevista ao Paulo Roberto da r\u00e1dio, \u00a0na manh\u00e3 deste Domingo, por volta das 11:40 pela r\u00e1dio 87,9 FM de Miradouro, o prefeito Almiro Marques de Lacerda Filho (Mirim) falou sobre a nova Pra\u00e7a Santa Rita. Ele disse: &#8220;A nova pra\u00e7a Santa Rita \u00a0vai trazer novamente aquele contato \u00edntimo com natureza, com verde. Onde tinha [&hellip;]<\/p>\n","protected":false},"author":2,"featured_media":0,"comment_status":"open","ping_status":"open","sticky":false,"template":"","format":"standard","meta":{"footnotes":""},"categories":[1],"tags":[],"class_list":["post-11794","post","type-post","status-publish","format-standard","hentry","category-sem-categoria"],"_links":{"self":[{"href":"http:\/\/paulorobertodaradio.com.br\/site\/index.php?rest_route=\/wp\/v2\/posts\/11794","targetHints":{"allow":["GET"]}}],"collection":[{"href":"http:\/\/paulorobertodaradio.com.br\/site\/index.php?rest_route=\/wp\/v2\/posts"}],"about":[{"href":"http:\/\/paulorobertodaradio.com.br\/site\/index.php?rest_route=\/wp\/v2\/types\/post"}],"author":[{"embeddable":true,"href":"http:\/\/paulorobertodaradio.com.br\/site\/index.php?rest_route=\/wp\/v2\/users\/2"}],"replies":[{"embeddable":true,"href":"http:\/\/paulorobertodaradio.com.br\/site\/index.php?rest_route=%2Fwp%2Fv2%2Fcomments&post=11794"}],"version-history":[{"count":6,"href":"http:\/\/paulorobertodaradio.com.br\/site\/index.php?rest_route=\/wp\/v2\/posts\/11794\/revisions"}],"predecessor-version":[{"id":11815,"href":"http:\/\/paulorobertodaradio.com.br\/site\/index.php?rest_route=\/wp\/v2\/posts\/11794\/revisions\/11815"}],"wp:attachment":[{"href":"http:\/\/paulorobertodaradio.com.br\/site\/index.php?rest_route=%2Fwp%2Fv2%2Fmedia&parent=11794"}],"wp:term":[{"taxonomy":"category","embeddable":true,"href":"http:\/\/paulorobertodaradio.com.br\/site\/index.php?rest_route=%2Fwp%2Fv2%2Fcategories&post=11794"},{"taxonomy":"post_tag","embeddable":true,"href":"http:\/\/paulorobertodaradio.com.br\/site\/index.php?rest_route=%2Fwp%2Fv2%2Ftags&post=11794"}],"curies":[{"name":"wp","href":"https:\/\/api.w.org\/{rel}","templated":true}]}}