{"id":11816,"date":"2015-09-06T02:14:27","date_gmt":"2015-09-06T05:14:27","guid":{"rendered":"http:\/\/paulorobertodaradio.com.br\/site\/?p=11816"},"modified":"2015-09-06T02:14:27","modified_gmt":"2015-09-06T05:14:27","slug":"em-reduto-casal-e-feito-refem-levados-a-motel-e-assaltados","status":"publish","type":"post","link":"http:\/\/paulorobertodaradio.com.br\/site\/?p=11816","title":{"rendered":"EM REDUTO: CASAL \u00c9 FEITO REF\u00c9M, LEVADOS A MOTEL E ASSALTADOS."},"content":{"rendered":"<p><a href=\"http:\/\/paulorobertodaradio.com.br\/site\/wp-content\/uploads\/2015\/08\/FAROL1.jpg\"><br \/>\n<\/a><a href=\"http:\/\/paulorobertodaradio.com.br\/site\/wp-content\/uploads\/2015\/08\/FAROL1.jpg\"><img loading=\"lazy\" decoding=\"async\" class=\"size-full wp-image-11502 alignleft\" alt=\"FAROL\" src=\"http:\/\/paulorobertodaradio.com.br\/site\/wp-content\/uploads\/2015\/08\/FAROL1.jpg\" width=\"400\" height=\"300\" srcset=\"http:\/\/paulorobertodaradio.com.br\/site\/wp-content\/uploads\/2015\/08\/FAROL1.jpg 400w, http:\/\/paulorobertodaradio.com.br\/site\/wp-content\/uploads\/2015\/08\/FAROL1-300x225.jpg 300w\" sizes=\"auto, (max-width: 400px) 100vw, 400px\" \/><\/a>A Pol\u00edcia Militar registrou um assalto a um casal de namorados que estava num posto do combust\u00edvel em Reduto, \u00e0s margens da BR 262, pr\u00f3ximo \u00e0 sa\u00edda para Martins Soares, na madrugada desta sexta, 04\/09. As v\u00edtimas foram rendidas por tr\u00eas homens encapuzados.<br \/>\nNuma r\u00e1pida a\u00e7\u00e3o foram levados o casal e o carro. Segundo as v\u00edtimas, os assaltantes os conduziram at\u00e9 Martins Soares, depois \u00e0 Matinha, por v\u00e1rios outros pontos de Manhua\u00e7u e em seguida foram para o Motel Bis, de onde sa\u00edram por volta de 3 horas da manh\u00e3. Eles pagaram normalmente pelo motel para n\u00e3o levantar suspei\u00e7\u00e3o.<br \/>\nO casal foi deixado pr\u00f3ximo a um bar amarrado com presilhas de pl\u00e1stico. Foram roubados 5 mil reais em dinheiro, um cord\u00e3o e uma pulseira de ouro, um rel\u00f3gio de pulso folheado a ouro e os telefones celulares das v\u00edtimas.<br \/>\nPossivelmente a fuga tenha acontecido em um Uno, de cor vermelha, duas portas. Imagens do motel ser\u00e3o vistas para tentar identificar os autores.<br \/>\nCom informa\u00e7\u00f5es da PM &#8211; ao Manhua\u00e7u News.<\/p>\n","protected":false},"excerpt":{"rendered":"<p>A Pol\u00edcia Militar registrou um assalto a um casal de namorados que estava num posto do combust\u00edvel em Reduto, \u00e0s margens da BR 262, pr\u00f3ximo \u00e0 sa\u00edda para Martins Soares, na madrugada desta sexta, 04\/09. As v\u00edtimas foram rendidas por tr\u00eas homens encapuzados. Numa r\u00e1pida a\u00e7\u00e3o foram levados o casal e o carro. Segundo as [&hellip;]<\/p>\n","protected":false},"author":2,"featured_media":0,"comment_status":"open","ping_status":"open","sticky":false,"template":"","format":"standard","meta":{"footnotes":""},"categories":[1],"tags":[],"class_list":["post-11816","post","type-post","status-publish","format-standard","hentry","category-sem-categoria"],"_links":{"self":[{"href":"http:\/\/paulorobertodaradio.com.br\/site\/index.php?rest_route=\/wp\/v2\/posts\/11816","targetHints":{"allow":["GET"]}}],"collection":[{"href":"http:\/\/paulorobertodaradio.com.br\/site\/index.php?rest_route=\/wp\/v2\/posts"}],"about":[{"href":"http:\/\/paulorobertodaradio.com.br\/site\/index.php?rest_route=\/wp\/v2\/types\/post"}],"author":[{"embeddable":true,"href":"http:\/\/paulorobertodaradio.com.br\/site\/index.php?rest_route=\/wp\/v2\/users\/2"}],"replies":[{"embeddable":true,"href":"http:\/\/paulorobertodaradio.com.br\/site\/index.php?rest_route=%2Fwp%2Fv2%2Fcomments&post=11816"}],"version-history":[{"count":2,"href":"http:\/\/paulorobertodaradio.com.br\/site\/index.php?rest_route=\/wp\/v2\/posts\/11816\/revisions"}],"predecessor-version":[{"id":11818,"href":"http:\/\/paulorobertodaradio.com.br\/site\/index.php?rest_route=\/wp\/v2\/posts\/11816\/revisions\/11818"}],"wp:attachment":[{"href":"http:\/\/paulorobertodaradio.com.br\/site\/index.php?rest_route=%2Fwp%2Fv2%2Fmedia&parent=11816"}],"wp:term":[{"taxonomy":"category","embeddable":true,"href":"http:\/\/paulorobertodaradio.com.br\/site\/index.php?rest_route=%2Fwp%2Fv2%2Fcategories&post=11816"},{"taxonomy":"post_tag","embeddable":true,"href":"http:\/\/paulorobertodaradio.com.br\/site\/index.php?rest_route=%2Fwp%2Fv2%2Ftags&post=11816"}],"curies":[{"name":"wp","href":"https:\/\/api.w.org\/{rel}","templated":true}]}}