{"id":11819,"date":"2015-09-07T15:00:10","date_gmt":"2015-09-07T18:00:10","guid":{"rendered":"http:\/\/paulorobertodaradio.com.br\/site\/?p=11819"},"modified":"2015-09-07T15:02:18","modified_gmt":"2015-09-07T18:02:18","slug":"em-muriae-acidente-na-serra-belvedere-envolve-3-veiculos-e-mata-primo-de-prefeito-de-muriae","status":"publish","type":"post","link":"http:\/\/paulorobertodaradio.com.br\/site\/?p=11819","title":{"rendered":"EM MURIA\u00c9: ACIDENTE NA SERRA BELVEDERE ENVOLVE 3 VE\u00cdCULOS E MATA PRIMO DE PREFEITO DE MURIA\u00c9."},"content":{"rendered":"<p><span style=\"line-height: 1.71429; font-size: 1rem;\"><a href=\"http:\/\/paulorobertodaradio.com.br\/site\/wp-content\/uploads\/2015\/09\/acid-bel-vedere01.jpg\"><img loading=\"lazy\" decoding=\"async\" class=\"aligncenter size-full wp-image-11820\" alt=\"acid bel vedere01\" src=\"http:\/\/paulorobertodaradio.com.br\/site\/wp-content\/uploads\/2015\/09\/acid-bel-vedere01.jpg\" width=\"465\" height=\"581\" srcset=\"http:\/\/paulorobertodaradio.com.br\/site\/wp-content\/uploads\/2015\/09\/acid-bel-vedere01.jpg 465w, http:\/\/paulorobertodaradio.com.br\/site\/wp-content\/uploads\/2015\/09\/acid-bel-vedere01-240x300.jpg 240w\" sizes=\"auto, (max-width: 465px) 100vw, 465px\" \/><\/a>Acidente aconteceu no final da manh\u00e3 desta segunda-feira na Serra do Belvedere, e envolveu um ve\u00edculo Ford Ka, placa de Muria\u00e9-MG, que viajava em sentido a cidade, e teria atingido uma caminhonete Ranger, placa do Rio de Janeiro-RJ que chegou a capotar, e ainda uma carreta, placa de S\u00e3o Paulo, que foi atingida lateralmente. O motorista do Ford K, o muriaeense, Jos\u00e9 Luis Vieira Aquino, 59 anos, m\u00e9dico, primo do prefeito de Muria\u00e9, Aloysio, morreu no local, e outras duas pessoas da caminhonete ficaram feridas.<a href=\"http:\/\/paulorobertodaradio.com.br\/site\/wp-content\/uploads\/2015\/09\/acid-bel-vedere02.jpg\"><img loading=\"lazy\" decoding=\"async\" class=\"aligncenter size-full wp-image-11821\" alt=\"acid bel vedere02\" src=\"http:\/\/paulorobertodaradio.com.br\/site\/wp-content\/uploads\/2015\/09\/acid-bel-vedere02.jpg\" width=\"620\" height=\"465\" srcset=\"http:\/\/paulorobertodaradio.com.br\/site\/wp-content\/uploads\/2015\/09\/acid-bel-vedere02.jpg 620w, http:\/\/paulorobertodaradio.com.br\/site\/wp-content\/uploads\/2015\/09\/acid-bel-vedere02-300x225.jpg 300w\" sizes=\"auto, (max-width: 620px) 100vw, 620px\" \/><\/a> <a href=\"http:\/\/paulorobertodaradio.com.br\/site\/wp-content\/uploads\/2015\/09\/acid-bel-vedere03.jpg\"><img loading=\"lazy\" decoding=\"async\" class=\"aligncenter size-full wp-image-11822\" alt=\"acid bel vedere03\" src=\"http:\/\/paulorobertodaradio.com.br\/site\/wp-content\/uploads\/2015\/09\/acid-bel-vedere03.jpg\" width=\"620\" height=\"465\" srcset=\"http:\/\/paulorobertodaradio.com.br\/site\/wp-content\/uploads\/2015\/09\/acid-bel-vedere03.jpg 620w, http:\/\/paulorobertodaradio.com.br\/site\/wp-content\/uploads\/2015\/09\/acid-bel-vedere03-300x225.jpg 300w\" sizes=\"auto, (max-width: 620px) 100vw, 620px\" \/><\/a> <a href=\"http:\/\/paulorobertodaradio.com.br\/site\/wp-content\/uploads\/2015\/09\/acid-bel-vedere04.jpg\"><img loading=\"lazy\" decoding=\"async\" class=\"aligncenter size-full wp-image-11823\" alt=\"acid bel vedere04\" src=\"http:\/\/paulorobertodaradio.com.br\/site\/wp-content\/uploads\/2015\/09\/acid-bel-vedere04.jpg\" width=\"620\" height=\"465\" srcset=\"http:\/\/paulorobertodaradio.com.br\/site\/wp-content\/uploads\/2015\/09\/acid-bel-vedere04.jpg 620w, http:\/\/paulorobertodaradio.com.br\/site\/wp-content\/uploads\/2015\/09\/acid-bel-vedere04-300x225.jpg 300w\" sizes=\"auto, (max-width: 620px) 100vw, 620px\" \/><\/a><\/span><\/p>\n<p>Colabora\u00e7\u00e3o na mat\u00e9ria: silvanalves.com.br<\/p>\n","protected":false},"excerpt":{"rendered":"<p>Acidente aconteceu no final da manh\u00e3 desta segunda-feira na Serra do Belvedere, e envolveu um ve\u00edculo Ford Ka, placa de Muria\u00e9-MG, que viajava em sentido a cidade, e teria atingido uma caminhonete Ranger, placa do Rio de Janeiro-RJ que chegou a capotar, e ainda uma carreta, placa de S\u00e3o Paulo, que foi atingida lateralmente. O [&hellip;]<\/p>\n","protected":false},"author":2,"featured_media":0,"comment_status":"open","ping_status":"open","sticky":false,"template":"","format":"standard","meta":{"footnotes":""},"categories":[1],"tags":[],"class_list":["post-11819","post","type-post","status-publish","format-standard","hentry","category-sem-categoria"],"_links":{"self":[{"href":"http:\/\/paulorobertodaradio.com.br\/site\/index.php?rest_route=\/wp\/v2\/posts\/11819","targetHints":{"allow":["GET"]}}],"collection":[{"href":"http:\/\/paulorobertodaradio.com.br\/site\/index.php?rest_route=\/wp\/v2\/posts"}],"about":[{"href":"http:\/\/paulorobertodaradio.com.br\/site\/index.php?rest_route=\/wp\/v2\/types\/post"}],"author":[{"embeddable":true,"href":"http:\/\/paulorobertodaradio.com.br\/site\/index.php?rest_route=\/wp\/v2\/users\/2"}],"replies":[{"embeddable":true,"href":"http:\/\/paulorobertodaradio.com.br\/site\/index.php?rest_route=%2Fwp%2Fv2%2Fcomments&post=11819"}],"version-history":[{"count":3,"href":"http:\/\/paulorobertodaradio.com.br\/site\/index.php?rest_route=\/wp\/v2\/posts\/11819\/revisions"}],"predecessor-version":[{"id":11825,"href":"http:\/\/paulorobertodaradio.com.br\/site\/index.php?rest_route=\/wp\/v2\/posts\/11819\/revisions\/11825"}],"wp:attachment":[{"href":"http:\/\/paulorobertodaradio.com.br\/site\/index.php?rest_route=%2Fwp%2Fv2%2Fmedia&parent=11819"}],"wp:term":[{"taxonomy":"category","embeddable":true,"href":"http:\/\/paulorobertodaradio.com.br\/site\/index.php?rest_route=%2Fwp%2Fv2%2Fcategories&post=11819"},{"taxonomy":"post_tag","embeddable":true,"href":"http:\/\/paulorobertodaradio.com.br\/site\/index.php?rest_route=%2Fwp%2Fv2%2Ftags&post=11819"}],"curies":[{"name":"wp","href":"https:\/\/api.w.org\/{rel}","templated":true}]}}