{"id":11827,"date":"2015-09-07T15:03:46","date_gmt":"2015-09-07T18:03:46","guid":{"rendered":"http:\/\/paulorobertodaradio.com.br\/site\/?p=11827"},"modified":"2015-09-07T15:03:46","modified_gmt":"2015-09-07T18:03:46","slug":"na-br-116-carreta-tomba-e-mata-motorista","status":"publish","type":"post","link":"http:\/\/paulorobertodaradio.com.br\/site\/?p=11827","title":{"rendered":"NA BR 116: CARRETA TOMBA E MATA MOTORISTA."},"content":{"rendered":"<p><span style=\"line-height: 1.71429; font-size: 1rem;\"><a href=\"http:\/\/paulorobertodaradio.com.br\/site\/wp-content\/uploads\/2015\/09\/carreta-tomba01.jpg\"><img loading=\"lazy\" decoding=\"async\" class=\"aligncenter size-full wp-image-11830\" alt=\"carreta tomba01\" src=\"http:\/\/paulorobertodaradio.com.br\/site\/wp-content\/uploads\/2015\/09\/carreta-tomba01.jpg\" width=\"600\" height=\"412\" srcset=\"http:\/\/paulorobertodaradio.com.br\/site\/wp-content\/uploads\/2015\/09\/carreta-tomba01.jpg 600w, http:\/\/paulorobertodaradio.com.br\/site\/wp-content\/uploads\/2015\/09\/carreta-tomba01-300x206.jpg 300w\" sizes=\"auto, (max-width: 600px) 100vw, 600px\" \/><\/a>A Pol\u00edcia Rodovi\u00e1ria Federal registrou um grave acidente na BR-116 na manh\u00e3 deste domingo, por volta das 10h30, pr\u00f3ximo a Oriz\u00e2nia. Uma carreta carregada e carv\u00e3o tombou em uma ponte do acesso a Pedra Bonita e o motorista, Jos\u00e9 Alberto Dias de Freitas, 41 anos, morreu no local preso \u00e0s ferragens. \u201cNa carreta viajava apenas o motorista e os moradores pr\u00f3ximo ao local ainda tentaram socorrer a v\u00edtima, que seguia para o Rio de Janeiro\u201d, segundo informa\u00e7\u00f5es do rep\u00f3rter Hitler Cezar do Jornal O Campe\u00e3o (jornalocampeao.com).<a href=\"http:\/\/paulorobertodaradio.com.br\/site\/wp-content\/uploads\/2015\/09\/carreta-tomba02.jpg\"><img loading=\"lazy\" decoding=\"async\" class=\"aligncenter size-full wp-image-11828\" alt=\"carreta tomba02\" src=\"http:\/\/paulorobertodaradio.com.br\/site\/wp-content\/uploads\/2015\/09\/carreta-tomba02.jpg\" width=\"600\" height=\"368\" srcset=\"http:\/\/paulorobertodaradio.com.br\/site\/wp-content\/uploads\/2015\/09\/carreta-tomba02.jpg 600w, http:\/\/paulorobertodaradio.com.br\/site\/wp-content\/uploads\/2015\/09\/carreta-tomba02-300x184.jpg 300w\" sizes=\"auto, (max-width: 600px) 100vw, 600px\" \/><\/a> <a href=\"http:\/\/paulorobertodaradio.com.br\/site\/wp-content\/uploads\/2015\/09\/carreta-tomba03.jpg\"><img loading=\"lazy\" decoding=\"async\" class=\"aligncenter size-full wp-image-11829\" alt=\"carreta tomba03\" src=\"http:\/\/paulorobertodaradio.com.br\/site\/wp-content\/uploads\/2015\/09\/carreta-tomba03.jpg\" width=\"600\" height=\"419\" srcset=\"http:\/\/paulorobertodaradio.com.br\/site\/wp-content\/uploads\/2015\/09\/carreta-tomba03.jpg 600w, http:\/\/paulorobertodaradio.com.br\/site\/wp-content\/uploads\/2015\/09\/carreta-tomba03-300x209.jpg 300w\" sizes=\"auto, (max-width: 600px) 100vw, 600px\" \/><\/a><\/span><\/p>\n","protected":false},"excerpt":{"rendered":"<p>A Pol\u00edcia Rodovi\u00e1ria Federal registrou um grave acidente na BR-116 na manh\u00e3 deste domingo, por volta das 10h30, pr\u00f3ximo a Oriz\u00e2nia. Uma carreta carregada e carv\u00e3o tombou em uma ponte do acesso a Pedra Bonita e o motorista, Jos\u00e9 Alberto Dias de Freitas, 41 anos, morreu no local preso \u00e0s ferragens. \u201cNa carreta viajava apenas [&hellip;]<\/p>\n","protected":false},"author":2,"featured_media":0,"comment_status":"open","ping_status":"open","sticky":false,"template":"","format":"standard","meta":{"footnotes":""},"categories":[1],"tags":[],"class_list":["post-11827","post","type-post","status-publish","format-standard","hentry","category-sem-categoria"],"_links":{"self":[{"href":"http:\/\/paulorobertodaradio.com.br\/site\/index.php?rest_route=\/wp\/v2\/posts\/11827","targetHints":{"allow":["GET"]}}],"collection":[{"href":"http:\/\/paulorobertodaradio.com.br\/site\/index.php?rest_route=\/wp\/v2\/posts"}],"about":[{"href":"http:\/\/paulorobertodaradio.com.br\/site\/index.php?rest_route=\/wp\/v2\/types\/post"}],"author":[{"embeddable":true,"href":"http:\/\/paulorobertodaradio.com.br\/site\/index.php?rest_route=\/wp\/v2\/users\/2"}],"replies":[{"embeddable":true,"href":"http:\/\/paulorobertodaradio.com.br\/site\/index.php?rest_route=%2Fwp%2Fv2%2Fcomments&post=11827"}],"version-history":[{"count":2,"href":"http:\/\/paulorobertodaradio.com.br\/site\/index.php?rest_route=\/wp\/v2\/posts\/11827\/revisions"}],"predecessor-version":[{"id":11832,"href":"http:\/\/paulorobertodaradio.com.br\/site\/index.php?rest_route=\/wp\/v2\/posts\/11827\/revisions\/11832"}],"wp:attachment":[{"href":"http:\/\/paulorobertodaradio.com.br\/site\/index.php?rest_route=%2Fwp%2Fv2%2Fmedia&parent=11827"}],"wp:term":[{"taxonomy":"category","embeddable":true,"href":"http:\/\/paulorobertodaradio.com.br\/site\/index.php?rest_route=%2Fwp%2Fv2%2Fcategories&post=11827"},{"taxonomy":"post_tag","embeddable":true,"href":"http:\/\/paulorobertodaradio.com.br\/site\/index.php?rest_route=%2Fwp%2Fv2%2Ftags&post=11827"}],"curies":[{"name":"wp","href":"https:\/\/api.w.org\/{rel}","templated":true}]}}