{"id":11833,"date":"2015-09-07T15:08:05","date_gmt":"2015-09-07T18:08:05","guid":{"rendered":"http:\/\/paulorobertodaradio.com.br\/site\/?p=11833"},"modified":"2015-09-07T21:08:07","modified_gmt":"2015-09-08T00:08:07","slug":"depois-de-4-meses-e-meio-internada-em-hospital-de-itaperuna-morre-lorena-coelho","status":"publish","type":"post","link":"http:\/\/paulorobertodaradio.com.br\/site\/?p=11833","title":{"rendered":"DEPOIS DE 4 MESES E MEIO INTERNADA EM HOSPITAL DE ITAPERUNA, MORRE LORENA COELHO."},"content":{"rendered":"<p><span style=\"line-height: 1.71429; font-size: 1rem;\"><a href=\"http:\/\/paulorobertodaradio.com.br\/site\/wp-content\/uploads\/2015\/09\/LORENA01.jpg\"><img loading=\"lazy\" decoding=\"async\" class=\"size-full wp-image-11834 alignleft\" alt=\"LORENA01\" src=\"http:\/\/paulorobertodaradio.com.br\/site\/wp-content\/uploads\/2015\/09\/LORENA01.jpg\" width=\"300\" height=\"300\" srcset=\"http:\/\/paulorobertodaradio.com.br\/site\/wp-content\/uploads\/2015\/09\/LORENA01.jpg 300w, http:\/\/paulorobertodaradio.com.br\/site\/wp-content\/uploads\/2015\/09\/LORENA01-150x150.jpg 150w\" sizes=\"auto, (max-width: 300px) 100vw, 300px\" \/><\/a>A jovem de 21 anos de idade sofreu um acidente no dia 21 de abril deste ano, quando voltava de uma Boate aqui em Muria\u00e9, onde havia ido a uma festa, em um carro que era dirigido por sua amiga Janine Ligiero de 27 anos de idade, que faleceu no local. Lorena que ficou internada na UTI durante todos esses meses, passou por v\u00e1rias cirurgias. Familiares e amigos se mantiveram mobilizados durante todo o tempo, em correntes de ora\u00e7\u00e3o e a\u00e7\u00f5es para que a jovem tivesse a sua disposi\u00e7\u00e3o todos os recursos necess\u00e1rios. Lorena Coelho morreu na noite deste s\u00e1bado (05\/09), por volta das 22h30, na UTI do HSJA. O corpo de Lorena Coelho est\u00e1 sendo velado na S\u00e9tima Igreja Batista de Itaperuna, que fica na Rua Alfredo Coelho, 75 no Bairro Aeroporto. O sepultamento foi no domingo \u00e0s 16h, no Cemit\u00e9rio S\u00e3o Jos\u00e9 do Iva\u00ed<a href=\"http:\/\/paulorobertodaradio.com.br\/site\/wp-content\/uploads\/2015\/09\/LORENA02.jpg\"><img loading=\"lazy\" decoding=\"async\" class=\"aligncenter size-full wp-image-11835\" alt=\"LORENA02\" src=\"http:\/\/paulorobertodaradio.com.br\/site\/wp-content\/uploads\/2015\/09\/LORENA02.jpg\" width=\"600\" height=\"435\" srcset=\"http:\/\/paulorobertodaradio.com.br\/site\/wp-content\/uploads\/2015\/09\/LORENA02.jpg 600w, http:\/\/paulorobertodaradio.com.br\/site\/wp-content\/uploads\/2015\/09\/LORENA02-300x217.jpg 300w\" sizes=\"auto, (max-width: 600px) 100vw, 600px\" \/><\/a> <a href=\"http:\/\/paulorobertodaradio.com.br\/site\/wp-content\/uploads\/2015\/09\/LORENA03.jpg\"><img loading=\"lazy\" decoding=\"async\" class=\"aligncenter size-full wp-image-11836\" alt=\"LORENA03\" src=\"http:\/\/paulorobertodaradio.com.br\/site\/wp-content\/uploads\/2015\/09\/LORENA03.jpg\" width=\"600\" height=\"450\" srcset=\"http:\/\/paulorobertodaradio.com.br\/site\/wp-content\/uploads\/2015\/09\/LORENA03.jpg 600w, http:\/\/paulorobertodaradio.com.br\/site\/wp-content\/uploads\/2015\/09\/LORENA03-300x225.jpg 300w\" sizes=\"auto, (max-width: 600px) 100vw, 600px\" \/><\/a><\/span><\/p>\n<p>Fonte: Adilson Ribeiro<\/p>\n","protected":false},"excerpt":{"rendered":"<p>A jovem de 21 anos de idade sofreu um acidente no dia 21 de abril deste ano, quando voltava de uma Boate aqui em Muria\u00e9, onde havia ido a uma festa, em um carro que era dirigido por sua amiga Janine Ligiero de 27 anos de idade, que faleceu no local. Lorena que ficou internada [&hellip;]<\/p>\n","protected":false},"author":2,"featured_media":0,"comment_status":"open","ping_status":"open","sticky":false,"template":"","format":"standard","meta":{"footnotes":""},"categories":[1],"tags":[],"class_list":["post-11833","post","type-post","status-publish","format-standard","hentry","category-sem-categoria"],"_links":{"self":[{"href":"http:\/\/paulorobertodaradio.com.br\/site\/index.php?rest_route=\/wp\/v2\/posts\/11833","targetHints":{"allow":["GET"]}}],"collection":[{"href":"http:\/\/paulorobertodaradio.com.br\/site\/index.php?rest_route=\/wp\/v2\/posts"}],"about":[{"href":"http:\/\/paulorobertodaradio.com.br\/site\/index.php?rest_route=\/wp\/v2\/types\/post"}],"author":[{"embeddable":true,"href":"http:\/\/paulorobertodaradio.com.br\/site\/index.php?rest_route=\/wp\/v2\/users\/2"}],"replies":[{"embeddable":true,"href":"http:\/\/paulorobertodaradio.com.br\/site\/index.php?rest_route=%2Fwp%2Fv2%2Fcomments&post=11833"}],"version-history":[{"count":3,"href":"http:\/\/paulorobertodaradio.com.br\/site\/index.php?rest_route=\/wp\/v2\/posts\/11833\/revisions"}],"predecessor-version":[{"id":11838,"href":"http:\/\/paulorobertodaradio.com.br\/site\/index.php?rest_route=\/wp\/v2\/posts\/11833\/revisions\/11838"}],"wp:attachment":[{"href":"http:\/\/paulorobertodaradio.com.br\/site\/index.php?rest_route=%2Fwp%2Fv2%2Fmedia&parent=11833"}],"wp:term":[{"taxonomy":"category","embeddable":true,"href":"http:\/\/paulorobertodaradio.com.br\/site\/index.php?rest_route=%2Fwp%2Fv2%2Fcategories&post=11833"},{"taxonomy":"post_tag","embeddable":true,"href":"http:\/\/paulorobertodaradio.com.br\/site\/index.php?rest_route=%2Fwp%2Fv2%2Ftags&post=11833"}],"curies":[{"name":"wp","href":"https:\/\/api.w.org\/{rel}","templated":true}]}}