{"id":11839,"date":"2015-09-07T15:11:59","date_gmt":"2015-09-07T18:11:59","guid":{"rendered":"http:\/\/paulorobertodaradio.com.br\/site\/?p=11839"},"modified":"2015-09-07T15:11:59","modified_gmt":"2015-09-07T18:11:59","slug":"em-alem-paraiba-acidente-mata-2-mulheres-e-deixa-6-pessoas-feridas","status":"publish","type":"post","link":"http:\/\/paulorobertodaradio.com.br\/site\/?p=11839","title":{"rendered":"EM AL\u00c9M PARA\u00cdBA: ACIDENTE MATA 2 MULHERES E DEIXA 6 PESSOAS FERIDAS."},"content":{"rendered":"<p><span style=\"line-height: 1.71429; font-size: 1rem;\"><a href=\"http:\/\/paulorobertodaradio.com.br\/site\/wp-content\/uploads\/2015\/09\/Acidente_em_Al_m_Para_ba_MG_21.jpg\"><img loading=\"lazy\" decoding=\"async\" class=\"aligncenter size-full wp-image-11840\" alt=\"Acidente_em_Al_m_Para_ba_MG_21\" src=\"http:\/\/paulorobertodaradio.com.br\/site\/wp-content\/uploads\/2015\/09\/Acidente_em_Al_m_Para_ba_MG_21.jpg\" width=\"600\" height=\"450\" srcset=\"http:\/\/paulorobertodaradio.com.br\/site\/wp-content\/uploads\/2015\/09\/Acidente_em_Al_m_Para_ba_MG_21.jpg 600w, http:\/\/paulorobertodaradio.com.br\/site\/wp-content\/uploads\/2015\/09\/Acidente_em_Al_m_Para_ba_MG_21-300x225.jpg 300w\" sizes=\"auto, (max-width: 600px) 100vw, 600px\" \/><\/a>Um ve\u00edculo Chevrolet Celta, de Carapebus (RJ), seguia pela BR-393, sentido Volta Grande \/ Al\u00e9m Para\u00edba, quando perdeu o controle, invadiu a contram\u00e3o de dire\u00e7\u00e3o e bateu de frente com um caminh\u00e3o Mercedes Benz, placa de Teres\u00f3polis (RJ), que transportava verduras e vinha em sentido contr\u00e1rio. Com o impacto, duas mulheres que estavam no Celta, Joelma Bento da Silva, de 46 anos e Maria Aparecida Mendes, de 50 anos, morreram na hora. O condutor, Jorge Ant\u00f4nio do nascimento, de 29 anos e um homem de 36 anos, tiveram les\u00f5es graves e um adolescente de 13 anos, ferimentos leves, todos foram socorridos e levados para o Hospital S\u00e3o Salvador em Al\u00e9m Para\u00edba. Todos os cinco s\u00e3o da mesma fam\u00edlia. No caminh\u00e3o, estavam tr\u00eas pessoas que tiveram ferimentos leves. A Pol\u00edcia Rodovi\u00e1ria Federal (PRF) assumiu a ocorr\u00eancia e ir\u00e1 investigar as causas do acidente.<\/span><\/p>\n<p><a href=\"http:\/\/paulorobertodaradio.com.br\/site\/wp-content\/uploads\/2015\/09\/Acidente_em_Al\u00e9m_Para\u00edba-MG1.jpg\"><img loading=\"lazy\" decoding=\"async\" class=\"aligncenter size-full wp-image-11841\" alt=\"Acidente_em_Al\u00e9m_Para\u00edba-MG1\" src=\"http:\/\/paulorobertodaradio.com.br\/site\/wp-content\/uploads\/2015\/09\/Acidente_em_Al\u00e9m_Para\u00edba-MG1.jpg\" width=\"600\" height=\"450\" srcset=\"http:\/\/paulorobertodaradio.com.br\/site\/wp-content\/uploads\/2015\/09\/Acidente_em_Al\u00e9m_Para\u00edba-MG1.jpg 600w, http:\/\/paulorobertodaradio.com.br\/site\/wp-content\/uploads\/2015\/09\/Acidente_em_Al\u00e9m_Para\u00edba-MG1-300x225.jpg 300w\" sizes=\"auto, (max-width: 600px) 100vw, 600px\" \/><\/a>Com informa\u00e7\u00f5es e fotos do Blog do Adenilson Mendes \/ Tribuna de Muria\u00e9<\/p>\n","protected":false},"excerpt":{"rendered":"<p>Um ve\u00edculo Chevrolet Celta, de Carapebus (RJ), seguia pela BR-393, sentido Volta Grande \/ Al\u00e9m Para\u00edba, quando perdeu o controle, invadiu a contram\u00e3o de dire\u00e7\u00e3o e bateu de frente com um caminh\u00e3o Mercedes Benz, placa de Teres\u00f3polis (RJ), que transportava verduras e vinha em sentido contr\u00e1rio. Com o impacto, duas mulheres que estavam no Celta, [&hellip;]<\/p>\n","protected":false},"author":2,"featured_media":0,"comment_status":"open","ping_status":"open","sticky":false,"template":"","format":"standard","meta":{"footnotes":""},"categories":[1],"tags":[],"class_list":["post-11839","post","type-post","status-publish","format-standard","hentry","category-sem-categoria"],"_links":{"self":[{"href":"http:\/\/paulorobertodaradio.com.br\/site\/index.php?rest_route=\/wp\/v2\/posts\/11839","targetHints":{"allow":["GET"]}}],"collection":[{"href":"http:\/\/paulorobertodaradio.com.br\/site\/index.php?rest_route=\/wp\/v2\/posts"}],"about":[{"href":"http:\/\/paulorobertodaradio.com.br\/site\/index.php?rest_route=\/wp\/v2\/types\/post"}],"author":[{"embeddable":true,"href":"http:\/\/paulorobertodaradio.com.br\/site\/index.php?rest_route=\/wp\/v2\/users\/2"}],"replies":[{"embeddable":true,"href":"http:\/\/paulorobertodaradio.com.br\/site\/index.php?rest_route=%2Fwp%2Fv2%2Fcomments&post=11839"}],"version-history":[{"count":2,"href":"http:\/\/paulorobertodaradio.com.br\/site\/index.php?rest_route=\/wp\/v2\/posts\/11839\/revisions"}],"predecessor-version":[{"id":11843,"href":"http:\/\/paulorobertodaradio.com.br\/site\/index.php?rest_route=\/wp\/v2\/posts\/11839\/revisions\/11843"}],"wp:attachment":[{"href":"http:\/\/paulorobertodaradio.com.br\/site\/index.php?rest_route=%2Fwp%2Fv2%2Fmedia&parent=11839"}],"wp:term":[{"taxonomy":"category","embeddable":true,"href":"http:\/\/paulorobertodaradio.com.br\/site\/index.php?rest_route=%2Fwp%2Fv2%2Fcategories&post=11839"},{"taxonomy":"post_tag","embeddable":true,"href":"http:\/\/paulorobertodaradio.com.br\/site\/index.php?rest_route=%2Fwp%2Fv2%2Ftags&post=11839"}],"curies":[{"name":"wp","href":"https:\/\/api.w.org\/{rel}","templated":true}]}}