{"id":11844,"date":"2015-09-07T15:14:47","date_gmt":"2015-09-07T18:14:47","guid":{"rendered":"http:\/\/paulorobertodaradio.com.br\/site\/?p=11844"},"modified":"2015-09-07T15:15:31","modified_gmt":"2015-09-07T18:15:31","slug":"em-raposo-acidente-com-vitima-fatal","status":"publish","type":"post","link":"http:\/\/paulorobertodaradio.com.br\/site\/?p=11844","title":{"rendered":"EM RAPOSO: ACIDENTE COM V\u00cdTIMA FATAL."},"content":{"rendered":"<p><span style=\"line-height: 1.71429; font-size: 1rem;\"><a href=\"http:\/\/paulorobertodaradio.com.br\/site\/wp-content\/uploads\/2015\/09\/RAPOSO-ACIDENTE01.jpg\"><img loading=\"lazy\" decoding=\"async\" class=\"aligncenter size-full wp-image-11845\" alt=\"RAPOSO ACIDENTE01\" src=\"http:\/\/paulorobertodaradio.com.br\/site\/wp-content\/uploads\/2015\/09\/RAPOSO-ACIDENTE01.jpg\" width=\"600\" height=\"321\" srcset=\"http:\/\/paulorobertodaradio.com.br\/site\/wp-content\/uploads\/2015\/09\/RAPOSO-ACIDENTE01.jpg 600w, http:\/\/paulorobertodaradio.com.br\/site\/wp-content\/uploads\/2015\/09\/RAPOSO-ACIDENTE01-300x160.jpg 300w\" sizes=\"auto, (max-width: 600px) 100vw, 600px\" \/><\/a>Um acidente com uma vitima fatal foi registrado na BR-356 a poucos metros do Trevo de Raposo e envolveu um ve\u00edculo Fiat Uno, de Laje do Muria\u00e9, que seguia de Patroc\u00ednio do Muria\u00e9 para Laje-RJ e um Fiat P\u00e1lio, placa de Sorocaba-SP que seguia de Comendador Ven\u00e2ncio-RJ para Raposo-RJ ocorrendo um choque lateral, rodaram na pista e foram parar no acostamento. Populares que passavam pelo local prestaram apoio \u00e0s v\u00edtimas e acionaram o Corpo de Bombeiros de Muria\u00e9 e de Itaperuna e ambul\u00e2ncias de munic\u00edpios vizinhos. O condutor do Fiat Uno \u00e9 Paulo Roberto Fraga Mariano de 50 anos de idade, morava na Rua do Sapo em Laje do Muria\u00e9. Com informa\u00e7\u00f5es www.tribunademuriae.com.br<a href=\"http:\/\/paulorobertodaradio.com.br\/site\/wp-content\/uploads\/2015\/09\/RAPOSO-ACIDENTE02.jpg\"><img loading=\"lazy\" decoding=\"async\" class=\"aligncenter size-full wp-image-11846\" alt=\"RAPOSO ACIDENTE02\" src=\"http:\/\/paulorobertodaradio.com.br\/site\/wp-content\/uploads\/2015\/09\/RAPOSO-ACIDENTE02.jpg\" width=\"600\" height=\"285\" srcset=\"http:\/\/paulorobertodaradio.com.br\/site\/wp-content\/uploads\/2015\/09\/RAPOSO-ACIDENTE02.jpg 600w, http:\/\/paulorobertodaradio.com.br\/site\/wp-content\/uploads\/2015\/09\/RAPOSO-ACIDENTE02-300x142.jpg 300w\" sizes=\"auto, (max-width: 600px) 100vw, 600px\" \/><\/a><\/span><\/p>\n","protected":false},"excerpt":{"rendered":"<p>Um acidente com uma vitima fatal foi registrado na BR-356 a poucos metros do Trevo de Raposo e envolveu um ve\u00edculo Fiat Uno, de Laje do Muria\u00e9, que seguia de Patroc\u00ednio do Muria\u00e9 para Laje-RJ e um Fiat P\u00e1lio, placa de Sorocaba-SP que seguia de Comendador Ven\u00e2ncio-RJ para Raposo-RJ ocorrendo um choque lateral, rodaram na [&hellip;]<\/p>\n","protected":false},"author":2,"featured_media":0,"comment_status":"open","ping_status":"open","sticky":false,"template":"","format":"standard","meta":{"footnotes":""},"categories":[1],"tags":[],"class_list":["post-11844","post","type-post","status-publish","format-standard","hentry","category-sem-categoria"],"_links":{"self":[{"href":"http:\/\/paulorobertodaradio.com.br\/site\/index.php?rest_route=\/wp\/v2\/posts\/11844","targetHints":{"allow":["GET"]}}],"collection":[{"href":"http:\/\/paulorobertodaradio.com.br\/site\/index.php?rest_route=\/wp\/v2\/posts"}],"about":[{"href":"http:\/\/paulorobertodaradio.com.br\/site\/index.php?rest_route=\/wp\/v2\/types\/post"}],"author":[{"embeddable":true,"href":"http:\/\/paulorobertodaradio.com.br\/site\/index.php?rest_route=\/wp\/v2\/users\/2"}],"replies":[{"embeddable":true,"href":"http:\/\/paulorobertodaradio.com.br\/site\/index.php?rest_route=%2Fwp%2Fv2%2Fcomments&post=11844"}],"version-history":[{"count":3,"href":"http:\/\/paulorobertodaradio.com.br\/site\/index.php?rest_route=\/wp\/v2\/posts\/11844\/revisions"}],"predecessor-version":[{"id":11849,"href":"http:\/\/paulorobertodaradio.com.br\/site\/index.php?rest_route=\/wp\/v2\/posts\/11844\/revisions\/11849"}],"wp:attachment":[{"href":"http:\/\/paulorobertodaradio.com.br\/site\/index.php?rest_route=%2Fwp%2Fv2%2Fmedia&parent=11844"}],"wp:term":[{"taxonomy":"category","embeddable":true,"href":"http:\/\/paulorobertodaradio.com.br\/site\/index.php?rest_route=%2Fwp%2Fv2%2Fcategories&post=11844"},{"taxonomy":"post_tag","embeddable":true,"href":"http:\/\/paulorobertodaradio.com.br\/site\/index.php?rest_route=%2Fwp%2Fv2%2Ftags&post=11844"}],"curies":[{"name":"wp","href":"https:\/\/api.w.org\/{rel}","templated":true}]}}