{"id":11850,"date":"2015-09-07T15:20:01","date_gmt":"2015-09-07T18:20:01","guid":{"rendered":"http:\/\/paulorobertodaradio.com.br\/site\/?p=11850"},"modified":"2015-09-08T12:09:05","modified_gmt":"2015-09-08T15:09:05","slug":"em-manhuacu-arvore-cai-sobre-casa-e-fere-crianca-gravemente","status":"publish","type":"post","link":"http:\/\/paulorobertodaradio.com.br\/site\/?p=11850","title":{"rendered":"EM MANHUA\u00c7U: ARVORE CAI SOBRE CASA E FERE CRIAN\u00c7A GRAVEMENTE. OUTRA CAI SOBRE \u00d4NIBUS E MATA PASSAGEIRO."},"content":{"rendered":"<p><span style=\"line-height: 1.71429; font-size: 1rem;\"><a href=\"http:\/\/paulorobertodaradio.com.br\/site\/wp-content\/uploads\/2015\/09\/arvore01.jpg\"><img loading=\"lazy\" decoding=\"async\" class=\"aligncenter size-full wp-image-11851\" alt=\"arvore01\" src=\"http:\/\/paulorobertodaradio.com.br\/site\/wp-content\/uploads\/2015\/09\/arvore01.jpg\" width=\"400\" height=\"328\" srcset=\"http:\/\/paulorobertodaradio.com.br\/site\/wp-content\/uploads\/2015\/09\/arvore01.jpg 400w, http:\/\/paulorobertodaradio.com.br\/site\/wp-content\/uploads\/2015\/09\/arvore01-300x246.jpg 300w\" sizes=\"auto, (max-width: 400px) 100vw, 400px\" \/><\/a>Uma \u00e1rvore caiu dentro de uma casa no bairro Petrina, neste domingo, 06\/09, deixou uma crian\u00e7a gravemente ferida.<\/span><\/p>\n<p>Uma crian\u00e7a de quatro anos sofreu ferimentos graves, ap\u00f3s a cama na qual ela dormia ser atingida pelo galho de uma \u00e1rvore que caiu sobre a casa da fam\u00edlia.<br \/>\nA crian\u00e7a foi socorrida \u00e0 Unidade de Pronto Atendimento (UPA) de Manhua\u00e7u e permanece internada na UTI do Hospital C\u00e9sar Leite.<br \/>\nO Corpo de Bombeiros compareceu \u00e0 resid\u00eancia, mas a crian\u00e7a j\u00e1 havia sido socorrida. Foi observado que o galho quebrou o telhado da casa e atingiu justamente a cama onde a crian\u00e7a dormia.<br \/>\nO Sargento Eduardo Dias conta que os Bombeiros estiveram no local para o corte do galho e avalia\u00e7\u00e3o dos danos e riscos na estrutura.<\/p>\n<p><a href=\"http:\/\/paulorobertodaradio.com.br\/site\/wp-content\/uploads\/2015\/09\/arvore02.jpg\"><img loading=\"lazy\" decoding=\"async\" class=\"aligncenter size-full wp-image-11852\" alt=\"arvore02\" src=\"http:\/\/paulorobertodaradio.com.br\/site\/wp-content\/uploads\/2015\/09\/arvore02.jpg\" width=\"400\" height=\"225\" srcset=\"http:\/\/paulorobertodaradio.com.br\/site\/wp-content\/uploads\/2015\/09\/arvore02.jpg 400w, http:\/\/paulorobertodaradio.com.br\/site\/wp-content\/uploads\/2015\/09\/arvore02-300x168.jpg 300w\" sizes=\"auto, (max-width: 400px) 100vw, 400px\" \/><\/a><\/p>\n<p>&nbsp;<\/p>\n<p><span style=\"color: #ff0000;\"><strong>EM MANHUA\u00c7U: \u00c1RVORE CAI SOBRE \u00d4NIBUS E MATA UM PASSAGEIRO, DEIXANDO 2 FERIDOS<\/strong><\/span>.<a href=\"http:\/\/paulorobertodaradio.com.br\/site\/wp-content\/uploads\/2015\/09\/arvore011.jpg\"><br \/>\n<\/a> <a href=\"http:\/\/paulorobertodaradio.com.br\/site\/wp-content\/uploads\/2015\/09\/ONIBUS-ARVORE01.jpg\"><img loading=\"lazy\" decoding=\"async\" class=\"aligncenter size-full wp-image-11916\" alt=\"ONIBUS ARVORE01\" src=\"http:\/\/paulorobertodaradio.com.br\/site\/wp-content\/uploads\/2015\/09\/ONIBUS-ARVORE01.jpg\" width=\"560\" height=\"316\" srcset=\"http:\/\/paulorobertodaradio.com.br\/site\/wp-content\/uploads\/2015\/09\/ONIBUS-ARVORE01.jpg 560w, http:\/\/paulorobertodaradio.com.br\/site\/wp-content\/uploads\/2015\/09\/ONIBUS-ARVORE01-300x169.jpg 300w\" sizes=\"auto, (max-width: 560px) 100vw, 560px\" \/><\/a><span style=\"line-height: 1.71429; font-size: 1rem;\">Uma \u00e1rvore caiu em cima de um \u00f4nibus da empresa S\u00e3o Geraldo na noite desta segunda-feira (7\/09), no km 581 da BR-116.<\/span><\/p>\n<p>O acidente matou um homem e deixou mais dois passageiros feridos, sendo um deles em estado grave. A Pol\u00edcia Rodovi\u00e1ria Federal foi acionada e a rodovia est\u00e1 totalmente fechada desde as 19 horas.<br \/>\nSegundo o Corpo de Bombeiros de Manhua\u00e7u, o acidente ocorreu por volta das 19h quando o \u00f4nibus passava pela BR-116 entre S\u00e3o Pedro do Ava\u00ed e Vila de F\u00e1tima. Chovia e ventava forte no momento.<br \/>\nUma pessoa morreu esmagada pelo tronco do eucalipto. Duas foram socorridas para a UPA de Manhua\u00e7u. As viaturas foram mobilizadas para o corte da \u00e1rvore e libera\u00e7\u00e3o da pista.<a href=\"http:\/\/paulorobertodaradio.com.br\/site\/wp-content\/uploads\/2015\/09\/ONIBUS-ARVORE02.jpg\"><img loading=\"lazy\" decoding=\"async\" class=\"aligncenter size-full wp-image-11917\" alt=\"ONIBUS ARVORE02\" src=\"http:\/\/paulorobertodaradio.com.br\/site\/wp-content\/uploads\/2015\/09\/ONIBUS-ARVORE02.jpg\" width=\"560\" height=\"315\" srcset=\"http:\/\/paulorobertodaradio.com.br\/site\/wp-content\/uploads\/2015\/09\/ONIBUS-ARVORE02.jpg 560w, http:\/\/paulorobertodaradio.com.br\/site\/wp-content\/uploads\/2015\/09\/ONIBUS-ARVORE02-300x168.jpg 300w\" sizes=\"auto, (max-width: 560px) 100vw, 560px\" \/><\/a><\/p>\n<p>Com informa\u00e7\u00f5es:\u00a0\u00a0www.portalcaparao.com.br<\/p>\n<p>&nbsp;<\/p>\n","protected":false},"excerpt":{"rendered":"<p>Uma \u00e1rvore caiu dentro de uma casa no bairro Petrina, neste domingo, 06\/09, deixou uma crian\u00e7a gravemente ferida. Uma crian\u00e7a de quatro anos sofreu ferimentos graves, ap\u00f3s a cama na qual ela dormia ser atingida pelo galho de uma \u00e1rvore que caiu sobre a casa da fam\u00edlia. A crian\u00e7a foi socorrida \u00e0 Unidade de Pronto [&hellip;]<\/p>\n","protected":false},"author":2,"featured_media":0,"comment_status":"open","ping_status":"open","sticky":false,"template":"","format":"standard","meta":{"footnotes":""},"categories":[1],"tags":[],"class_list":["post-11850","post","type-post","status-publish","format-standard","hentry","category-sem-categoria"],"_links":{"self":[{"href":"http:\/\/paulorobertodaradio.com.br\/site\/index.php?rest_route=\/wp\/v2\/posts\/11850","targetHints":{"allow":["GET"]}}],"collection":[{"href":"http:\/\/paulorobertodaradio.com.br\/site\/index.php?rest_route=\/wp\/v2\/posts"}],"about":[{"href":"http:\/\/paulorobertodaradio.com.br\/site\/index.php?rest_route=\/wp\/v2\/types\/post"}],"author":[{"embeddable":true,"href":"http:\/\/paulorobertodaradio.com.br\/site\/index.php?rest_route=\/wp\/v2\/users\/2"}],"replies":[{"embeddable":true,"href":"http:\/\/paulorobertodaradio.com.br\/site\/index.php?rest_route=%2Fwp%2Fv2%2Fcomments&post=11850"}],"version-history":[{"count":7,"href":"http:\/\/paulorobertodaradio.com.br\/site\/index.php?rest_route=\/wp\/v2\/posts\/11850\/revisions"}],"predecessor-version":[{"id":11854,"href":"http:\/\/paulorobertodaradio.com.br\/site\/index.php?rest_route=\/wp\/v2\/posts\/11850\/revisions\/11854"}],"wp:attachment":[{"href":"http:\/\/paulorobertodaradio.com.br\/site\/index.php?rest_route=%2Fwp%2Fv2%2Fmedia&parent=11850"}],"wp:term":[{"taxonomy":"category","embeddable":true,"href":"http:\/\/paulorobertodaradio.com.br\/site\/index.php?rest_route=%2Fwp%2Fv2%2Fcategories&post=11850"},{"taxonomy":"post_tag","embeddable":true,"href":"http:\/\/paulorobertodaradio.com.br\/site\/index.php?rest_route=%2Fwp%2Fv2%2Ftags&post=11850"}],"curies":[{"name":"wp","href":"https:\/\/api.w.org\/{rel}","templated":true}]}}