{"id":11899,"date":"2015-09-07T23:02:53","date_gmt":"2015-09-08T02:02:53","guid":{"rendered":"http:\/\/paulorobertodaradio.com.br\/site\/?p=11899"},"modified":"2015-09-07T23:05:41","modified_gmt":"2015-09-08T02:05:41","slug":"11899","status":"publish","type":"post","link":"http:\/\/paulorobertodaradio.com.br\/site\/?p=11899","title":{"rendered":"NA BR 356: ACIDENTE DEIXA 3 FERIDOS NO ANCORADO"},"content":{"rendered":"<p><a href=\"http:\/\/paulorobertodaradio.com.br\/site\/wp-content\/uploads\/2015\/09\/ancorado01.jpg\"><img loading=\"lazy\" decoding=\"async\" class=\"aligncenter size-full wp-image-11900\" alt=\"ancorado01\" src=\"http:\/\/paulorobertodaradio.com.br\/site\/wp-content\/uploads\/2015\/09\/ancorado01.jpg\" width=\"620\" height=\"349\" srcset=\"http:\/\/paulorobertodaradio.com.br\/site\/wp-content\/uploads\/2015\/09\/ancorado01.jpg 620w, http:\/\/paulorobertodaradio.com.br\/site\/wp-content\/uploads\/2015\/09\/ancorado01-300x168.jpg 300w\" sizes=\"auto, (max-width: 620px) 100vw, 620px\" \/><\/a>Um acidente envolvendo dois autom\u00f3veis deixou tr\u00eas pessoas feridas na estrada Muria\u00e9-Erv\u00e1lia, em Ancorado\/Ros\u00e1rio da Limeira a 27 Km de Muria\u00e9. O acidente aconteceu no meio da noite, pr\u00f3ximo ao campo de futebol daquela comunidade, onde os ve\u00edculos bateram violentamente. Duas v\u00edtimas foram socorridas pelas ambul\u00e2ncias da Prefeitura de Ros\u00e1rio da Limeira e uma das v\u00edtimas que ficou presa entre as ferragens foi socorrida pelo SAMU. Todos os feridos s\u00e3o do ve\u00edculo cinza e foram encaminhados para o Hospital S\u00e3o Paulo, em Muria\u00e9. Colabora\u00e7\u00e3o nas fotos, Camila Braga.<a href=\"http:\/\/paulorobertodaradio.com.br\/site\/wp-content\/uploads\/2015\/09\/ancorado02.jpg\"><img loading=\"lazy\" decoding=\"async\" class=\"aligncenter size-full wp-image-11901\" alt=\"ancorado02\" src=\"http:\/\/paulorobertodaradio.com.br\/site\/wp-content\/uploads\/2015\/09\/ancorado02.jpg\" width=\"620\" height=\"349\" srcset=\"http:\/\/paulorobertodaradio.com.br\/site\/wp-content\/uploads\/2015\/09\/ancorado02.jpg 620w, http:\/\/paulorobertodaradio.com.br\/site\/wp-content\/uploads\/2015\/09\/ancorado02-300x168.jpg 300w\" sizes=\"auto, (max-width: 620px) 100vw, 620px\" \/><\/a> <a href=\"http:\/\/paulorobertodaradio.com.br\/site\/wp-content\/uploads\/2015\/09\/ancorado03.jpg\"><img loading=\"lazy\" decoding=\"async\" class=\"aligncenter size-full wp-image-11902\" alt=\"ancorado03\" src=\"http:\/\/paulorobertodaradio.com.br\/site\/wp-content\/uploads\/2015\/09\/ancorado03.jpg\" width=\"620\" height=\"349\" srcset=\"http:\/\/paulorobertodaradio.com.br\/site\/wp-content\/uploads\/2015\/09\/ancorado03.jpg 620w, http:\/\/paulorobertodaradio.com.br\/site\/wp-content\/uploads\/2015\/09\/ancorado03-300x168.jpg 300w\" sizes=\"auto, (max-width: 620px) 100vw, 620px\" \/><\/a><\/p>\n<p>Colabora\u00e7\u00e3o: silvanalves.com.br<\/p>\n","protected":false},"excerpt":{"rendered":"<p>Um acidente envolvendo dois autom\u00f3veis deixou tr\u00eas pessoas feridas na estrada Muria\u00e9-Erv\u00e1lia, em Ancorado\/Ros\u00e1rio da Limeira a 27 Km de Muria\u00e9. O acidente aconteceu no meio da noite, pr\u00f3ximo ao campo de futebol daquela comunidade, onde os ve\u00edculos bateram violentamente. Duas v\u00edtimas foram socorridas pelas ambul\u00e2ncias da Prefeitura de Ros\u00e1rio da Limeira e uma das [&hellip;]<\/p>\n","protected":false},"author":2,"featured_media":0,"comment_status":"open","ping_status":"open","sticky":false,"template":"","format":"standard","meta":{"footnotes":""},"categories":[1],"tags":[],"class_list":["post-11899","post","type-post","status-publish","format-standard","hentry","category-sem-categoria"],"_links":{"self":[{"href":"http:\/\/paulorobertodaradio.com.br\/site\/index.php?rest_route=\/wp\/v2\/posts\/11899","targetHints":{"allow":["GET"]}}],"collection":[{"href":"http:\/\/paulorobertodaradio.com.br\/site\/index.php?rest_route=\/wp\/v2\/posts"}],"about":[{"href":"http:\/\/paulorobertodaradio.com.br\/site\/index.php?rest_route=\/wp\/v2\/types\/post"}],"author":[{"embeddable":true,"href":"http:\/\/paulorobertodaradio.com.br\/site\/index.php?rest_route=\/wp\/v2\/users\/2"}],"replies":[{"embeddable":true,"href":"http:\/\/paulorobertodaradio.com.br\/site\/index.php?rest_route=%2Fwp%2Fv2%2Fcomments&post=11899"}],"version-history":[{"count":5,"href":"http:\/\/paulorobertodaradio.com.br\/site\/index.php?rest_route=\/wp\/v2\/posts\/11899\/revisions"}],"predecessor-version":[{"id":11906,"href":"http:\/\/paulorobertodaradio.com.br\/site\/index.php?rest_route=\/wp\/v2\/posts\/11899\/revisions\/11906"}],"wp:attachment":[{"href":"http:\/\/paulorobertodaradio.com.br\/site\/index.php?rest_route=%2Fwp%2Fv2%2Fmedia&parent=11899"}],"wp:term":[{"taxonomy":"category","embeddable":true,"href":"http:\/\/paulorobertodaradio.com.br\/site\/index.php?rest_route=%2Fwp%2Fv2%2Fcategories&post=11899"},{"taxonomy":"post_tag","embeddable":true,"href":"http:\/\/paulorobertodaradio.com.br\/site\/index.php?rest_route=%2Fwp%2Fv2%2Ftags&post=11899"}],"curies":[{"name":"wp","href":"https:\/\/api.w.org\/{rel}","templated":true}]}}