{"id":11908,"date":"2015-09-07T23:07:41","date_gmt":"2015-09-08T02:07:41","guid":{"rendered":"http:\/\/paulorobertodaradio.com.br\/site\/?p=11908"},"modified":"2015-09-07T23:10:57","modified_gmt":"2015-09-08T02:10:57","slug":"em-macuco-rj-dupla-sertaneja-e-detida-durante-show-em-expo","status":"publish","type":"post","link":"http:\/\/paulorobertodaradio.com.br\/site\/?p=11908","title":{"rendered":"EM MACUCO RJ: DUPLA SERTANEJA \u00c9 DETIDA DURANTE SHOW EM EXPO"},"content":{"rendered":"<p><span style=\"line-height: 1.71429; font-size: 1rem;\"><a href=\"http:\/\/paulorobertodaradio.com.br\/site\/wp-content\/uploads\/2015\/09\/JUNIOR-E-GUSTAVO.jpg\"><img loading=\"lazy\" decoding=\"async\" class=\"aligncenter size-full wp-image-11909\" alt=\"JUNIOR E GUSTAVO\" src=\"http:\/\/paulorobertodaradio.com.br\/site\/wp-content\/uploads\/2015\/09\/JUNIOR-E-GUSTAVO.jpg\" width=\"1600\" height=\"1347\" srcset=\"http:\/\/paulorobertodaradio.com.br\/site\/wp-content\/uploads\/2015\/09\/JUNIOR-E-GUSTAVO.jpg 1600w, http:\/\/paulorobertodaradio.com.br\/site\/wp-content\/uploads\/2015\/09\/JUNIOR-E-GUSTAVO-300x252.jpg 300w, http:\/\/paulorobertodaradio.com.br\/site\/wp-content\/uploads\/2015\/09\/JUNIOR-E-GUSTAVO-1024x862.jpg 1024w, http:\/\/paulorobertodaradio.com.br\/site\/wp-content\/uploads\/2015\/09\/JUNIOR-E-GUSTAVO-624x525.jpg 624w\" sizes=\"auto, (max-width: 1600px) 100vw, 1600px\" \/><\/a>Durante as festividades da exposi\u00e7\u00e3o agropecu\u00e1ria de Macuco\/RJ,, na madrugada desta segunda-feira (7), a dupla sertaneja Junior &amp; Gustavo foi levada para 154\u00ba Delegacia Legal de Cordeiro para deporem ap\u00f3s o show ser interrompido pela Pol\u00edcia Militar. Segundo os policiais, os cantores estariam fazendo apologia a viol\u00eancia. Os artistas foram retirados do palco ap\u00f3s os policiais ordenarem a paralisa\u00e7\u00e3o da apresenta\u00e7\u00e3o da dupla. Durante a a\u00e7\u00e3o os policiais foram vaiados e foram lan\u00e7ados latas nas viaturas da pol\u00edcia pelo p\u00fablico presente.<\/span><\/p>\n<p>Em depoimento, a dupla Junior e Gustavo afirmaram que cantaram trechos de funk ap\u00f3s um pedido do prefeito do munic\u00edpio, Felix Lengruber antes do show. O prefeito que acompanhou a dupla at\u00e9 a Delegacia Legal da cidade de Cordeiro confirmou que havia pedido aos m\u00fasicos para cantarem funk pois a popula\u00e7\u00e3o gostava. Na Delegacia, ap\u00f3s depoimento J\u00fanior e Gustavo afirmaram que essa n\u00e3o era a primeira vez que um show da dupla fora interrompido por tocar funk e que isso era uma afirmativa do preconceito das autoridades com o estilo musical.<br \/>\nOs depoimentos foram feitos na 154\u00ba Delegacia Legal de Cordeiro e o fato vai ser apurado pelas autoridades. Em nota Junior e Gustavo afirmam que v\u00e3o continuar cantando funk nas apresenta\u00e7\u00f5es e que essa atitude por parte das autoridades \u00e9 inaceit\u00e1vel. \u201cN\u00e3o podemos deixar de cantar funk, que \u00e9 cultura nacional s\u00f3 porque a pol\u00edcia n\u00e3o gosta. Temos um compromisso com nosso p\u00fablico e tamb\u00e9m um compromisso com a m\u00fasica popular brasileira.\u201d afirma Gustavo, integrante da dupla. \u00a0Fonte: aserra.com.br<\/p>\n","protected":false},"excerpt":{"rendered":"<p>Durante as festividades da exposi\u00e7\u00e3o agropecu\u00e1ria de Macuco\/RJ,, na madrugada desta segunda-feira (7), a dupla sertaneja Junior &amp; Gustavo foi levada para 154\u00ba Delegacia Legal de Cordeiro para deporem ap\u00f3s o show ser interrompido pela Pol\u00edcia Militar. Segundo os policiais, os cantores estariam fazendo apologia a viol\u00eancia. Os artistas foram retirados do palco ap\u00f3s os [&hellip;]<\/p>\n","protected":false},"author":2,"featured_media":0,"comment_status":"open","ping_status":"open","sticky":false,"template":"","format":"standard","meta":{"footnotes":""},"categories":[1],"tags":[],"class_list":["post-11908","post","type-post","status-publish","format-standard","hentry","category-sem-categoria"],"_links":{"self":[{"href":"http:\/\/paulorobertodaradio.com.br\/site\/index.php?rest_route=\/wp\/v2\/posts\/11908","targetHints":{"allow":["GET"]}}],"collection":[{"href":"http:\/\/paulorobertodaradio.com.br\/site\/index.php?rest_route=\/wp\/v2\/posts"}],"about":[{"href":"http:\/\/paulorobertodaradio.com.br\/site\/index.php?rest_route=\/wp\/v2\/types\/post"}],"author":[{"embeddable":true,"href":"http:\/\/paulorobertodaradio.com.br\/site\/index.php?rest_route=\/wp\/v2\/users\/2"}],"replies":[{"embeddable":true,"href":"http:\/\/paulorobertodaradio.com.br\/site\/index.php?rest_route=%2Fwp%2Fv2%2Fcomments&post=11908"}],"version-history":[{"count":3,"href":"http:\/\/paulorobertodaradio.com.br\/site\/index.php?rest_route=\/wp\/v2\/posts\/11908\/revisions"}],"predecessor-version":[{"id":11911,"href":"http:\/\/paulorobertodaradio.com.br\/site\/index.php?rest_route=\/wp\/v2\/posts\/11908\/revisions\/11911"}],"wp:attachment":[{"href":"http:\/\/paulorobertodaradio.com.br\/site\/index.php?rest_route=%2Fwp%2Fv2%2Fmedia&parent=11908"}],"wp:term":[{"taxonomy":"category","embeddable":true,"href":"http:\/\/paulorobertodaradio.com.br\/site\/index.php?rest_route=%2Fwp%2Fv2%2Fcategories&post=11908"},{"taxonomy":"post_tag","embeddable":true,"href":"http:\/\/paulorobertodaradio.com.br\/site\/index.php?rest_route=%2Fwp%2Fv2%2Ftags&post=11908"}],"curies":[{"name":"wp","href":"https:\/\/api.w.org\/{rel}","templated":true}]}}