{"id":11924,"date":"2015-09-08T23:13:33","date_gmt":"2015-09-09T02:13:33","guid":{"rendered":"http:\/\/paulorobertodaradio.com.br\/site\/?p=11924"},"modified":"2015-09-08T23:13:33","modified_gmt":"2015-09-09T02:13:33","slug":"em-alto-caparao-cantor-daniel-visita-o-parque","status":"publish","type":"post","link":"http:\/\/paulorobertodaradio.com.br\/site\/?p=11924","title":{"rendered":"EM ALTO CAPARA\u00d3: CANTOR DANIEL VISITA O PARQUE."},"content":{"rendered":"<p><span style=\"line-height: 1.71429; font-size: 1rem;\"><a href=\"http:\/\/paulorobertodaradio.com.br\/site\/wp-content\/uploads\/2015\/09\/Daniel01.jpg\"><img loading=\"lazy\" decoding=\"async\" class=\"aligncenter size-full wp-image-11925\" alt=\"Daniel01\" src=\"http:\/\/paulorobertodaradio.com.br\/site\/wp-content\/uploads\/2015\/09\/Daniel01.jpg\" width=\"400\" height=\"226\" srcset=\"http:\/\/paulorobertodaradio.com.br\/site\/wp-content\/uploads\/2015\/09\/Daniel01.jpg 400w, http:\/\/paulorobertodaradio.com.br\/site\/wp-content\/uploads\/2015\/09\/Daniel01-300x169.jpg 300w\" sizes=\"auto, (max-width: 400px) 100vw, 400px\" \/><\/a>\u00a0O Cantor Daniel est\u00e1 visitando a cidade de Alto Capara\u00f3 neste feriado de 7 de setembro. Ele e comitiva chegaram \u00e0 cidade no final de semana para conhecer os belos atrativos naturais da regi\u00e3o do Capara\u00f3 Mineiro.<\/span><\/p>\n<p>No final da tarde desta segunda-feira, 07\/09, Daniel e comitiva foram acampar no Parque Nacional do Capara\u00f3, na tronqueira, de onde sa\u00edra durante a madrugada para tentar observar o nascer do sol no terceiro ponto mais alto do Pa\u00eds, o Pico da Bandeira.<br \/>\nDaniel chegou \u00e0 portaria do Parque em um jeep de aluguel, e foi muito simp\u00e1tico e atencioso com os turistas e com os funcion\u00e1rios do Parque. Daniel fez quest\u00e3o de cumprimentar e tirar fotos com todos.<a href=\"http:\/\/paulorobertodaradio.com.br\/site\/wp-content\/uploads\/2015\/09\/Daniel02.jpg\"><img loading=\"lazy\" decoding=\"async\" class=\"aligncenter size-full wp-image-11926\" alt=\"Daniel02\" src=\"http:\/\/paulorobertodaradio.com.br\/site\/wp-content\/uploads\/2015\/09\/Daniel02.jpg\" width=\"400\" height=\"271\" srcset=\"http:\/\/paulorobertodaradio.com.br\/site\/wp-content\/uploads\/2015\/09\/Daniel02.jpg 400w, http:\/\/paulorobertodaradio.com.br\/site\/wp-content\/uploads\/2015\/09\/Daniel02-300x203.jpg 300w\" sizes=\"auto, (max-width: 400px) 100vw, 400px\" \/><\/a><\/p>\n<p>Com informa\u00e7\u00f5es do portal caparao.<\/p>\n","protected":false},"excerpt":{"rendered":"<p>\u00a0O Cantor Daniel est\u00e1 visitando a cidade de Alto Capara\u00f3 neste feriado de 7 de setembro. Ele e comitiva chegaram \u00e0 cidade no final de semana para conhecer os belos atrativos naturais da regi\u00e3o do Capara\u00f3 Mineiro. No final da tarde desta segunda-feira, 07\/09, Daniel e comitiva foram acampar no Parque Nacional do Capara\u00f3, na [&hellip;]<\/p>\n","protected":false},"author":2,"featured_media":0,"comment_status":"open","ping_status":"open","sticky":false,"template":"","format":"standard","meta":{"footnotes":""},"categories":[1],"tags":[],"class_list":["post-11924","post","type-post","status-publish","format-standard","hentry","category-sem-categoria"],"_links":{"self":[{"href":"http:\/\/paulorobertodaradio.com.br\/site\/index.php?rest_route=\/wp\/v2\/posts\/11924","targetHints":{"allow":["GET"]}}],"collection":[{"href":"http:\/\/paulorobertodaradio.com.br\/site\/index.php?rest_route=\/wp\/v2\/posts"}],"about":[{"href":"http:\/\/paulorobertodaradio.com.br\/site\/index.php?rest_route=\/wp\/v2\/types\/post"}],"author":[{"embeddable":true,"href":"http:\/\/paulorobertodaradio.com.br\/site\/index.php?rest_route=\/wp\/v2\/users\/2"}],"replies":[{"embeddable":true,"href":"http:\/\/paulorobertodaradio.com.br\/site\/index.php?rest_route=%2Fwp%2Fv2%2Fcomments&post=11924"}],"version-history":[{"count":2,"href":"http:\/\/paulorobertodaradio.com.br\/site\/index.php?rest_route=\/wp\/v2\/posts\/11924\/revisions"}],"predecessor-version":[{"id":11928,"href":"http:\/\/paulorobertodaradio.com.br\/site\/index.php?rest_route=\/wp\/v2\/posts\/11924\/revisions\/11928"}],"wp:attachment":[{"href":"http:\/\/paulorobertodaradio.com.br\/site\/index.php?rest_route=%2Fwp%2Fv2%2Fmedia&parent=11924"}],"wp:term":[{"taxonomy":"category","embeddable":true,"href":"http:\/\/paulorobertodaradio.com.br\/site\/index.php?rest_route=%2Fwp%2Fv2%2Fcategories&post=11924"},{"taxonomy":"post_tag","embeddable":true,"href":"http:\/\/paulorobertodaradio.com.br\/site\/index.php?rest_route=%2Fwp%2Fv2%2Ftags&post=11924"}],"curies":[{"name":"wp","href":"https:\/\/api.w.org\/{rel}","templated":true}]}}