{"id":11929,"date":"2015-09-09T12:53:45","date_gmt":"2015-09-09T15:53:45","guid":{"rendered":"http:\/\/paulorobertodaradio.com.br\/site\/?p=11929"},"modified":"2015-09-09T12:53:45","modified_gmt":"2015-09-09T15:53:45","slug":"em-alto-caparao-cantor-daniel-comemora-47-anos-de-idade","status":"publish","type":"post","link":"http:\/\/paulorobertodaradio.com.br\/site\/?p=11929","title":{"rendered":"EM ALTO CAPARA\u00d3: CANTOR DANIEL COMEMORA 47 ANOS DE IDADE."},"content":{"rendered":"<p><span style=\"line-height: 1.71429; font-size: 1rem;\"><a href=\"http:\/\/paulorobertodaradio.com.br\/site\/wp-content\/uploads\/2015\/09\/Daniel-CANT00.jpg\"><img loading=\"lazy\" decoding=\"async\" class=\"aligncenter size-full wp-image-11930\" alt=\"Daniel  CANT00\" src=\"http:\/\/paulorobertodaradio.com.br\/site\/wp-content\/uploads\/2015\/09\/Daniel-CANT00.jpg\" width=\"1328\" height=\"747\" srcset=\"http:\/\/paulorobertodaradio.com.br\/site\/wp-content\/uploads\/2015\/09\/Daniel-CANT00.jpg 1328w, http:\/\/paulorobertodaradio.com.br\/site\/wp-content\/uploads\/2015\/09\/Daniel-CANT00-300x168.jpg 300w, http:\/\/paulorobertodaradio.com.br\/site\/wp-content\/uploads\/2015\/09\/Daniel-CANT00-1024x576.jpg 1024w, http:\/\/paulorobertodaradio.com.br\/site\/wp-content\/uploads\/2015\/09\/Daniel-CANT00-624x351.jpg 624w\" sizes=\"auto, (max-width: 1328px) 100vw, 1328px\" \/><\/a>A visita do cantor sertanejo Daniel e sua fam\u00edlia \u00e0 regi\u00e3o do Parque Nacional do Capara\u00f3 terminou nesta ter\u00e7a-feira, 08\/09, com festa. Ele comemorou o anivers\u00e1rio de 47 anos no Restaurante Est\u00e2ncia Gourmet, encerrando o per\u00edodo de passeio nas montanhas do Capara\u00f3 Mineiro.<\/span><\/p>\n<p>O cantor Daniel visitou a regi\u00e3o de Alto Capara\u00f3 neste feriado de 7 de setembro. Ele e os familiares e comitiva chegaram \u00e0 cidade no final de semana para conhecer os belos atrativos naturais da regi\u00e3o.<br \/>\nHospedado no Capara\u00f3 Parque Hotel, o cantor e sua comitiva aproveitaram para conhecer a Fazenda do Caf\u00e9 Ninho da \u00c1guia, premiado pela excel\u00eancia e qualidade. Al\u00e9m disso, esteve na regi\u00e3o da Cachoeira das Andorinhas.<br \/>\nDe segunda para ter\u00e7a, ele acampou na tronqueira. Por conta da chuva, teve que esperar o tempo firmar e durante o dia foi at\u00e9 o Pico da Bandeira.<br \/>\nTodos que encontraram com o cantor foram un\u00e2nimes. Daniel foi muito simp\u00e1tico e atencioso com os turistas e com os funcion\u00e1rios do Parque do Capara\u00f3, bem como nos locais em que esteve. Fez quest\u00e3o de cumprimentar e tirar fotos com todos.<br \/>\nNo Restaurante Est\u00e2ncia Gourmet, a festa de anivers\u00e1rio foi outro momento com a fam\u00edlia e a comitiva de amigos.<br \/>\nPara o chef Eliacir Fernandes, foi um momento gratificante. \u201cPrazer fant\u00e1stico de ter recebido no Est\u00e2ncia Gourmet o cantor Daniel e sua fam\u00edlia para comemorar seus 47 anos. Pessoa humana e de um carisma incr\u00edvel\u201d, completou.<br \/>\nQuem tamb\u00e9m destacou o carisma e simpatia de Daniel foi o empres\u00e1rio Ronald Gripp, do Grupo Capara\u00f3 Parque Hotel. \u201cA estadia do cantor Daniel, esposa, filhas e amigos, terminou com chave de ouro com a comemora\u00e7\u00e3o de seu aniversario. Um ser humano especial, humilde e carism\u00e1tico. O melhor: conheceu nossos principais atrativos, o Pico da Bandeira, o Caf\u00e9 Ninho da \u00c1guia e a Cachoeira das Andorinhas. O Grupo Capara\u00f3 Parque Hotel sente-se agradecido e privilegiado por poder receb\u00ea-lo e atend\u00ea-lo. Aguardamos um breve retorno e sucesso em sua turn\u00ea de comemora\u00e7\u00e3o dos 30 anos de carreira\u201d.<br \/>\nDaniel se encantou com o Capara\u00f3 Mineiro, conquistou a todos em Alto Capara\u00f3 e deu um verdadeiro show de simpatia e humildade.<a href=\"http:\/\/paulorobertodaradio.com.br\/site\/wp-content\/uploads\/2015\/09\/Daniel-CANT01.jpg\"><img loading=\"lazy\" decoding=\"async\" class=\"aligncenter size-full wp-image-11931\" alt=\"Daniel  CANT01\" src=\"http:\/\/paulorobertodaradio.com.br\/site\/wp-content\/uploads\/2015\/09\/Daniel-CANT01.jpg\" width=\"1328\" height=\"747\" srcset=\"http:\/\/paulorobertodaradio.com.br\/site\/wp-content\/uploads\/2015\/09\/Daniel-CANT01.jpg 1328w, http:\/\/paulorobertodaradio.com.br\/site\/wp-content\/uploads\/2015\/09\/Daniel-CANT01-300x168.jpg 300w, http:\/\/paulorobertodaradio.com.br\/site\/wp-content\/uploads\/2015\/09\/Daniel-CANT01-1024x576.jpg 1024w, http:\/\/paulorobertodaradio.com.br\/site\/wp-content\/uploads\/2015\/09\/Daniel-CANT01-624x351.jpg 624w\" sizes=\"auto, (max-width: 1328px) 100vw, 1328px\" \/><\/a> <a href=\"http:\/\/paulorobertodaradio.com.br\/site\/wp-content\/uploads\/2015\/09\/Daniel-CANT02.jpg\"><img loading=\"lazy\" decoding=\"async\" class=\"aligncenter size-full wp-image-11932\" alt=\"Daniel  CANT02\" src=\"http:\/\/paulorobertodaradio.com.br\/site\/wp-content\/uploads\/2015\/09\/Daniel-CANT02.jpg\" width=\"1328\" height=\"747\" srcset=\"http:\/\/paulorobertodaradio.com.br\/site\/wp-content\/uploads\/2015\/09\/Daniel-CANT02.jpg 1328w, http:\/\/paulorobertodaradio.com.br\/site\/wp-content\/uploads\/2015\/09\/Daniel-CANT02-300x168.jpg 300w, http:\/\/paulorobertodaradio.com.br\/site\/wp-content\/uploads\/2015\/09\/Daniel-CANT02-1024x576.jpg 1024w, http:\/\/paulorobertodaradio.com.br\/site\/wp-content\/uploads\/2015\/09\/Daniel-CANT02-624x351.jpg 624w\" sizes=\"auto, (max-width: 1328px) 100vw, 1328px\" \/><\/a> <a href=\"http:\/\/paulorobertodaradio.com.br\/site\/wp-content\/uploads\/2015\/09\/Daniel-CANT03.jpg\"><img loading=\"lazy\" decoding=\"async\" class=\"aligncenter size-full wp-image-11933\" alt=\"Daniel  CANT03\" src=\"http:\/\/paulorobertodaradio.com.br\/site\/wp-content\/uploads\/2015\/09\/Daniel-CANT03.jpg\" width=\"1328\" height=\"747\" srcset=\"http:\/\/paulorobertodaradio.com.br\/site\/wp-content\/uploads\/2015\/09\/Daniel-CANT03.jpg 1328w, http:\/\/paulorobertodaradio.com.br\/site\/wp-content\/uploads\/2015\/09\/Daniel-CANT03-300x168.jpg 300w, http:\/\/paulorobertodaradio.com.br\/site\/wp-content\/uploads\/2015\/09\/Daniel-CANT03-1024x576.jpg 1024w, http:\/\/paulorobertodaradio.com.br\/site\/wp-content\/uploads\/2015\/09\/Daniel-CANT03-624x351.jpg 624w\" sizes=\"auto, (max-width: 1328px) 100vw, 1328px\" \/><\/a> <a href=\"http:\/\/paulorobertodaradio.com.br\/site\/wp-content\/uploads\/2015\/09\/Daniel-CANT04.jpg\"><img loading=\"lazy\" decoding=\"async\" class=\"aligncenter size-full wp-image-11934\" alt=\"Daniel  CANT04\" src=\"http:\/\/paulorobertodaradio.com.br\/site\/wp-content\/uploads\/2015\/09\/Daniel-CANT04.jpg\" width=\"1328\" height=\"747\" srcset=\"http:\/\/paulorobertodaradio.com.br\/site\/wp-content\/uploads\/2015\/09\/Daniel-CANT04.jpg 1328w, http:\/\/paulorobertodaradio.com.br\/site\/wp-content\/uploads\/2015\/09\/Daniel-CANT04-300x168.jpg 300w, http:\/\/paulorobertodaradio.com.br\/site\/wp-content\/uploads\/2015\/09\/Daniel-CANT04-1024x576.jpg 1024w, http:\/\/paulorobertodaradio.com.br\/site\/wp-content\/uploads\/2015\/09\/Daniel-CANT04-624x351.jpg 624w\" sizes=\"auto, (max-width: 1328px) 100vw, 1328px\" \/><\/a> <a href=\"http:\/\/paulorobertodaradio.com.br\/site\/wp-content\/uploads\/2015\/09\/Daniel-CANT05.jpg\"><img loading=\"lazy\" decoding=\"async\" class=\"aligncenter size-full wp-image-11935\" alt=\"Daniel  CANT05\" src=\"http:\/\/paulorobertodaradio.com.br\/site\/wp-content\/uploads\/2015\/09\/Daniel-CANT05.jpg\" width=\"1328\" height=\"747\" srcset=\"http:\/\/paulorobertodaradio.com.br\/site\/wp-content\/uploads\/2015\/09\/Daniel-CANT05.jpg 1328w, http:\/\/paulorobertodaradio.com.br\/site\/wp-content\/uploads\/2015\/09\/Daniel-CANT05-300x168.jpg 300w, http:\/\/paulorobertodaradio.com.br\/site\/wp-content\/uploads\/2015\/09\/Daniel-CANT05-1024x576.jpg 1024w, http:\/\/paulorobertodaradio.com.br\/site\/wp-content\/uploads\/2015\/09\/Daniel-CANT05-624x351.jpg 624w\" sizes=\"auto, (max-width: 1328px) 100vw, 1328px\" \/><\/a> <a href=\"http:\/\/paulorobertodaradio.com.br\/site\/wp-content\/uploads\/2015\/09\/Daniel-CANT06.jpg\"><img loading=\"lazy\" decoding=\"async\" class=\"aligncenter size-full wp-image-11936\" alt=\"Daniel  CANT06\" src=\"http:\/\/paulorobertodaradio.com.br\/site\/wp-content\/uploads\/2015\/09\/Daniel-CANT06.jpg\" width=\"1328\" height=\"747\" srcset=\"http:\/\/paulorobertodaradio.com.br\/site\/wp-content\/uploads\/2015\/09\/Daniel-CANT06.jpg 1328w, http:\/\/paulorobertodaradio.com.br\/site\/wp-content\/uploads\/2015\/09\/Daniel-CANT06-300x168.jpg 300w, http:\/\/paulorobertodaradio.com.br\/site\/wp-content\/uploads\/2015\/09\/Daniel-CANT06-1024x576.jpg 1024w, http:\/\/paulorobertodaradio.com.br\/site\/wp-content\/uploads\/2015\/09\/Daniel-CANT06-624x351.jpg 624w\" sizes=\"auto, (max-width: 1328px) 100vw, 1328px\" \/><\/a> <a href=\"http:\/\/paulorobertodaradio.com.br\/site\/wp-content\/uploads\/2015\/09\/Daniel-CANT07.jpg\"><img loading=\"lazy\" decoding=\"async\" class=\"aligncenter size-full wp-image-11937\" alt=\"Daniel  CANT07\" src=\"http:\/\/paulorobertodaradio.com.br\/site\/wp-content\/uploads\/2015\/09\/Daniel-CANT07.jpg\" width=\"1328\" height=\"747\" srcset=\"http:\/\/paulorobertodaradio.com.br\/site\/wp-content\/uploads\/2015\/09\/Daniel-CANT07.jpg 1328w, http:\/\/paulorobertodaradio.com.br\/site\/wp-content\/uploads\/2015\/09\/Daniel-CANT07-300x168.jpg 300w, http:\/\/paulorobertodaradio.com.br\/site\/wp-content\/uploads\/2015\/09\/Daniel-CANT07-1024x576.jpg 1024w, http:\/\/paulorobertodaradio.com.br\/site\/wp-content\/uploads\/2015\/09\/Daniel-CANT07-624x351.jpg 624w\" sizes=\"auto, (max-width: 1328px) 100vw, 1328px\" \/><\/a> <a href=\"http:\/\/paulorobertodaradio.com.br\/site\/wp-content\/uploads\/2015\/09\/Daniel-CANT08.jpg\"><img loading=\"lazy\" decoding=\"async\" class=\"aligncenter size-full wp-image-11938\" alt=\"Daniel  CANT08\" src=\"http:\/\/paulorobertodaradio.com.br\/site\/wp-content\/uploads\/2015\/09\/Daniel-CANT08.jpg\" width=\"1328\" height=\"747\" srcset=\"http:\/\/paulorobertodaradio.com.br\/site\/wp-content\/uploads\/2015\/09\/Daniel-CANT08.jpg 1328w, http:\/\/paulorobertodaradio.com.br\/site\/wp-content\/uploads\/2015\/09\/Daniel-CANT08-300x168.jpg 300w, http:\/\/paulorobertodaradio.com.br\/site\/wp-content\/uploads\/2015\/09\/Daniel-CANT08-1024x576.jpg 1024w, http:\/\/paulorobertodaradio.com.br\/site\/wp-content\/uploads\/2015\/09\/Daniel-CANT08-624x351.jpg 624w\" sizes=\"auto, (max-width: 1328px) 100vw, 1328px\" \/><\/a><\/p>\n<p>Colabora\u00e7\u00e3o: www.portalcaparao.com.br<\/p>\n","protected":false},"excerpt":{"rendered":"<p>A visita do cantor sertanejo Daniel e sua fam\u00edlia \u00e0 regi\u00e3o do Parque Nacional do Capara\u00f3 terminou nesta ter\u00e7a-feira, 08\/09, com festa. Ele comemorou o anivers\u00e1rio de 47 anos no Restaurante Est\u00e2ncia Gourmet, encerrando o per\u00edodo de passeio nas montanhas do Capara\u00f3 Mineiro. O cantor Daniel visitou a regi\u00e3o de Alto Capara\u00f3 neste feriado de [&hellip;]<\/p>\n","protected":false},"author":2,"featured_media":0,"comment_status":"open","ping_status":"open","sticky":false,"template":"","format":"standard","meta":{"footnotes":""},"categories":[1],"tags":[],"class_list":["post-11929","post","type-post","status-publish","format-standard","hentry","category-sem-categoria"],"_links":{"self":[{"href":"http:\/\/paulorobertodaradio.com.br\/site\/index.php?rest_route=\/wp\/v2\/posts\/11929","targetHints":{"allow":["GET"]}}],"collection":[{"href":"http:\/\/paulorobertodaradio.com.br\/site\/index.php?rest_route=\/wp\/v2\/posts"}],"about":[{"href":"http:\/\/paulorobertodaradio.com.br\/site\/index.php?rest_route=\/wp\/v2\/types\/post"}],"author":[{"embeddable":true,"href":"http:\/\/paulorobertodaradio.com.br\/site\/index.php?rest_route=\/wp\/v2\/users\/2"}],"replies":[{"embeddable":true,"href":"http:\/\/paulorobertodaradio.com.br\/site\/index.php?rest_route=%2Fwp%2Fv2%2Fcomments&post=11929"}],"version-history":[{"count":1,"href":"http:\/\/paulorobertodaradio.com.br\/site\/index.php?rest_route=\/wp\/v2\/posts\/11929\/revisions"}],"predecessor-version":[{"id":11939,"href":"http:\/\/paulorobertodaradio.com.br\/site\/index.php?rest_route=\/wp\/v2\/posts\/11929\/revisions\/11939"}],"wp:attachment":[{"href":"http:\/\/paulorobertodaradio.com.br\/site\/index.php?rest_route=%2Fwp%2Fv2%2Fmedia&parent=11929"}],"wp:term":[{"taxonomy":"category","embeddable":true,"href":"http:\/\/paulorobertodaradio.com.br\/site\/index.php?rest_route=%2Fwp%2Fv2%2Fcategories&post=11929"},{"taxonomy":"post_tag","embeddable":true,"href":"http:\/\/paulorobertodaradio.com.br\/site\/index.php?rest_route=%2Fwp%2Fv2%2Ftags&post=11929"}],"curies":[{"name":"wp","href":"https:\/\/api.w.org\/{rel}","templated":true}]}}