{"id":11957,"date":"2015-09-10T12:35:22","date_gmt":"2015-09-10T15:35:22","guid":{"rendered":"http:\/\/paulorobertodaradio.com.br\/site\/?p=11957"},"modified":"2015-09-10T12:42:42","modified_gmt":"2015-09-10T15:42:42","slug":"ocorrencias-policiais","status":"publish","type":"post","link":"http:\/\/paulorobertodaradio.com.br\/site\/?p=11957","title":{"rendered":"OCORR\u00caNCIAS POLICIAIS"},"content":{"rendered":"<p><span style=\"color: #ff0000;\">EM MANHUA\u00c7U: HOMEM INFARTA EM PROGRAMA SEXUAL:<\/span><br \/>\n<a href=\"http:\/\/paulorobertodaradio.com.br\/site\/wp-content\/uploads\/2015\/09\/homem-morre-infarto-Rodoviaria.jpg\"><img loading=\"lazy\" decoding=\"async\" class=\"size-full wp-image-11961 alignleft\" alt=\"homem morre infarto Rodoviaria\" src=\"http:\/\/paulorobertodaradio.com.br\/site\/wp-content\/uploads\/2015\/09\/homem-morre-infarto-Rodoviaria.jpg\" width=\"400\" height=\"319\" srcset=\"http:\/\/paulorobertodaradio.com.br\/site\/wp-content\/uploads\/2015\/09\/homem-morre-infarto-Rodoviaria.jpg 400w, http:\/\/paulorobertodaradio.com.br\/site\/wp-content\/uploads\/2015\/09\/homem-morre-infarto-Rodoviaria-300x239.jpg 300w\" sizes=\"auto, (max-width: 400px) 100vw, 400px\" \/><\/a>Um homem de 56 anos morreu v\u00edtima de infarto agudo do mioc\u00e1rdio durante a manh\u00e3 deste s\u00e1bado, 05\/09, num hotel na regi\u00e3o da rodovi\u00e1ria, na Baixada, em Manhua\u00e7u.<br \/>\nEle foi para um quarto do estabelecimento acompanhado de uma mulher e acabou passando mal durante o programa sexual.<br \/>\nA equipe do Corpo de Bombeiros adotou os procedimentos de reanima\u00e7\u00e3o com massagem card\u00edaca e o uso do desfibrilador, mas n\u00e3o adiantou. Com informa\u00e7\u00f5es do portal caparao.<\/p>\n<p><span style=\"color: #ff0000;\">EM IPANEMA: HOMEM TENTA MATAR O IRM\u00c3O A FACADAS<\/span><br \/>\nUm homem foi v\u00edtima de uma tentativa de homic\u00eddio no bairro Vila Vicentina em Ipanema. Ele foi atingido por oito facadas na madrugada deste domingo, 06\/09.<br \/>\nA v\u00edtima contou que o pr\u00f3prio irm\u00e3o tentou mat\u00e1-lo ap\u00f3s uma discuss\u00e3o por ele ter levado uma mulher para manter rela\u00e7\u00f5es sexuais no interior da casa, onde tamb\u00e9m reside o pai dos envolvidos.<br \/>\nO autor do crime foi localizado no interior da casa, bem como a faca utilizada, sendo preso em flagrante e conduzido para a Delegacia em Caratinga.<br \/>\nCom informa\u00e7\u00f5es do A\u00edlton Ven\u00e2ncio\/ Portal Ipanema<\/p>\n<p><span style=\"color: #ff0000;\">EM RIO CASCA: HOMEM \u00c9 ASSASSINADO EM RIO CASCA: \u00a0<\/span><\/p>\n<p>Jarbas \u00c9der de Moraes Filho, 18 anos, foi assassinado no distrito de Jurumirim, em Rio Casca, por volta de meia-noite de s\u00e1bado, 05\/09.<br \/>\nO rapaz estava numa pra\u00e7a com a irm\u00e3 e outras pessoas. Ele saiu em sua motocicleta e pouco tempo depois foram ouvidos quatro disparos.<br \/>\nO corpo foi encontrado ao lado da moto com quatro ferimentos causados por disparos de uma pistola 9mm.<br \/>\nA irm\u00e3 contou que o jovem tinha envolvimento com drogas e muitos desafetos. A Pol\u00edcia Militar fez alguns levantamentos com poss\u00edveis motiva\u00e7\u00f5es e autores para o crime.<br \/>\nNa casa da v\u00edtima, foram apreendidos um rev\u00f3lver e quatro muni\u00e7\u00f5es.<br \/>\nA ocorr\u00eancia foi encaminhada para a delegacia.<br \/>\nCom informa\u00e7\u00f5es da PM.<\/p>\n<p><span style=\"color: #ff0000;\">EM MURIA\u00c9: POL\u00cdCIA \u00a0RECUPERA VE\u00cdCULO FURTADO<a href=\"http:\/\/paulorobertodaradio.com.br\/site\/wp-content\/uploads\/2015\/09\/carro-recup.jpg\"><img loading=\"lazy\" decoding=\"async\" class=\"size-full wp-image-11963 alignleft\" alt=\"carro recup\" src=\"http:\/\/paulorobertodaradio.com.br\/site\/wp-content\/uploads\/2015\/09\/carro-recup.jpg\" width=\"564\" height=\"423\" srcset=\"http:\/\/paulorobertodaradio.com.br\/site\/wp-content\/uploads\/2015\/09\/carro-recup.jpg 564w, http:\/\/paulorobertodaradio.com.br\/site\/wp-content\/uploads\/2015\/09\/carro-recup-300x225.jpg 300w\" sizes=\"auto, (max-width: 564px) 100vw, 564px\" \/><\/a><\/span><\/p>\n<p>A Pol\u00edcia Militar de Muria\u00e9 recuperou mais um ve\u00edculo furtado na cidade. Desta vez um ve\u00edculo Fiat Uno, branco, placa KOS 0367, de Muria\u00e9-MG que foi levado na madrugada de hoje na pracinha do bairro S\u00e3o Francisco, conforme anunciado aqui no Site. O carro foi localizado em menos de 24 horas atrav\u00e9s de den\u00fancia an\u00f4nima, e as informa\u00e7\u00f5es que chegaram \u00e0 pol\u00edcia davam conta que o carro havia sido abandonado em uma estrada de ch\u00e3o, pr\u00f3ximo a Estrada de Vermelho, logo ap\u00f3s o bairro Cardoso de Melo. A PM faz levantamento para saber mais detalhes do furto do ve\u00edculo que ser\u00e1 devolvido ao leg\u00edtimo dono. Com informa\u00e7\u00f5es silvanalves.com.br<\/p>\n<p><span style=\"color: #ff0000;\">EM CARATINGA: POL\u00cdCIA CIVIL DE CARANGOLA ESTOURA DESMANCHE DE VE\u00cdCULOS.\u00a0<\/span><\/p>\n<p><a href=\"http:\/\/paulorobertodaradio.com.br\/site\/wp-content\/uploads\/2015\/09\/carro-dest.jpg\"><img loading=\"lazy\" decoding=\"async\" class=\"aligncenter size-full wp-image-11964\" alt=\"carro dest\" src=\"http:\/\/paulorobertodaradio.com.br\/site\/wp-content\/uploads\/2015\/09\/carro-dest.jpg\" width=\"702\" height=\"768\" srcset=\"http:\/\/paulorobertodaradio.com.br\/site\/wp-content\/uploads\/2015\/09\/carro-dest.jpg 702w, http:\/\/paulorobertodaradio.com.br\/site\/wp-content\/uploads\/2015\/09\/carro-dest-274x300.jpg 274w, http:\/\/paulorobertodaradio.com.br\/site\/wp-content\/uploads\/2015\/09\/carro-dest-624x682.jpg 624w\" sizes=\"auto, (max-width: 702px) 100vw, 702px\" \/><\/a>Uma equipe de investigadores da delegacia de Carangola, composta pelos policiais Ronaldo Ramos e Fernando Carlos apreenderam na manh\u00e3 desta quarta-feira (9), em Caratinga, um ve\u00edculo Gol, que havia sido furtado em Carangola.<br \/>\npartes O carro pertence a um Sargento da Pol\u00edcia Militar e havia sido furtado j\u00e1 a algumas semanas.<br \/>\nNo local onde estava o carro, j\u00e1 todo desmontado, os policiais prenderam um homem suspeito. As partes do carro foram transportadas para um p\u00e1tio credenciado, e o suspeito levado para a delegacia da cidade. Com informa\u00e7\u00f5es do interligadoonline.com<\/p>\n<p><span style=\"line-height: 1.71429; font-size: 1rem; color: #ff0000;\">EM MUTUM: ADOLESCENTE PEGA FACA \u00a0PRA ATACAR VICE- DIRETORA DE ESCOLA\u00a0<\/span><\/p>\n<p>Uma adolescente de 13 anos foi apreendida pela Pol\u00edcia Militar ap\u00f3s pegar uma faca e dizer que iria resolver o problema com a vice-diretora da escola que estuda, em Mutum, na quarta-feira, 02\/09.<br \/>\nSegundo relatos da diretora, a jovem estava dentro da sala atrapalhando a aula, por isso foi encaminhada \u00e0 vice-diretora que a advertiu e reteve o caderno da adolescente.<br \/>\nInsatisfeita a aluna saiu da escola e foi at\u00e9 uma mercearia, onde pegou uma faca de cozinha dizendo que iria retornar a escola para conversar com a vice-diretora.<br \/>\nA PM recebeu informa\u00e7\u00f5es de que a jovem estava com faca Pra\u00e7a Raul Soares. A adolescente foi localizada e apreendida.<br \/>\nQuestionada a respeito da faca disse que aprendeu com seu pai a resolver os problemas do seu jeito.<br \/>\nA garota foi conduzida \u00e0 delegacia de policia em companhia de sua m\u00e3e.<\/p>\n<p><span style=\"line-height: 1.71429; font-size: 1rem; color: #ff0000;\">EM S\u00c3O JOSE DO MANTIMENTO: HOMEM \u00c9 PRESO POR AGREDIR ESPOSA A VASSOURADAS:\u00a0<\/span><\/p>\n<p>A Pol\u00edcia Militar prendeu um homem que agrediu a esposa com um cabo de vassoura em S\u00e3o Jos\u00e9 do Mantimento.<br \/>\nA v\u00edtima foi atendida no pronto atendimento municipal e relatou aos policiais que o marido dela havia chegado b\u00eabado em casa. Depois de uma discuss\u00e3o, ele pegou uma vassoura e agrediu a mulher, ferindo-lhe o bra\u00e7o esquerdo.<br \/>\nA companheira contou ainda aos policiais que as agress\u00f5es pelo autor t\u00eam sido constantes, contudo n\u00e3o comunicava a pol\u00edcia com medo de repres\u00e1lias, j\u00e1 que o marido \u00e9 uma pessoa agressiva.<br \/>\nO autor foi conduzido at\u00e9 a delegacia de Manhua\u00e7u, onde foi ratificada a pris\u00e3o. Com informa\u00e7\u00f5es do portal caparao.<\/p>\n","protected":false},"excerpt":{"rendered":"<p>EM MANHUA\u00c7U: HOMEM INFARTA EM PROGRAMA SEXUAL: Um homem de 56 anos morreu v\u00edtima de infarto agudo do mioc\u00e1rdio durante a manh\u00e3 deste s\u00e1bado, 05\/09, num hotel na regi\u00e3o da rodovi\u00e1ria, na Baixada, em Manhua\u00e7u. Ele foi para um quarto do estabelecimento acompanhado de uma mulher e acabou passando mal durante o programa sexual. A [&hellip;]<\/p>\n","protected":false},"author":2,"featured_media":0,"comment_status":"open","ping_status":"open","sticky":false,"template":"","format":"standard","meta":{"footnotes":""},"categories":[1],"tags":[],"class_list":["post-11957","post","type-post","status-publish","format-standard","hentry","category-sem-categoria"],"_links":{"self":[{"href":"http:\/\/paulorobertodaradio.com.br\/site\/index.php?rest_route=\/wp\/v2\/posts\/11957","targetHints":{"allow":["GET"]}}],"collection":[{"href":"http:\/\/paulorobertodaradio.com.br\/site\/index.php?rest_route=\/wp\/v2\/posts"}],"about":[{"href":"http:\/\/paulorobertodaradio.com.br\/site\/index.php?rest_route=\/wp\/v2\/types\/post"}],"author":[{"embeddable":true,"href":"http:\/\/paulorobertodaradio.com.br\/site\/index.php?rest_route=\/wp\/v2\/users\/2"}],"replies":[{"embeddable":true,"href":"http:\/\/paulorobertodaradio.com.br\/site\/index.php?rest_route=%2Fwp%2Fv2%2Fcomments&post=11957"}],"version-history":[{"count":5,"href":"http:\/\/paulorobertodaradio.com.br\/site\/index.php?rest_route=\/wp\/v2\/posts\/11957\/revisions"}],"predecessor-version":[{"id":11959,"href":"http:\/\/paulorobertodaradio.com.br\/site\/index.php?rest_route=\/wp\/v2\/posts\/11957\/revisions\/11959"}],"wp:attachment":[{"href":"http:\/\/paulorobertodaradio.com.br\/site\/index.php?rest_route=%2Fwp%2Fv2%2Fmedia&parent=11957"}],"wp:term":[{"taxonomy":"category","embeddable":true,"href":"http:\/\/paulorobertodaradio.com.br\/site\/index.php?rest_route=%2Fwp%2Fv2%2Fcategories&post=11957"},{"taxonomy":"post_tag","embeddable":true,"href":"http:\/\/paulorobertodaradio.com.br\/site\/index.php?rest_route=%2Fwp%2Fv2%2Ftags&post=11957"}],"curies":[{"name":"wp","href":"https:\/\/api.w.org\/{rel}","templated":true}]}}