{"id":11966,"date":"2015-09-10T22:59:52","date_gmt":"2015-09-11T01:59:52","guid":{"rendered":"http:\/\/paulorobertodaradio.com.br\/site\/?p=11966"},"modified":"2015-09-10T22:59:52","modified_gmt":"2015-09-11T01:59:52","slug":"em-dores-do-rio-preto-vereadores-nao-fizeram-nenhuma-lei-em-2015","status":"publish","type":"post","link":"http:\/\/paulorobertodaradio.com.br\/site\/?p=11966","title":{"rendered":"EM DORES DO RIO PRETO: VEREADORES N\u00c3O FIZERAM NENHUMA LEI EM 2015"},"content":{"rendered":"<p><em><span style=\"line-height: 1.71429; font-size: 1rem; color: #ff0000;\">Em 8 meses de trabalho, \u00fanico texto de iniciativa da C\u00e2mara foi para aumento de sal\u00e1rio.<a href=\"http:\/\/paulorobertodaradio.com.br\/site\/wp-content\/uploads\/2015\/09\/vereadores-dores-do-rio-preto-300x225.jpg\"><img loading=\"lazy\" decoding=\"async\" class=\"size-full wp-image-11967 alignleft\" alt=\"vereadores-dores-do-rio-preto-300x225\" src=\"http:\/\/paulorobertodaradio.com.br\/site\/wp-content\/uploads\/2015\/09\/vereadores-dores-do-rio-preto-300x225.jpg\" width=\"300\" height=\"225\" \/><\/a><\/span><\/em><\/p>\n<p>Os nove vereadores de Dores do Rio Preto n\u00e3o apresentaram nenhum projeto de lei nos oito meses deste ano. \u00danico texto de iniciativa da C\u00e2mara foi para reajustar seus pr\u00f3prios sal\u00e1rios, em junho, de R$ 3,4 mil para R$ 3,6 mil. A informa\u00e7\u00e3o foi publicada por uma mat\u00e9ria no site da Gazeta Online, um dos maiores jornais em circula\u00e7\u00e3o no Esp\u00edrito Santo.<\/p>\n<p>Confira a mat\u00e9ria na \u00edntegra:<\/p>\n<p>Os nove vereadores de Dores do Rio Preto, no Sul do Estado, n\u00e3o apresentaram nenhum projeto de lei nos oito meses deste ano, mas foram r\u00e1pidos ao corrigir, pelo \u00edndice da infla\u00e7\u00e3o, seus pr\u00f3prios sal\u00e1rios em junho, de R$ 3,4 mil para R$ 3,6 mil.<\/p>\n<p>Sem constrangimento, quem admite isso \u00e9 o vereador Cleudenir Neto (PDT), o Ninho, deixando claro o motivo da baixa produtividade legislativa: \u201cNenhum de n\u00f3s apresentou projeto de lei porque n\u00e3o adianta, ser\u00e1 ilegal se criar despesas para o munic\u00edpio. A cidade \u00e9 pequena, tem arrecada\u00e7\u00e3o baixa, fica no sufoco. Mas eu fiscalizo a prefeitura, cobro mesmo! Somos funcion\u00e1rios p\u00fablicos e temos que dar satisfa\u00e7\u00e3o ao povo\u201d.<\/p>\n<p>Neinha do Eurico (PDT), por\u00e9m, garantiu \u00e0 reportagem que sugeriu leis este ano. Instada a citar apenas um projeto, respondeu: \u201cN\u00e3o vou lembrar de cabe\u00e7a. Est\u00e1 tudo arquivado; alguns n\u00e3o foram aprovados, outros est\u00e3o andando. Estou em viagem. Mais tarde eu te ligo\u201d, e encerrou a chamada.<\/p>\n<p>Ao atender a reportagem, um assessor da Casa pediu prazo at\u00e9 segunda-feira para apresentar os projetos de iniciativa parlamentar, argumentando a aus\u00eancia da servidora do setor, que fica sem sinal de celular na zona rural, onde mora.<\/p>\n<p>O site da C\u00e2mara n\u00e3o lista projetos e nem cita o partido dos edis: nas \u201cproposi\u00e7\u00f5es\u201d, aparecem apenas dezenas de requerimentos de informa\u00e7\u00e3o, al\u00e9m da leva de indica\u00e7\u00f5es (sugest\u00f5es) de vereadores \u00e0 prefeitura.<\/p>\n<p>O funcion\u00e1rio chegou a dizer, sem dar certeza, que apenas um projeto de lei dos vereadores havia passado este ano, mas n\u00e3o quis dar detalhes. Sobre o tal texto, Ninho decifrou o mist\u00e9rio: \u201cN\u00e3o \u00e9 projeto de lei, \u00e9 a resolu\u00e7\u00e3o administrativa da comiss\u00e3o de Finan\u00e7as que reajustou nosso sal\u00e1rio. Foram cinco votos a favor, contra tr\u00eas. Votei contra. Mas foi pela infla\u00e7\u00e3o s\u00f3, 6,23%\u201d.<\/p>\n<p>Segundo Ninho, nos \u00faltimos tempos a C\u00e2mara se incumbiu de votar os estatutos do magist\u00e9rio e dos funcion\u00e1rios p\u00fablicos \u2013 propostas do Executivo. Seu discurso revela que a pol\u00edtica partid\u00e1ria ferve, como \u00e9 t\u00edpico em cidades pequenas. A atua\u00e7\u00e3o parece mais fiscalizadora. H\u00e1 quatro vereadores de oposi\u00e7\u00e3o \u00e0 prefeita Cl\u00e1udia Bastos (PSDB).<\/p>\n<p>\u201cFizemos mais de 150 requerimentos de informa\u00e7\u00e3o no mandato, mais de 30 este ano, para investigar a prefeitura. Nem fa\u00e7o indica\u00e7\u00f5es para n\u00e3o atrapalhar a comunidade. A prefeita n\u00e3o gosta de mim mesmo\u201d.<\/p>\n<p>A reportagem n\u00e3o conseguiu falar com outros vereadores.Com informa\u00e7\u00f5es do gazeta online.<\/p>\n","protected":false},"excerpt":{"rendered":"<p>Em 8 meses de trabalho, \u00fanico texto de iniciativa da C\u00e2mara foi para aumento de sal\u00e1rio. Os nove vereadores de Dores do Rio Preto n\u00e3o apresentaram nenhum projeto de lei nos oito meses deste ano. \u00danico texto de iniciativa da C\u00e2mara foi para reajustar seus pr\u00f3prios sal\u00e1rios, em junho, de R$ 3,4 mil para R$ [&hellip;]<\/p>\n","protected":false},"author":2,"featured_media":0,"comment_status":"open","ping_status":"open","sticky":false,"template":"","format":"standard","meta":{"footnotes":""},"categories":[1],"tags":[],"class_list":["post-11966","post","type-post","status-publish","format-standard","hentry","category-sem-categoria"],"_links":{"self":[{"href":"http:\/\/paulorobertodaradio.com.br\/site\/index.php?rest_route=\/wp\/v2\/posts\/11966","targetHints":{"allow":["GET"]}}],"collection":[{"href":"http:\/\/paulorobertodaradio.com.br\/site\/index.php?rest_route=\/wp\/v2\/posts"}],"about":[{"href":"http:\/\/paulorobertodaradio.com.br\/site\/index.php?rest_route=\/wp\/v2\/types\/post"}],"author":[{"embeddable":true,"href":"http:\/\/paulorobertodaradio.com.br\/site\/index.php?rest_route=\/wp\/v2\/users\/2"}],"replies":[{"embeddable":true,"href":"http:\/\/paulorobertodaradio.com.br\/site\/index.php?rest_route=%2Fwp%2Fv2%2Fcomments&post=11966"}],"version-history":[{"count":1,"href":"http:\/\/paulorobertodaradio.com.br\/site\/index.php?rest_route=\/wp\/v2\/posts\/11966\/revisions"}],"predecessor-version":[{"id":11968,"href":"http:\/\/paulorobertodaradio.com.br\/site\/index.php?rest_route=\/wp\/v2\/posts\/11966\/revisions\/11968"}],"wp:attachment":[{"href":"http:\/\/paulorobertodaradio.com.br\/site\/index.php?rest_route=%2Fwp%2Fv2%2Fmedia&parent=11966"}],"wp:term":[{"taxonomy":"category","embeddable":true,"href":"http:\/\/paulorobertodaradio.com.br\/site\/index.php?rest_route=%2Fwp%2Fv2%2Fcategories&post=11966"},{"taxonomy":"post_tag","embeddable":true,"href":"http:\/\/paulorobertodaradio.com.br\/site\/index.php?rest_route=%2Fwp%2Fv2%2Ftags&post=11966"}],"curies":[{"name":"wp","href":"https:\/\/api.w.org\/{rel}","templated":true}]}}