{"id":11973,"date":"2015-09-10T23:08:49","date_gmt":"2015-09-11T02:08:49","guid":{"rendered":"http:\/\/paulorobertodaradio.com.br\/site\/?p=11973"},"modified":"2015-09-10T23:10:20","modified_gmt":"2015-09-11T02:10:20","slug":"em-muriae-hospital-do-cancer-de-muriae-realizara-segundo-simposio-de-radiologia","status":"publish","type":"post","link":"http:\/\/paulorobertodaradio.com.br\/site\/?p=11973","title":{"rendered":"EM MURIA\u00c9: HOSPITAL DO C\u00c2NCER DE MURIA\u00c9 REALIZAR\u00c1 SEGUNDO SIMP\u00d3SIO DE RADIOLOGIA."},"content":{"rendered":"<p><span style=\"line-height: 1.71429; font-size: 1rem;\"><a href=\"http:\/\/paulorobertodaradio.com.br\/site\/wp-content\/uploads\/2015\/09\/Simp\u00f3sio-de-Radiologia.jpg\"><img loading=\"lazy\" decoding=\"async\" class=\"aligncenter size-full wp-image-11974\" alt=\"Simp\u00f3sio-de-Radiologia\" src=\"http:\/\/paulorobertodaradio.com.br\/site\/wp-content\/uploads\/2015\/09\/Simp\u00f3sio-de-Radiologia.jpg\" width=\"543\" height=\"768\" srcset=\"http:\/\/paulorobertodaradio.com.br\/site\/wp-content\/uploads\/2015\/09\/Simp\u00f3sio-de-Radiologia.jpg 543w, http:\/\/paulorobertodaradio.com.br\/site\/wp-content\/uploads\/2015\/09\/Simp\u00f3sio-de-Radiologia-212x300.jpg 212w\" sizes=\"auto, (max-width: 543px) 100vw, 543px\" \/><\/a>II Simp\u00f3sio de RadiologiaO Hospital do C\u00e2ncer de Muria\u00e9 da Funda\u00e7\u00e3o Cristiano Varella realizar\u00e1 no dia 19 de setembro, no Audit\u00f3rio do Memorial da Funda\u00e7\u00e3o, o II Simp\u00f3sio da Zona da Mata Mineira para T\u00e9cnicos e Tecn\u00f3logos em Radiologia.<\/span><\/p>\n<p>Voltado principalmente para os profissionais e estudantes da \u00e1rea, o curso abordar\u00e1 diversos temas da profiss\u00e3o e ainda sortear\u00e1 alguns brindes para os participantes.<br \/>\nOs interessados podem se inscrever atrav\u00e9s de dep\u00f3sito banc\u00e1rio para a Conta Corrente, do Banco do Brasil: 54898-7, ag\u00eancia: 3398-7 e enviar o comprovante para o e-mail: centrodeestudos@fcv.org.br.<\/p>\n<p>As inscri\u00e7\u00f5es custam R$ 50,00 para estudantes, R$ 70,00 para profissionais e no dia do evento todos que desejarem se inscrever dever\u00e3o pagar R$ 80,00.\u00a0Para mais detalhes sobre o evento, ligue: (32) 3729-7089 ou (32) 3729-7001.<\/p>\n","protected":false},"excerpt":{"rendered":"<p>II Simp\u00f3sio de RadiologiaO Hospital do C\u00e2ncer de Muria\u00e9 da Funda\u00e7\u00e3o Cristiano Varella realizar\u00e1 no dia 19 de setembro, no Audit\u00f3rio do Memorial da Funda\u00e7\u00e3o, o II Simp\u00f3sio da Zona da Mata Mineira para T\u00e9cnicos e Tecn\u00f3logos em Radiologia. Voltado principalmente para os profissionais e estudantes da \u00e1rea, o curso abordar\u00e1 diversos temas da profiss\u00e3o [&hellip;]<\/p>\n","protected":false},"author":2,"featured_media":0,"comment_status":"open","ping_status":"open","sticky":false,"template":"","format":"standard","meta":{"footnotes":""},"categories":[1],"tags":[],"class_list":["post-11973","post","type-post","status-publish","format-standard","hentry","category-sem-categoria"],"_links":{"self":[{"href":"http:\/\/paulorobertodaradio.com.br\/site\/index.php?rest_route=\/wp\/v2\/posts\/11973","targetHints":{"allow":["GET"]}}],"collection":[{"href":"http:\/\/paulorobertodaradio.com.br\/site\/index.php?rest_route=\/wp\/v2\/posts"}],"about":[{"href":"http:\/\/paulorobertodaradio.com.br\/site\/index.php?rest_route=\/wp\/v2\/types\/post"}],"author":[{"embeddable":true,"href":"http:\/\/paulorobertodaradio.com.br\/site\/index.php?rest_route=\/wp\/v2\/users\/2"}],"replies":[{"embeddable":true,"href":"http:\/\/paulorobertodaradio.com.br\/site\/index.php?rest_route=%2Fwp%2Fv2%2Fcomments&post=11973"}],"version-history":[{"count":4,"href":"http:\/\/paulorobertodaradio.com.br\/site\/index.php?rest_route=\/wp\/v2\/posts\/11973\/revisions"}],"predecessor-version":[{"id":11977,"href":"http:\/\/paulorobertodaradio.com.br\/site\/index.php?rest_route=\/wp\/v2\/posts\/11973\/revisions\/11977"}],"wp:attachment":[{"href":"http:\/\/paulorobertodaradio.com.br\/site\/index.php?rest_route=%2Fwp%2Fv2%2Fmedia&parent=11973"}],"wp:term":[{"taxonomy":"category","embeddable":true,"href":"http:\/\/paulorobertodaradio.com.br\/site\/index.php?rest_route=%2Fwp%2Fv2%2Fcategories&post=11973"},{"taxonomy":"post_tag","embeddable":true,"href":"http:\/\/paulorobertodaradio.com.br\/site\/index.php?rest_route=%2Fwp%2Fv2%2Ftags&post=11973"}],"curies":[{"name":"wp","href":"https:\/\/api.w.org\/{rel}","templated":true}]}}