{"id":11983,"date":"2015-09-10T23:26:37","date_gmt":"2015-09-11T02:26:37","guid":{"rendered":"http:\/\/paulorobertodaradio.com.br\/site\/?p=11983"},"modified":"2015-09-10T23:26:37","modified_gmt":"2015-09-11T02:26:37","slug":"em-sao-francisco-do-gloria-desfile-de-7-de-setembro","status":"publish","type":"post","link":"http:\/\/paulorobertodaradio.com.br\/site\/?p=11983","title":{"rendered":"EM S\u00c3O FRANCISCO DO GL\u00d3RIA:  DESFILE DE 7 DE SETEMBRO."},"content":{"rendered":"<p><span style=\"line-height: 1.71429; font-size: 1rem;\"><a href=\"http:\/\/paulorobertodaradio.com.br\/site\/wp-content\/uploads\/2015\/09\/DESFILE01.jpg\"><img loading=\"lazy\" decoding=\"async\" class=\"aligncenter size-full wp-image-11984\" alt=\"DESFILE01\" src=\"http:\/\/paulorobertodaradio.com.br\/site\/wp-content\/uploads\/2015\/09\/DESFILE01.jpg\" width=\"640\" height=\"480\" srcset=\"http:\/\/paulorobertodaradio.com.br\/site\/wp-content\/uploads\/2015\/09\/DESFILE01.jpg 640w, http:\/\/paulorobertodaradio.com.br\/site\/wp-content\/uploads\/2015\/09\/DESFILE01-300x225.jpg 300w, http:\/\/paulorobertodaradio.com.br\/site\/wp-content\/uploads\/2015\/09\/DESFILE01-624x468.jpg 624w\" sizes=\"auto, (max-width: 640px) 100vw, 640px\" \/><\/a>A Prefeitura de S\u00e3o Francisco do Gl\u00f3ria, atrav\u00e9s da Secretaria de Educa\u00e7\u00e3o, em parceria com a Escola Municipal Ant\u00f4nio Franco Laviola, Creches Municipais e Escola Estadual Santo Agostinho, promoveu o tradicional Desfile C\u00edvico de 07 de Setembro. \u201cCentenas de alunos, professores e servidores participaram desse evento hist\u00f3rico e se engajaram, juntamente com os diretores e professores, na confec\u00e7\u00e3o de fantasias, cartazes e adere\u00e7os, que tornou poss\u00edvel representar o Tema: \u201cFam\u00edlia e Escola: Uma parceria que d\u00e1 certo\u201d. Al\u00e9m disso, foram apresentados temas discutidos na sociedade, como: meio ambiente, esporte, educa\u00e7\u00e3o, sa\u00fade, viol\u00eancia, fam\u00edlia, etc\u201d relata a Secretaria de Educa\u00e7\u00e3o. O desfile contou tamb\u00e9m com a participa\u00e7\u00e3o da Fanfarra da Cidade, a Guarda Mirim de S\u00e3o Francisco do Gl\u00f3ria, Miradouro e Vieiras, PRONATEC (Programa de Acesso ao Ensino T\u00e9cnico e Emprego), 1\u00aa Brigada de Combate a Inc\u00eandio Florestal e Urbano (Programa Bombeiro Mirim), CRAS (Centro de Refer\u00eancia e Assist\u00eancia Social),Pastoral da Crian\u00e7a, CAPS (Centro de Aten\u00e7\u00e3o Psicossocial), entre outros. Estiveram presentes, o prefeito Jos\u00e9 Bissiati, a primeira dama, Maria de F\u00e1tima Mendes, o vice-prefeito Walace Ferreira, secretariado municipal, vereadores e demais autoridades do munic\u00edpio.<a href=\"http:\/\/paulorobertodaradio.com.br\/site\/wp-content\/uploads\/2015\/09\/DESFILE02.jpg\"><img loading=\"lazy\" decoding=\"async\" class=\"aligncenter size-full wp-image-11985\" alt=\"DESFILE02\" src=\"http:\/\/paulorobertodaradio.com.br\/site\/wp-content\/uploads\/2015\/09\/DESFILE02.jpg\" width=\"640\" height=\"480\" srcset=\"http:\/\/paulorobertodaradio.com.br\/site\/wp-content\/uploads\/2015\/09\/DESFILE02.jpg 640w, http:\/\/paulorobertodaradio.com.br\/site\/wp-content\/uploads\/2015\/09\/DESFILE02-300x225.jpg 300w, http:\/\/paulorobertodaradio.com.br\/site\/wp-content\/uploads\/2015\/09\/DESFILE02-624x468.jpg 624w\" sizes=\"auto, (max-width: 640px) 100vw, 640px\" \/><\/a><a href=\"http:\/\/paulorobertodaradio.com.br\/site\/wp-content\/uploads\/2015\/09\/DESFILE04.jpg\"><img loading=\"lazy\" decoding=\"async\" class=\"aligncenter size-full wp-image-11987\" alt=\"DESFILE04\" src=\"http:\/\/paulorobertodaradio.com.br\/site\/wp-content\/uploads\/2015\/09\/DESFILE04.jpg\" width=\"640\" height=\"480\" srcset=\"http:\/\/paulorobertodaradio.com.br\/site\/wp-content\/uploads\/2015\/09\/DESFILE04.jpg 640w, http:\/\/paulorobertodaradio.com.br\/site\/wp-content\/uploads\/2015\/09\/DESFILE04-300x225.jpg 300w, http:\/\/paulorobertodaradio.com.br\/site\/wp-content\/uploads\/2015\/09\/DESFILE04-624x468.jpg 624w\" sizes=\"auto, (max-width: 640px) 100vw, 640px\" \/><\/a> <a href=\"http:\/\/paulorobertodaradio.com.br\/site\/wp-content\/uploads\/2015\/09\/DESFILE05.jpg\"><img loading=\"lazy\" decoding=\"async\" class=\"aligncenter size-full wp-image-11988\" alt=\"DESFILE05\" src=\"http:\/\/paulorobertodaradio.com.br\/site\/wp-content\/uploads\/2015\/09\/DESFILE05.jpg\" width=\"640\" height=\"480\" srcset=\"http:\/\/paulorobertodaradio.com.br\/site\/wp-content\/uploads\/2015\/09\/DESFILE05.jpg 640w, http:\/\/paulorobertodaradio.com.br\/site\/wp-content\/uploads\/2015\/09\/DESFILE05-300x225.jpg 300w, http:\/\/paulorobertodaradio.com.br\/site\/wp-content\/uploads\/2015\/09\/DESFILE05-624x468.jpg 624w\" sizes=\"auto, (max-width: 640px) 100vw, 640px\" \/><\/a> <a href=\"http:\/\/paulorobertodaradio.com.br\/site\/wp-content\/uploads\/2015\/09\/DESFILE06.jpg\"><img loading=\"lazy\" decoding=\"async\" class=\"aligncenter size-full wp-image-11989\" alt=\"DESFILE06\" src=\"http:\/\/paulorobertodaradio.com.br\/site\/wp-content\/uploads\/2015\/09\/DESFILE06.jpg\" width=\"640\" height=\"480\" srcset=\"http:\/\/paulorobertodaradio.com.br\/site\/wp-content\/uploads\/2015\/09\/DESFILE06.jpg 640w, http:\/\/paulorobertodaradio.com.br\/site\/wp-content\/uploads\/2015\/09\/DESFILE06-300x225.jpg 300w, http:\/\/paulorobertodaradio.com.br\/site\/wp-content\/uploads\/2015\/09\/DESFILE06-624x468.jpg 624w\" sizes=\"auto, (max-width: 640px) 100vw, 640px\" \/><\/a> <a href=\"http:\/\/paulorobertodaradio.com.br\/site\/wp-content\/uploads\/2015\/09\/DESFILE07.jpg\"><img loading=\"lazy\" decoding=\"async\" class=\"aligncenter size-full wp-image-11990\" alt=\"DESFILE07\" src=\"http:\/\/paulorobertodaradio.com.br\/site\/wp-content\/uploads\/2015\/09\/DESFILE07.jpg\" width=\"640\" height=\"507\" srcset=\"http:\/\/paulorobertodaradio.com.br\/site\/wp-content\/uploads\/2015\/09\/DESFILE07.jpg 640w, http:\/\/paulorobertodaradio.com.br\/site\/wp-content\/uploads\/2015\/09\/DESFILE07-300x237.jpg 300w, http:\/\/paulorobertodaradio.com.br\/site\/wp-content\/uploads\/2015\/09\/DESFILE07-624x494.jpg 624w\" sizes=\"auto, (max-width: 640px) 100vw, 640px\" \/><\/a> <a href=\"http:\/\/paulorobertodaradio.com.br\/site\/wp-content\/uploads\/2015\/09\/DESFILE08.jpg\"><img loading=\"lazy\" decoding=\"async\" class=\"aligncenter size-full wp-image-11991\" alt=\"DESFILE08\" src=\"http:\/\/paulorobertodaradio.com.br\/site\/wp-content\/uploads\/2015\/09\/DESFILE08.jpg\" width=\"640\" height=\"480\" srcset=\"http:\/\/paulorobertodaradio.com.br\/site\/wp-content\/uploads\/2015\/09\/DESFILE08.jpg 640w, http:\/\/paulorobertodaradio.com.br\/site\/wp-content\/uploads\/2015\/09\/DESFILE08-300x225.jpg 300w, http:\/\/paulorobertodaradio.com.br\/site\/wp-content\/uploads\/2015\/09\/DESFILE08-624x468.jpg 624w\" sizes=\"auto, (max-width: 640px) 100vw, 640px\" \/><\/a> <a href=\"http:\/\/paulorobertodaradio.com.br\/site\/wp-content\/uploads\/2015\/09\/DESFILE09.jpg\"><img loading=\"lazy\" decoding=\"async\" class=\"aligncenter size-full wp-image-11992\" alt=\"DESFILE09\" src=\"http:\/\/paulorobertodaradio.com.br\/site\/wp-content\/uploads\/2015\/09\/DESFILE09.jpg\" width=\"640\" height=\"480\" srcset=\"http:\/\/paulorobertodaradio.com.br\/site\/wp-content\/uploads\/2015\/09\/DESFILE09.jpg 640w, http:\/\/paulorobertodaradio.com.br\/site\/wp-content\/uploads\/2015\/09\/DESFILE09-300x225.jpg 300w, http:\/\/paulorobertodaradio.com.br\/site\/wp-content\/uploads\/2015\/09\/DESFILE09-624x468.jpg 624w\" sizes=\"auto, (max-width: 640px) 100vw, 640px\" \/><\/a> <a href=\"http:\/\/paulorobertodaradio.com.br\/site\/wp-content\/uploads\/2015\/09\/DESFILE10.jpg\"><img loading=\"lazy\" decoding=\"async\" class=\"aligncenter size-full wp-image-11993\" alt=\"DESFILE10\" src=\"http:\/\/paulorobertodaradio.com.br\/site\/wp-content\/uploads\/2015\/09\/DESFILE10.jpg\" width=\"640\" height=\"480\" srcset=\"http:\/\/paulorobertodaradio.com.br\/site\/wp-content\/uploads\/2015\/09\/DESFILE10.jpg 640w, http:\/\/paulorobertodaradio.com.br\/site\/wp-content\/uploads\/2015\/09\/DESFILE10-300x225.jpg 300w, http:\/\/paulorobertodaradio.com.br\/site\/wp-content\/uploads\/2015\/09\/DESFILE10-624x468.jpg 624w\" sizes=\"auto, (max-width: 640px) 100vw, 640px\" \/><\/a> <a href=\"http:\/\/paulorobertodaradio.com.br\/site\/wp-content\/uploads\/2015\/09\/DESFILE11.jpg\"><img loading=\"lazy\" decoding=\"async\" class=\"aligncenter size-full wp-image-11994\" alt=\"DESFILE11\" src=\"http:\/\/paulorobertodaradio.com.br\/site\/wp-content\/uploads\/2015\/09\/DESFILE11.jpg\" width=\"640\" height=\"480\" srcset=\"http:\/\/paulorobertodaradio.com.br\/site\/wp-content\/uploads\/2015\/09\/DESFILE11.jpg 640w, http:\/\/paulorobertodaradio.com.br\/site\/wp-content\/uploads\/2015\/09\/DESFILE11-300x225.jpg 300w, http:\/\/paulorobertodaradio.com.br\/site\/wp-content\/uploads\/2015\/09\/DESFILE11-624x468.jpg 624w\" sizes=\"auto, (max-width: 640px) 100vw, 640px\" \/><\/a> <a href=\"http:\/\/paulorobertodaradio.com.br\/site\/wp-content\/uploads\/2015\/09\/DESFILE12.jpg\"><img loading=\"lazy\" decoding=\"async\" class=\"aligncenter size-full wp-image-11995\" alt=\"DESFILE12\" src=\"http:\/\/paulorobertodaradio.com.br\/site\/wp-content\/uploads\/2015\/09\/DESFILE12.jpg\" width=\"640\" height=\"480\" srcset=\"http:\/\/paulorobertodaradio.com.br\/site\/wp-content\/uploads\/2015\/09\/DESFILE12.jpg 640w, http:\/\/paulorobertodaradio.com.br\/site\/wp-content\/uploads\/2015\/09\/DESFILE12-300x225.jpg 300w, http:\/\/paulorobertodaradio.com.br\/site\/wp-content\/uploads\/2015\/09\/DESFILE12-624x468.jpg 624w\" sizes=\"auto, (max-width: 640px) 100vw, 640px\" \/><\/a> <a href=\"http:\/\/paulorobertodaradio.com.br\/site\/wp-content\/uploads\/2015\/09\/DESFILE13.jpg\"><img loading=\"lazy\" decoding=\"async\" class=\"aligncenter size-full wp-image-11996\" alt=\"DESFILE13\" src=\"http:\/\/paulorobertodaradio.com.br\/site\/wp-content\/uploads\/2015\/09\/DESFILE13.jpg\" width=\"640\" height=\"480\" srcset=\"http:\/\/paulorobertodaradio.com.br\/site\/wp-content\/uploads\/2015\/09\/DESFILE13.jpg 640w, http:\/\/paulorobertodaradio.com.br\/site\/wp-content\/uploads\/2015\/09\/DESFILE13-300x225.jpg 300w, http:\/\/paulorobertodaradio.com.br\/site\/wp-content\/uploads\/2015\/09\/DESFILE13-624x468.jpg 624w\" sizes=\"auto, (max-width: 640px) 100vw, 640px\" \/><\/a> <a href=\"http:\/\/paulorobertodaradio.com.br\/site\/wp-content\/uploads\/2015\/09\/DESFILE14.jpg\"><img loading=\"lazy\" decoding=\"async\" class=\"aligncenter size-full wp-image-11997\" alt=\"DESFILE14\" src=\"http:\/\/paulorobertodaradio.com.br\/site\/wp-content\/uploads\/2015\/09\/DESFILE14.jpg\" width=\"640\" height=\"480\" srcset=\"http:\/\/paulorobertodaradio.com.br\/site\/wp-content\/uploads\/2015\/09\/DESFILE14.jpg 640w, http:\/\/paulorobertodaradio.com.br\/site\/wp-content\/uploads\/2015\/09\/DESFILE14-300x225.jpg 300w, http:\/\/paulorobertodaradio.com.br\/site\/wp-content\/uploads\/2015\/09\/DESFILE14-624x468.jpg 624w\" sizes=\"auto, (max-width: 640px) 100vw, 640px\" \/><\/a> <a href=\"http:\/\/paulorobertodaradio.com.br\/site\/wp-content\/uploads\/2015\/09\/DESFILE15.jpg\"><img loading=\"lazy\" decoding=\"async\" class=\"aligncenter size-full wp-image-11998\" alt=\"DESFILE15\" src=\"http:\/\/paulorobertodaradio.com.br\/site\/wp-content\/uploads\/2015\/09\/DESFILE15.jpg\" width=\"640\" height=\"480\" srcset=\"http:\/\/paulorobertodaradio.com.br\/site\/wp-content\/uploads\/2015\/09\/DESFILE15.jpg 640w, http:\/\/paulorobertodaradio.com.br\/site\/wp-content\/uploads\/2015\/09\/DESFILE15-300x225.jpg 300w, http:\/\/paulorobertodaradio.com.br\/site\/wp-content\/uploads\/2015\/09\/DESFILE15-624x468.jpg 624w\" sizes=\"auto, (max-width: 640px) 100vw, 640px\" \/><\/a> <a href=\"http:\/\/paulorobertodaradio.com.br\/site\/wp-content\/uploads\/2015\/09\/DESFILE16.jpg\"><img loading=\"lazy\" decoding=\"async\" class=\"aligncenter size-full wp-image-11999\" alt=\"DESFILE16\" src=\"http:\/\/paulorobertodaradio.com.br\/site\/wp-content\/uploads\/2015\/09\/DESFILE16.jpg\" width=\"551\" height=\"413\" srcset=\"http:\/\/paulorobertodaradio.com.br\/site\/wp-content\/uploads\/2015\/09\/DESFILE16.jpg 551w, http:\/\/paulorobertodaradio.com.br\/site\/wp-content\/uploads\/2015\/09\/DESFILE16-300x224.jpg 300w\" sizes=\"auto, (max-width: 551px) 100vw, 551px\" \/><\/a> <a href=\"http:\/\/paulorobertodaradio.com.br\/site\/wp-content\/uploads\/2015\/09\/DESFILE17.jpg\"><img loading=\"lazy\" decoding=\"async\" class=\"aligncenter size-full wp-image-12000\" alt=\"DESFILE17\" src=\"http:\/\/paulorobertodaradio.com.br\/site\/wp-content\/uploads\/2015\/09\/DESFILE17.jpg\" width=\"551\" height=\"413\" srcset=\"http:\/\/paulorobertodaradio.com.br\/site\/wp-content\/uploads\/2015\/09\/DESFILE17.jpg 551w, http:\/\/paulorobertodaradio.com.br\/site\/wp-content\/uploads\/2015\/09\/DESFILE17-300x224.jpg 300w\" sizes=\"auto, (max-width: 551px) 100vw, 551px\" \/><\/a><\/span><\/p>\n","protected":false},"excerpt":{"rendered":"<p>A Prefeitura de S\u00e3o Francisco do Gl\u00f3ria, atrav\u00e9s da Secretaria de Educa\u00e7\u00e3o, em parceria com a Escola Municipal Ant\u00f4nio Franco Laviola, Creches Municipais e Escola Estadual Santo Agostinho, promoveu o tradicional Desfile C\u00edvico de 07 de Setembro. \u201cCentenas de alunos, professores e servidores participaram desse evento hist\u00f3rico e se engajaram, juntamente com os diretores e [&hellip;]<\/p>\n","protected":false},"author":2,"featured_media":0,"comment_status":"open","ping_status":"open","sticky":false,"template":"","format":"standard","meta":{"footnotes":""},"categories":[1],"tags":[],"class_list":["post-11983","post","type-post","status-publish","format-standard","hentry","category-sem-categoria"],"_links":{"self":[{"href":"http:\/\/paulorobertodaradio.com.br\/site\/index.php?rest_route=\/wp\/v2\/posts\/11983","targetHints":{"allow":["GET"]}}],"collection":[{"href":"http:\/\/paulorobertodaradio.com.br\/site\/index.php?rest_route=\/wp\/v2\/posts"}],"about":[{"href":"http:\/\/paulorobertodaradio.com.br\/site\/index.php?rest_route=\/wp\/v2\/types\/post"}],"author":[{"embeddable":true,"href":"http:\/\/paulorobertodaradio.com.br\/site\/index.php?rest_route=\/wp\/v2\/users\/2"}],"replies":[{"embeddable":true,"href":"http:\/\/paulorobertodaradio.com.br\/site\/index.php?rest_route=%2Fwp%2Fv2%2Fcomments&post=11983"}],"version-history":[{"count":2,"href":"http:\/\/paulorobertodaradio.com.br\/site\/index.php?rest_route=\/wp\/v2\/posts\/11983\/revisions"}],"predecessor-version":[{"id":12002,"href":"http:\/\/paulorobertodaradio.com.br\/site\/index.php?rest_route=\/wp\/v2\/posts\/11983\/revisions\/12002"}],"wp:attachment":[{"href":"http:\/\/paulorobertodaradio.com.br\/site\/index.php?rest_route=%2Fwp%2Fv2%2Fmedia&parent=11983"}],"wp:term":[{"taxonomy":"category","embeddable":true,"href":"http:\/\/paulorobertodaradio.com.br\/site\/index.php?rest_route=%2Fwp%2Fv2%2Fcategories&post=11983"},{"taxonomy":"post_tag","embeddable":true,"href":"http:\/\/paulorobertodaradio.com.br\/site\/index.php?rest_route=%2Fwp%2Fv2%2Ftags&post=11983"}],"curies":[{"name":"wp","href":"https:\/\/api.w.org\/{rel}","templated":true}]}}