{"id":12006,"date":"2015-09-12T12:53:49","date_gmt":"2015-09-12T15:53:49","guid":{"rendered":"http:\/\/paulorobertodaradio.com.br\/site\/?p=12006"},"modified":"2015-09-12T12:53:49","modified_gmt":"2015-09-12T15:53:49","slug":"em-muriae-jovem-de-14-anos-esta-desaparecida","status":"publish","type":"post","link":"http:\/\/paulorobertodaradio.com.br\/site\/?p=12006","title":{"rendered":"EM MURIA\u00c9: JOVEM DE 14 ANOS EST\u00c1 DESAPARECIDA."},"content":{"rendered":"<p><a href=\"http:\/\/paulorobertodaradio.com.br\/site\/wp-content\/uploads\/2015\/09\/desaparecida01.jpg\"><img loading=\"lazy\" decoding=\"async\" class=\"aligncenter size-full wp-image-12007\" alt=\"desaparecida01\" src=\"http:\/\/paulorobertodaradio.com.br\/site\/wp-content\/uploads\/2015\/09\/desaparecida01.jpg\" width=\"430\" height=\"413\" srcset=\"http:\/\/paulorobertodaradio.com.br\/site\/wp-content\/uploads\/2015\/09\/desaparecida01.jpg 430w, http:\/\/paulorobertodaradio.com.br\/site\/wp-content\/uploads\/2015\/09\/desaparecida01-300x288.jpg 300w\" sizes=\"auto, (max-width: 430px) 100vw, 430px\" \/><\/a>DESAPARECIDA : Maria Dallyla Borges da Silva, 14 anos de idade, moradora da Rua Floresta, no bairro S\u00e3o Joaquim, na cidade de \u00a0Muria\u00e9 Ela teria dito pra av\u00f3 no Domingo que iria a igreja por volta das 19:00 n\u00e3o mais retornou. Qualquer informa\u00e7\u00e3o favor ligar para a \u00a0Pol\u00edcia Militar 190; Pol\u00edcia Civil 197.<\/p>\n","protected":false},"excerpt":{"rendered":"<p>DESAPARECIDA : Maria Dallyla Borges da Silva, 14 anos de idade, moradora da Rua Floresta, no bairro S\u00e3o Joaquim, na cidade de \u00a0Muria\u00e9 Ela teria dito pra av\u00f3 no Domingo que iria a igreja por volta das 19:00 n\u00e3o mais retornou. Qualquer informa\u00e7\u00e3o favor ligar para a \u00a0Pol\u00edcia Militar 190; Pol\u00edcia Civil 197.<\/p>\n","protected":false},"author":2,"featured_media":0,"comment_status":"open","ping_status":"open","sticky":false,"template":"","format":"standard","meta":{"footnotes":""},"categories":[1],"tags":[],"class_list":["post-12006","post","type-post","status-publish","format-standard","hentry","category-sem-categoria"],"_links":{"self":[{"href":"http:\/\/paulorobertodaradio.com.br\/site\/index.php?rest_route=\/wp\/v2\/posts\/12006","targetHints":{"allow":["GET"]}}],"collection":[{"href":"http:\/\/paulorobertodaradio.com.br\/site\/index.php?rest_route=\/wp\/v2\/posts"}],"about":[{"href":"http:\/\/paulorobertodaradio.com.br\/site\/index.php?rest_route=\/wp\/v2\/types\/post"}],"author":[{"embeddable":true,"href":"http:\/\/paulorobertodaradio.com.br\/site\/index.php?rest_route=\/wp\/v2\/users\/2"}],"replies":[{"embeddable":true,"href":"http:\/\/paulorobertodaradio.com.br\/site\/index.php?rest_route=%2Fwp%2Fv2%2Fcomments&post=12006"}],"version-history":[{"count":2,"href":"http:\/\/paulorobertodaradio.com.br\/site\/index.php?rest_route=\/wp\/v2\/posts\/12006\/revisions"}],"predecessor-version":[{"id":12009,"href":"http:\/\/paulorobertodaradio.com.br\/site\/index.php?rest_route=\/wp\/v2\/posts\/12006\/revisions\/12009"}],"wp:attachment":[{"href":"http:\/\/paulorobertodaradio.com.br\/site\/index.php?rest_route=%2Fwp%2Fv2%2Fmedia&parent=12006"}],"wp:term":[{"taxonomy":"category","embeddable":true,"href":"http:\/\/paulorobertodaradio.com.br\/site\/index.php?rest_route=%2Fwp%2Fv2%2Fcategories&post=12006"},{"taxonomy":"post_tag","embeddable":true,"href":"http:\/\/paulorobertodaradio.com.br\/site\/index.php?rest_route=%2Fwp%2Fv2%2Ftags&post=12006"}],"curies":[{"name":"wp","href":"https:\/\/api.w.org\/{rel}","templated":true}]}}