{"id":12016,"date":"2015-09-12T13:49:14","date_gmt":"2015-09-12T16:49:14","guid":{"rendered":"http:\/\/paulorobertodaradio.com.br\/site\/?p=12016"},"modified":"2015-09-12T13:49:14","modified_gmt":"2015-09-12T16:49:14","slug":"em-manhuacu-homem-foi-assassinado-no-manhuacuzinho","status":"publish","type":"post","link":"http:\/\/paulorobertodaradio.com.br\/site\/?p=12016","title":{"rendered":"EM MANHUA\u00c7U: HOMEM FOI ASSASSINADO NO MANHUA\u00c7UZINHO."},"content":{"rendered":"<p><a href=\"http:\/\/paulorobertodaradio.com.br\/site\/wp-content\/uploads\/2015\/09\/homicidio01.jpg\"><img loading=\"lazy\" decoding=\"async\" class=\"aligncenter size-full wp-image-12017\" alt=\"homicidio01\" src=\"http:\/\/paulorobertodaradio.com.br\/site\/wp-content\/uploads\/2015\/09\/homicidio01.jpg\" width=\"400\" height=\"300\" srcset=\"http:\/\/paulorobertodaradio.com.br\/site\/wp-content\/uploads\/2015\/09\/homicidio01.jpg 400w, http:\/\/paulorobertodaradio.com.br\/site\/wp-content\/uploads\/2015\/09\/homicidio01-300x225.jpg 300w\" sizes=\"auto, (max-width: 400px) 100vw, 400px\" \/><\/a>M\u00e1rio Silva Pinto, 34 anos, foi assassinado na regi\u00e3o do C\u00f3rrego Manhua\u00e7uzinho, na zona rural de Manhua\u00e7u, nesta sexta-feira, 11\/09.<br \/>\nO Corpo de Bombeiros de Manhua\u00e7u foi acionado por populares informando que o homem estava ca\u00eddo na beira da estrada, com sangramento na cabe\u00e7a.<br \/>\nChegando ao local, os Bombeiros constataram que o homem estava com quatro perfura\u00e7\u00f5es provocadas por disparo de arma fogo, sendo duas na cabe\u00e7a e duas no abd\u00f4men.<br \/>\n&#8220;Ele ainda apresentava sinais vitais e foi socorrido para Manhua\u00e7u, mas ao dar entrada na UPA, sofreu uma parada cardiorrespirat\u00f3ria, ficando sob os cuidados m\u00e9dicos e vindo a falecer posteriormente&#8221;, explicou Cabo Ferrreira.<br \/>\nA Pol\u00edcia Militar de Realeza conversou com moradores pr\u00f3ximos. Eles informaram que ouviram estampidos r\u00e1pidos e, logo em seguida, um barulho de carro acelerando e saindo em alta velocidade, no entanto, ningu\u00e9m soube dar detalhes.<br \/>\nM\u00e1rio somente foi identificado mais tarde. Ele estava sem documentos. Um policial, ap\u00f3s visualizar as fotos dele, atrav\u00e9s das tatuagens, reconheceu o homem. Ele foi preso, tempos atr\u00e1s, tentando furtar uma motocicleta em Vilanova.<br \/>\n\u00c9 o segundo crime de homic\u00eddio registrado neste ano em Manhua\u00e7u.<\/p>\n<p>Colabora\u00e7\u00e3o:\u00a0www.portalcaparao.com.br<\/p>\n<p>&nbsp;<\/p>\n","protected":false},"excerpt":{"rendered":"<p>M\u00e1rio Silva Pinto, 34 anos, foi assassinado na regi\u00e3o do C\u00f3rrego Manhua\u00e7uzinho, na zona rural de Manhua\u00e7u, nesta sexta-feira, 11\/09. O Corpo de Bombeiros de Manhua\u00e7u foi acionado por populares informando que o homem estava ca\u00eddo na beira da estrada, com sangramento na cabe\u00e7a. Chegando ao local, os Bombeiros constataram que o homem estava com [&hellip;]<\/p>\n","protected":false},"author":2,"featured_media":0,"comment_status":"open","ping_status":"open","sticky":false,"template":"","format":"standard","meta":{"footnotes":""},"categories":[1],"tags":[],"class_list":["post-12016","post","type-post","status-publish","format-standard","hentry","category-sem-categoria"],"_links":{"self":[{"href":"http:\/\/paulorobertodaradio.com.br\/site\/index.php?rest_route=\/wp\/v2\/posts\/12016","targetHints":{"allow":["GET"]}}],"collection":[{"href":"http:\/\/paulorobertodaradio.com.br\/site\/index.php?rest_route=\/wp\/v2\/posts"}],"about":[{"href":"http:\/\/paulorobertodaradio.com.br\/site\/index.php?rest_route=\/wp\/v2\/types\/post"}],"author":[{"embeddable":true,"href":"http:\/\/paulorobertodaradio.com.br\/site\/index.php?rest_route=\/wp\/v2\/users\/2"}],"replies":[{"embeddable":true,"href":"http:\/\/paulorobertodaradio.com.br\/site\/index.php?rest_route=%2Fwp%2Fv2%2Fcomments&post=12016"}],"version-history":[{"count":1,"href":"http:\/\/paulorobertodaradio.com.br\/site\/index.php?rest_route=\/wp\/v2\/posts\/12016\/revisions"}],"predecessor-version":[{"id":12018,"href":"http:\/\/paulorobertodaradio.com.br\/site\/index.php?rest_route=\/wp\/v2\/posts\/12016\/revisions\/12018"}],"wp:attachment":[{"href":"http:\/\/paulorobertodaradio.com.br\/site\/index.php?rest_route=%2Fwp%2Fv2%2Fmedia&parent=12016"}],"wp:term":[{"taxonomy":"category","embeddable":true,"href":"http:\/\/paulorobertodaradio.com.br\/site\/index.php?rest_route=%2Fwp%2Fv2%2Fcategories&post=12016"},{"taxonomy":"post_tag","embeddable":true,"href":"http:\/\/paulorobertodaradio.com.br\/site\/index.php?rest_route=%2Fwp%2Fv2%2Ftags&post=12016"}],"curies":[{"name":"wp","href":"https:\/\/api.w.org\/{rel}","templated":true}]}}