{"id":12123,"date":"2015-09-13T23:42:20","date_gmt":"2015-09-14T02:42:20","guid":{"rendered":"http:\/\/paulorobertodaradio.com.br\/site\/?p=12123"},"modified":"2015-09-13T23:59:41","modified_gmt":"2015-09-14T02:59:41","slug":"na-estrada-miradouro-a-vieiras-pessoas-sem-coracao-abandonam-cachorro-recem-nascidos","status":"publish","type":"post","link":"http:\/\/paulorobertodaradio.com.br\/site\/?p=12123","title":{"rendered":"NA ESTRADA MIRADOURO A VIEIRAS: PESSOAS SEM CORA\u00c7\u00c3O ABANDONAM CACHORRO REC\u00c9M NASCIDOS"},"content":{"rendered":"<p>Todos os dias pessoas sem cora\u00e7\u00e3o fazem grandes maus tratos e abandonos de animais. N\u00e3o \u00e9 raridade a gente estar numa via a trabalho ou a lazer e ver animais abandonados nas pistas e estradas. A alguns meses eu e minha esposa deparamos com 1 cachorra com \u00a02 filhotes abandonados na estada de Miradouro a Monte Alverne. Minha esposa com um cora\u00e7\u00e3o enorme, tocou em meu cora\u00e7\u00e3o pra gente peg\u00e1-los e trazer pra cuidarmos e arrumar donos pra eles, ela juntou a cachorra com os filhotes, abra\u00e7ou todos e trouxe sobre minha moto.<\/p>\n<p>Quando chegamos em casa , a cachorra foi para o port\u00e3o e queria sair, a\u00ed a Jeane me disse &#8221; volte l\u00e1 pois dece ter ficado algum, ela est\u00e1 preocupada com o outro&#8221;, ent\u00e3o voltamos eu e o Luan Carlos meu cunhado, e encontramos mais 1. Chegamos em casa, a m\u00e3e cachorra ficou feliz da vida, e comeu ra\u00e7\u00e3o de gato com os seus pequenos.<\/p>\n<p>Mas como nem tudo s\u00e3o flores eles cresceram, e come\u00e7aram a fazer barulho , fui procurando dono pra cada um, e demorou um pouco, pois eles eram na verdade elas, e todo mundo quer \u00e9 macho, f\u00eamea n\u00e3o, talvez por isso fizeram tal crueldade de abandonar. Enquanto demorava, um vizinho teve a coragem de ir no pessoal que me alugou a casa pra reclamar dos meus cachorros, &#8221; est\u00e3o latindo e incomodando&#8221;, mas eu n\u00e3o ira colocar meus cachorros na rua, e cometer tamanha crueldade, sei inclusive que abandonar animais \u00e9 crime. Tive que tentar control\u00e1-los, mas interessante, quando o vizinho faz churrasco, e faz algum barulho, precisamos manter a amizade, e entender. Quando a faxineira vem fazer limpeza da casa e solta o pancad\u00e3o, nunca fui reclamar com dona de casa. Agora me responda, porque o animal irracional \u00e9 obrigado a ser punido?<\/p>\n<p>Gra\u00e7as a Deus consegui dono s respons\u00e1veis, 1 foi pra ro\u00e7a em Santo Ant\u00f4nio do Gl\u00f3ria, 2 para a casa do irm\u00e3o Vanderlei \u00a0e Alessandra da igreja da Gra\u00e7a, por fim ficou a m\u00e3ezona pithuka, que foi adotada por uma simp\u00e1tica senhora em Vieiras, e eu fui levar de moto pessoalmente na casa dela com o Luan. \u00a0V\u00cd ESTA MAT\u00c9RIA NO FACE DA KELLY LACERDA, ME D\u00d3I O CORA\u00c7\u00c3O, mas n\u00e3o vou trazer aqui pra casa, sen\u00e3o a vizinha \u00e9 capaz de arrumar jeito \u00a0me despejar. Caso voc\u00ea tenha condi\u00e7\u00f5es ajude: Se n\u00e3o puder ajudar, pelo menos n\u00e3o maltrate os que est\u00e3o abandonados.<a href=\"http:\/\/paulorobertodaradio.com.br\/site\/wp-content\/uploads\/2015\/09\/caes-abandonados05.jpg\"><img loading=\"lazy\" decoding=\"async\" class=\"aligncenter size-full wp-image-12128\" alt=\"caes abandonados05\" src=\"http:\/\/paulorobertodaradio.com.br\/site\/wp-content\/uploads\/2015\/09\/caes-abandonados05.jpg\" width=\"720\" height=\"960\" srcset=\"http:\/\/paulorobertodaradio.com.br\/site\/wp-content\/uploads\/2015\/09\/caes-abandonados05.jpg 720w, http:\/\/paulorobertodaradio.com.br\/site\/wp-content\/uploads\/2015\/09\/caes-abandonados05-225x300.jpg 225w, http:\/\/paulorobertodaradio.com.br\/site\/wp-content\/uploads\/2015\/09\/caes-abandonados05-624x832.jpg 624w\" sizes=\"auto, (max-width: 720px) 100vw, 720px\" \/><\/a><a href=\"http:\/\/paulorobertodaradio.com.br\/site\/wp-content\/uploads\/2015\/09\/caes-abandonados01.jpg\"><br \/>\n<\/a><\/p>\n<p><strong><em><span style=\"color: #ff0000;\">&#8220;Caso de abandono na estrada de VIEIRAS !!!<\/span><\/em><\/strong><br \/>\nGente , URGEEEEEENTE , quem puder de alguma forma nos ajudar !!!! POR FAVOOOOR &#8230;.<br \/>\nN\u00e3o os resgatamos pois infelizmente n\u00e3o temos abrigo pra eles , e em Miradouro n\u00e3o conseguimos lar provis\u00f3rio , ajude a compartilhar ,vamos arrumar um lar p eles , antes que o pior aconte\u00e7a &#8230;&#8221;<a href=\"http:\/\/paulorobertodaradio.com.br\/site\/wp-content\/uploads\/2015\/09\/caes-abandonados02.jpg\"><img loading=\"lazy\" decoding=\"async\" class=\"aligncenter size-full wp-image-12125\" alt=\"caes abandonados02\" src=\"http:\/\/paulorobertodaradio.com.br\/site\/wp-content\/uploads\/2015\/09\/caes-abandonados02.jpg\" width=\"960\" height=\"720\" srcset=\"http:\/\/paulorobertodaradio.com.br\/site\/wp-content\/uploads\/2015\/09\/caes-abandonados02.jpg 960w, http:\/\/paulorobertodaradio.com.br\/site\/wp-content\/uploads\/2015\/09\/caes-abandonados02-300x225.jpg 300w, http:\/\/paulorobertodaradio.com.br\/site\/wp-content\/uploads\/2015\/09\/caes-abandonados02-624x468.jpg 624w\" sizes=\"auto, (max-width: 960px) 100vw, 960px\" \/><\/a> <a href=\"http:\/\/paulorobertodaradio.com.br\/site\/wp-content\/uploads\/2015\/09\/caes-abandonados03.jpg\"><img loading=\"lazy\" decoding=\"async\" class=\"aligncenter size-full wp-image-12126\" alt=\"caes abandonados03\" src=\"http:\/\/paulorobertodaradio.com.br\/site\/wp-content\/uploads\/2015\/09\/caes-abandonados03.jpg\" width=\"960\" height=\"720\" srcset=\"http:\/\/paulorobertodaradio.com.br\/site\/wp-content\/uploads\/2015\/09\/caes-abandonados03.jpg 960w, http:\/\/paulorobertodaradio.com.br\/site\/wp-content\/uploads\/2015\/09\/caes-abandonados03-300x225.jpg 300w, http:\/\/paulorobertodaradio.com.br\/site\/wp-content\/uploads\/2015\/09\/caes-abandonados03-624x468.jpg 624w\" sizes=\"auto, (max-width: 960px) 100vw, 960px\" \/><\/a> <a href=\"http:\/\/paulorobertodaradio.com.br\/site\/wp-content\/uploads\/2015\/09\/caes-abandonados04.jpg\"><img loading=\"lazy\" decoding=\"async\" class=\"aligncenter size-full wp-image-12127\" alt=\"caes abandonados04\" src=\"http:\/\/paulorobertodaradio.com.br\/site\/wp-content\/uploads\/2015\/09\/caes-abandonados04.jpg\" width=\"960\" height=\"720\" srcset=\"http:\/\/paulorobertodaradio.com.br\/site\/wp-content\/uploads\/2015\/09\/caes-abandonados04.jpg 960w, http:\/\/paulorobertodaradio.com.br\/site\/wp-content\/uploads\/2015\/09\/caes-abandonados04-300x225.jpg 300w, http:\/\/paulorobertodaradio.com.br\/site\/wp-content\/uploads\/2015\/09\/caes-abandonados04-624x468.jpg 624w\" sizes=\"auto, (max-width: 960px) 100vw, 960px\" \/><\/a><a href=\"http:\/\/paulorobertodaradio.com.br\/site\/wp-content\/uploads\/2015\/09\/caes-abandonados06.jpg\"><img loading=\"lazy\" decoding=\"async\" class=\"aligncenter size-full wp-image-12129\" alt=\"caes abandonados06\" src=\"http:\/\/paulorobertodaradio.com.br\/site\/wp-content\/uploads\/2015\/09\/caes-abandonados06.jpg\" width=\"960\" height=\"720\" srcset=\"http:\/\/paulorobertodaradio.com.br\/site\/wp-content\/uploads\/2015\/09\/caes-abandonados06.jpg 960w, http:\/\/paulorobertodaradio.com.br\/site\/wp-content\/uploads\/2015\/09\/caes-abandonados06-300x225.jpg 300w, http:\/\/paulorobertodaradio.com.br\/site\/wp-content\/uploads\/2015\/09\/caes-abandonados06-624x468.jpg 624w\" sizes=\"auto, (max-width: 960px) 100vw, 960px\" \/><\/a><\/p>\n","protected":false},"excerpt":{"rendered":"<p>Todos os dias pessoas sem cora\u00e7\u00e3o fazem grandes maus tratos e abandonos de animais. N\u00e3o \u00e9 raridade a gente estar numa via a trabalho ou a lazer e ver animais abandonados nas pistas e estradas. A alguns meses eu e minha esposa deparamos com 1 cachorra com \u00a02 filhotes abandonados na estada de Miradouro a [&hellip;]<\/p>\n","protected":false},"author":2,"featured_media":0,"comment_status":"open","ping_status":"open","sticky":false,"template":"","format":"standard","meta":{"footnotes":""},"categories":[1],"tags":[],"class_list":["post-12123","post","type-post","status-publish","format-standard","hentry","category-sem-categoria"],"_links":{"self":[{"href":"http:\/\/paulorobertodaradio.com.br\/site\/index.php?rest_route=\/wp\/v2\/posts\/12123","targetHints":{"allow":["GET"]}}],"collection":[{"href":"http:\/\/paulorobertodaradio.com.br\/site\/index.php?rest_route=\/wp\/v2\/posts"}],"about":[{"href":"http:\/\/paulorobertodaradio.com.br\/site\/index.php?rest_route=\/wp\/v2\/types\/post"}],"author":[{"embeddable":true,"href":"http:\/\/paulorobertodaradio.com.br\/site\/index.php?rest_route=\/wp\/v2\/users\/2"}],"replies":[{"embeddable":true,"href":"http:\/\/paulorobertodaradio.com.br\/site\/index.php?rest_route=%2Fwp%2Fv2%2Fcomments&post=12123"}],"version-history":[{"count":3,"href":"http:\/\/paulorobertodaradio.com.br\/site\/index.php?rest_route=\/wp\/v2\/posts\/12123\/revisions"}],"predecessor-version":[{"id":12131,"href":"http:\/\/paulorobertodaradio.com.br\/site\/index.php?rest_route=\/wp\/v2\/posts\/12123\/revisions\/12131"}],"wp:attachment":[{"href":"http:\/\/paulorobertodaradio.com.br\/site\/index.php?rest_route=%2Fwp%2Fv2%2Fmedia&parent=12123"}],"wp:term":[{"taxonomy":"category","embeddable":true,"href":"http:\/\/paulorobertodaradio.com.br\/site\/index.php?rest_route=%2Fwp%2Fv2%2Fcategories&post=12123"},{"taxonomy":"post_tag","embeddable":true,"href":"http:\/\/paulorobertodaradio.com.br\/site\/index.php?rest_route=%2Fwp%2Fv2%2Ftags&post=12123"}],"curies":[{"name":"wp","href":"https:\/\/api.w.org\/{rel}","templated":true}]}}