{"id":12134,"date":"2015-09-14T10:07:24","date_gmt":"2015-09-14T13:07:24","guid":{"rendered":"http:\/\/paulorobertodaradio.com.br\/site\/?p=12134"},"modified":"2015-09-14T10:07:24","modified_gmt":"2015-09-14T13:07:24","slug":"em-diamantina-festa-civica-marca-solenidade-de-medalha-jk","status":"publish","type":"post","link":"http:\/\/paulorobertodaradio.com.br\/site\/?p=12134","title":{"rendered":"EM DIAMANTINA: FESTA C\u00cdVICA MARCA SOLENIDADE DE MEDALHA JK."},"content":{"rendered":"<p>&nbsp;<\/p>\n<p><a href=\"http:\/\/paulorobertodaradio.com.br\/site\/wp-content\/uploads\/2015\/09\/MMN_9555.jpg\"><img loading=\"lazy\" decoding=\"async\" class=\"aligncenter size-full wp-image-12135\" alt=\"MMN_9555\" src=\"http:\/\/paulorobertodaradio.com.br\/site\/wp-content\/uploads\/2015\/09\/MMN_9555.jpg\" width=\"3543\" height=\"2570\" srcset=\"http:\/\/paulorobertodaradio.com.br\/site\/wp-content\/uploads\/2015\/09\/MMN_9555.jpg 3543w, http:\/\/paulorobertodaradio.com.br\/site\/wp-content\/uploads\/2015\/09\/MMN_9555-300x217.jpg 300w, http:\/\/paulorobertodaradio.com.br\/site\/wp-content\/uploads\/2015\/09\/MMN_9555-1024x742.jpg 1024w, http:\/\/paulorobertodaradio.com.br\/site\/wp-content\/uploads\/2015\/09\/MMN_9555-624x452.jpg 624w\" sizes=\"auto, (max-width: 3543px) 100vw, 3543px\" \/><\/a>Uma festa c\u00edvica marcou a solenidade de entrega da Medalha JK, neste s\u00e1bado (12\/9), na hist\u00f3rica cidade de Diamantina, no Vale do Jequitinhonha. Agraciados exaltaram o legado do ex-presidente e ex-governador Juscelino Kubitschek, o JK. Ap\u00f3s receber a Medalha de Honra, a integrante da comunidade quilombola Mata dos Crioulos, localizada na Serra do Espinha\u00e7o, em Diamantina, Jovita Maria Gomes Corr\u00eaa, se disse emocionada. \u201c\u00c9 a primeira vez que recebo uma medalha do Estado. Fiquei muito feliz em saber que a nossa luta est\u00e1 sendo recompensada\u201d, afirmou. O professor e escritor Jacinto Guerra, autor de dois livros sobre a vida e o legado de Juscelino, tamb\u00e9m se disse lisonjeado por receber a Medalha de Honra. \u201c\u00c9 uma emo\u00e7\u00e3o muito grande estar na terra de JK. Me sinto honrado\u201d, afirmou o escritor.<\/p>\n<p>Condecorado com a Medalha de Honra, o desembargador Pedro Aleixo Neto, do Tribunal de Justi\u00e7a de Minas Gerais (TJMG), falou sobre a import\u00e2ncia da homenagem. \u201c\u00c9 uma grande honra. O governador Fernando Pimentel est\u00e1 realizando uma excepcional administra\u00e7\u00e3o. Eu me sinto muito prestigiado por mais esta honraria. Tenho apenas palavras de agradecimento\u201d, disse. O superintendente Regional da Pol\u00edcia Federal em Minas Gerais, S\u00e9rgio Barboza Menezes, tamb\u00e9m falou sobre o privil\u00e9gio de receber a Medalha de Honra. \u201c\u00c9 uma grande alegria, como superintendente da Pol\u00edcia Federal, ter o reconhecimento do nosso trabalho dedicado a Minas Gerais. Estamos muito felizes por estarmos na terra de JK\u201d, enalteceu.<\/p>\n<p>Os moradores de Diamanatina tamb\u00e9m enalteceram o legado de Juscelino. \u201cEssa \u00e9 uma festa de todo o Estado mas, principalmente, do povo diamantinense. \u00c9 preciso preservar a mem\u00f3ria e os ideais de Juscelino\u201d, afirmou o aposentado Jos\u00e9 Eust\u00e1quio Freire da Silva, de 73 anos. Para a dona de casa Maria do Anjos Santos Barbosa, de 56 anos, Juscelino \u201crepresenta os sentimentos de mineiridade e de brasilidade. JK \u00e9 filho da nossa terra, merece todas as rever\u00eancias\u201d, disse.<\/p>\n<p><span style=\"color: #ff0000;\">\u00a0Sentimento de brasilidade<\/span><\/p>\n<p>A vis\u00e3o de futuro e a dedica\u00e7\u00e3o de Juscelino Kubistchek a Minas Gerais e ao Brasil foram lembrados tamb\u00e9m pelo prefeito de Diamantina, Paulo C\u00e9lio de Almeida Hugo (PSDB). \u201cDeixemos infundir em todos n\u00f3s o sentimento de brasilidade, pois o pa\u00eds esta acima de todos. Cultivemos a credibilidade, sejamos otimistas, exercitemos a constru\u00e7\u00e3o da confian\u00e7a e da credibilidade\u201d, disse o prefeito. A Medalha JK foi criada pela Lei n\u00ba 11.902, de 1995, sendo entregue pela primeira vez em 1996. A cerim\u00f4nia \u00e9 realizada anualmente, no dia do anivers\u00e1rio do ex-presidente, nascido em 1902 \u2013 h\u00e1 113 anos.<\/p>\n<p>A honraria \u00e9 dividida nos graus \u201cGrande Medalha\u201d e \u201cMedalha de Honra\u201d. Entre os condecorados est\u00e3o personalidades e institui\u00e7\u00f5es do cen\u00e1rio pol\u00edtico, econ\u00f4mico, social e cultural do Estado e do pa\u00eds. Nesta edi\u00e7\u00e3o, 86 pessoas e institui\u00e7\u00f5es foram agraciadas. Ap\u00f3s a abertura do evento, com as honras militares e a execu\u00e7\u00e3o do Hino Nacional, apresentado pelo Grupo Arte Mi\u00fada de Diamantina, o governador conduziu a entrega das medalhas e, em seguida, acompanhou o desfile da Guarda de Honra. A solenidade \u2013 que neste ano teve com orador oficial o presidente da Assembleia Legislativa de Minas Gerais, Adalclever Lopes \u2013 encerra as comemora\u00e7\u00f5es da Semana JK.<\/p>\n<p>Pronunciamento do Governador de Minas Gerais, Fernando Pimentel, durante solenidade de entrega da Medalha JK, em Diamantina:<\/p>\n<p>&#8220;Esse \u00e9 um momento de muita alegria para mim. Hoje, aos m\u00faltiplos e pesados deveres de um governador do Estado, se incorpora o prazer de estar aqui em Diamantina e vivenciar intensamente a paisagem, a hist\u00f3ria, a cultura e a fraternidade do povo da nossa Minas Gerais.<\/p>\n<p>N\u00f3s celebramos aqui valores muito caros ao esp\u00edrito mineiro. Estamos na cidade amada do presidente Juscelino Kubitschek: Diamantina, fonte de inspira\u00e7\u00e3o e entusiasmo. Entre os n\u00facleos urbanos fundadores da nossa terra, certamente nenhum supera Diamantina como express\u00e3o de sentimento de alegria e de esperan\u00e7a, mesmo diante de eventuais adversidades.<\/p>\n<p>Aqui, no alto azul do Espinha\u00e7o, tendo o Pico do Itamb\u00e9 como sentinela, n\u00f3s mineiros apuramos um jeito particular de fazer da vida uma epifania, uma caminhada amorosa sob todos os atropelos do caminho.<\/p>\n<p>O presidente Juscelino nasceu aqui, na aurora do s\u00e9culo XX, exatamente no dia 12 de setembro de 1902. Jamais lhe faltou o sorriso diamantinense, o bom humor de quem est\u00e1 de bem com a vida, ainda que a incompreens\u00e3o muitas vezes o oprimisse e a intoler\u00e2ncia outras tantas lhe afastasse do exerc\u00edcio da voca\u00e7\u00e3o natural de servir \u00e0 sua p\u00e1tria.<\/p>\n<p>JK \u00e9 um s\u00edmbolo do homem republicano e democr\u00e1tico, incans\u00e1vel na a\u00e7\u00e3o p\u00fablica, mas de alma seresteira e p\u00e9 de valsa como quem toca numa vesperata e acredita na felicidade.<\/p>\n<p>Golpistas, radicais rancorosos tentaram impedir, desde o lan\u00e7amento da sua candidatura presidencial, a trajet\u00f3ria vitoriosa do filho da professora J\u00falia Kubitschek de Oliveira. Depois, foi atingido, mais tarde, com o Senado da Rep\u00fablica, ap\u00f3s o golpe de 1964, eliminando aquele sonho, que mesmo sonhado por milh\u00f5es de brasileiros, n\u00e3o conseguiu tornar poss\u00edvel a legenda JK 65.<\/p>\n<p>Faz meio s\u00e9culo que o nosso pa\u00eds perdeu o direito de reconduzir a Bras\u00edlia o construtor da capital, l\u00edder do moderno processo de desenvolvimento econ\u00f4mico e social e defensor exemplar dos princ\u00edpios sociais e \u00e9ticos da cidadania.<\/p>\n<p>Na Prefeitura de Belo Horizonte, no Governo do Estado e na Presid\u00eancia da Rep\u00fablica, JK deixou marcas, sempre lembradas. A ele devemos a cria\u00e7\u00e3o da Cemig em 1952, e em homenagem ao seu pioneirismo acabamos de alcan\u00e7ar oito milh\u00f5es de consumidores de energia, exatamente aqui em Diamantina, numa liga\u00e7\u00e3o celebrada ontem pela Cemig, pelo professor Mauro Borges, presidente da emrpesa, aqui no munic\u00edpio como parte das celebra\u00e7\u00f5es nessa semana.<\/p>\n<p>Aqui mesmo, ao lado, no Teatro Santa Isabel, a exposi\u00e7\u00e3o de obras do grande fot\u00f3grafo Assis Horta representa a nossa homenagem aos diamantinenses, que poder\u00e3o admirar imagens inseridas entre as mais siginificativas da hist\u00f3ria da fotografia brasileira.<\/p>\n<p>Senhores e senhoras, meus conterr\u00e2neos de Diamantina e das Minas Gerais, JK \u00e9 uma refer\u00eancia de fort\u00edssima atualidade.<\/p>\n<p>A vida desse mineiro, ilustre e admirado, nos lembra que os trechos dif\u00edceis da hist\u00f3ria s\u00e3o justamente os que pedem aos cidad\u00e3os e cidad\u00e3s maior solidariedade e participa\u00e7\u00e3o, mais lucidez e mais serenidade para resolver os problemas da economia, encravados por entre os in\u00fameros desafios que o mundo hoje enfrenta. O Brasil deve buscar \u00e2nimo na resist\u00eancia e na perseveran\u00e7a de Juscelino.<\/p>\n<p>Confiamos em dias melhores. Esses dias nascer\u00e3o do empenho dos brasileiros na constru\u00e7\u00e3o dos fatores positivos do desenvolvimento. E em Minas Gerais estamos dando nossa contribui\u00e7\u00e3o como um esfor\u00e7o para enfrentarmos uma heran\u00e7a pesada de d\u00edvidas, desajustes e desequil\u00edbrios na condu\u00e7\u00e3o do Estado.<\/p>\n<p>A harmonia e o relacionamento entre os poderes assegura as respostas afirmativas que oferecemos aos desafios nessa hora. Legislativo, Judici\u00e1rio e Executivo, em Minas, procuram cumprir o seu papel em sintonia com a realidade, buscando nessa converg\u00eancia resultados transformadores.<\/p>\n<p>Quero parabenizar com alegria todos os agraciados com a Medalha JK. Mas pe\u00e7o licen\u00e7a para saudar em especial o presidente do egr\u00e9gio Tribunal de Justi\u00e7a, desembargador Pedro Bittencourt, e o presidente da Assembleia Legislaiva, deputado Adalclever Lopes, amigos e parceiros na caminhada por Minas Gerais.<\/p>\n<p>A frente de seus pares, Vossas Excel\u00eancias s\u00e3o cidad\u00e3os que se colocam na vanguarda daqueles que desejam acelerar o processo hist\u00f3rico e ultrapassar os obst\u00e1culos. Aqui, ao se pronunciar como orador oficial, o presidente Adalclever enfatizou o primado da autonomia e da sinergia dos poderes republicanos. Os valores da nossa consci\u00eancia c\u00edvica, indutores da forma\u00e7\u00e3o pol\u00edtica do Brasil, renovam-se esplendidamente nessa luminosa manh\u00e3 de Diamantina.<\/p>\n<p>Quem reflete sobre as li\u00e7\u00f5es do passado pode evitar a repeti\u00e7\u00e3o de erros no presente. A intoler\u00e2ncia que vitimou JK, as injusti\u00e7as contra ele cometidas, isso \u00e9 o exemplo da busca permanente pela paz, da concilia\u00e7\u00e3o, do di\u00e1logo, e serve de alerta contra aqueles que pregam a ruptura da ordem democr\u00e1tica, flertam com o autoritarismo e disseminam o \u00f3dio e a intoler\u00e2ncia na vida social.<\/p>\n<p>Minas Gerias, ao contr\u00e1rio, serena e autaneira, consagra a defesa da causa da liberdade republicana e evoca a legenda sempre viva do quilombola Isidoro, aqui de Diamantina, e o inconfidente Padre Rolim, tamb\u00e9m diamantinense, e do nosso eterno presidente Juscelino Kubitschek.<\/p>\n<p>Viva JK, viva Diamantina, viva Minas Gerais e viva o Brasil.&#8221;<\/p>\n","protected":false},"excerpt":{"rendered":"<p>&nbsp; Uma festa c\u00edvica marcou a solenidade de entrega da Medalha JK, neste s\u00e1bado (12\/9), na hist\u00f3rica cidade de Diamantina, no Vale do Jequitinhonha. Agraciados exaltaram o legado do ex-presidente e ex-governador Juscelino Kubitschek, o JK. Ap\u00f3s receber a Medalha de Honra, a integrante da comunidade quilombola Mata dos Crioulos, localizada na Serra do Espinha\u00e7o, [&hellip;]<\/p>\n","protected":false},"author":2,"featured_media":0,"comment_status":"open","ping_status":"open","sticky":false,"template":"","format":"standard","meta":{"footnotes":""},"categories":[1],"tags":[],"class_list":["post-12134","post","type-post","status-publish","format-standard","hentry","category-sem-categoria"],"_links":{"self":[{"href":"http:\/\/paulorobertodaradio.com.br\/site\/index.php?rest_route=\/wp\/v2\/posts\/12134","targetHints":{"allow":["GET"]}}],"collection":[{"href":"http:\/\/paulorobertodaradio.com.br\/site\/index.php?rest_route=\/wp\/v2\/posts"}],"about":[{"href":"http:\/\/paulorobertodaradio.com.br\/site\/index.php?rest_route=\/wp\/v2\/types\/post"}],"author":[{"embeddable":true,"href":"http:\/\/paulorobertodaradio.com.br\/site\/index.php?rest_route=\/wp\/v2\/users\/2"}],"replies":[{"embeddable":true,"href":"http:\/\/paulorobertodaradio.com.br\/site\/index.php?rest_route=%2Fwp%2Fv2%2Fcomments&post=12134"}],"version-history":[{"count":1,"href":"http:\/\/paulorobertodaradio.com.br\/site\/index.php?rest_route=\/wp\/v2\/posts\/12134\/revisions"}],"predecessor-version":[{"id":12136,"href":"http:\/\/paulorobertodaradio.com.br\/site\/index.php?rest_route=\/wp\/v2\/posts\/12134\/revisions\/12136"}],"wp:attachment":[{"href":"http:\/\/paulorobertodaradio.com.br\/site\/index.php?rest_route=%2Fwp%2Fv2%2Fmedia&parent=12134"}],"wp:term":[{"taxonomy":"category","embeddable":true,"href":"http:\/\/paulorobertodaradio.com.br\/site\/index.php?rest_route=%2Fwp%2Fv2%2Fcategories&post=12134"},{"taxonomy":"post_tag","embeddable":true,"href":"http:\/\/paulorobertodaradio.com.br\/site\/index.php?rest_route=%2Fwp%2Fv2%2Ftags&post=12134"}],"curies":[{"name":"wp","href":"https:\/\/api.w.org\/{rel}","templated":true}]}}