{"id":12137,"date":"2015-09-14T12:01:31","date_gmt":"2015-09-14T15:01:31","guid":{"rendered":"http:\/\/paulorobertodaradio.com.br\/site\/?p=12137"},"modified":"2015-09-14T12:11:58","modified_gmt":"2015-09-14T15:11:58","slug":"em-belo-horizonte-morre-mario-assad-ex-prefeito-de-manhuacu-e-ex-deputado","status":"publish","type":"post","link":"http:\/\/paulorobertodaradio.com.br\/site\/?p=12137","title":{"rendered":"EM BELO HORIZONTE: MORRE M\u00c1RIO ASSAD, EX PREFEITO DE MANHUA\u00c7U  E EX DEPUTADO"},"content":{"rendered":"<p><span style=\"line-height: 1.71429; font-size: 1rem;\"><a href=\"http:\/\/paulorobertodaradio.com.br\/site\/wp-content\/uploads\/2015\/09\/Mario-Assad-P.jpg\"><img loading=\"lazy\" decoding=\"async\" class=\"size-full wp-image-12138 alignleft\" alt=\"Mario Assad P\" src=\"http:\/\/paulorobertodaradio.com.br\/site\/wp-content\/uploads\/2015\/09\/Mario-Assad-P.jpg\" width=\"314\" height=\"400\" srcset=\"http:\/\/paulorobertodaradio.com.br\/site\/wp-content\/uploads\/2015\/09\/Mario-Assad-P.jpg 314w, http:\/\/paulorobertodaradio.com.br\/site\/wp-content\/uploads\/2015\/09\/Mario-Assad-P-235x300.jpg 235w\" sizes=\"auto, (max-width: 314px) 100vw, 314px\" \/><\/a>Faleceu, em Belo Horizonte, no in\u00edcio da noite deste s\u00e1bado, o ex-prefeito de Manhua\u00e7u, Dr. M\u00e1rio Assad. Advogadoe professor, ele foi deputado estadual e federal por oito mandatos e encerrou a carreira, marcada pela honestidade e car\u00e1ter, como Prefeito de Manhua\u00e7u entre 2001 e 2004.<\/span><\/p>\n<p>O vel\u00f3rio aconteceu no Cemit\u00e9rio Bosque da Esperan\u00e7a, em Belo Horizonte. O sepultamento aconteceu na tarde deste domingo.<br \/>\n<span style=\"color: #ff0000;\">REPERCUSS\u00c3O:\u00a0<\/span><br \/>\nTodos os elogios feitos a M\u00e1rio Assad s\u00e3o justos. Foi um grande estadista que transformou a hist\u00f3ria da regi\u00e3o de uma maneira significativa. Demonstrou com sua intelig\u00eancia, habilidade, honestidade e coragem que, no campo da pol\u00edtica, \u00e9 poss\u00edvel fazer o bem sem se envolver em esc\u00e2ndalos de corrup\u00e7\u00e3o e outras sujeiras.<br \/>\nAtual presidente da ACIAM, Silv\u00e9rio Afonso, foi chefe de gabinete na gest\u00e3o de M\u00e1rio Assad. Ele lamentou a perda do grande pol\u00edtico: &#8220;Dr. M\u00e1rio Assad sempre foi uma refer\u00eancia para todos n\u00f3s. Homem de qualidade intelectual \u00edmpar, fundamental no ciclo das grandes mudan\u00e7as na nossa cidade. Eu perdi um amigo, um mestre. Com ele tive a minha primeira oportunidade na pol\u00edtica e tive um grande aprendizado. Manhua\u00e7u e o Brasil perderam um homem s\u00e9rio, competente e um grande pol\u00edtico&#8221;.<br \/>\nO prefeito Nailton Heringer tamb\u00e9m lamentou o falecimento do ex-prefeito M\u00e1rio Assad. &#8220;Restam agora o reconhecimento e a gratid\u00e3o pelo legado de trabalho e compromisso deixado por ele, n\u00e3o apenas enquanto gestor p\u00fablico. O Governo de Manhua\u00e7u vem manifestar sua solidariedade aos familiares e amigos&#8221;.<br \/>\nA diretoria da OAB\/Manhua\u00e7u tamb\u00e9m divulgou nota. \u201cSem d\u00favida, perdemos um grande exemplo de ser humano, provido de reserva \u00e9tica e moral. Aos familiares, amigos e parentes externamos os nossos sentimentos pela passagem deste homem, que foi um exemplo de sabedoria, integridade e honestidade\u201d, lamentou o presidente da OAB Manhua\u00e7u, Alex Barbosa de Matos.<br \/>\nO Presidente da C\u00e2mara, Jorge Augusto Pereira, ressaltou a trajet\u00f3ria de M\u00e1rio Assad no Legislativo estadual e federal: &#8220;Quero apresentar minhas condol\u00eancias e a minha solidariedade aos familiares do Dr. M\u00e1rio Assad. Ele foi um benfeitor de Manhua\u00e7u e regi\u00e3o. Como parlamentar, se tornou refer\u00eancia por sua atua\u00e7\u00e3o no Legislativo, sua dedica\u00e7\u00e3o e conhecimento. Sua hist\u00f3ria de vida \u00e9 um exemplo para todos n\u00f3s&#8221;.<br \/>\nM\u00e1rio Assad \u00e9 o melhor exemplo que temos \u2013 ali\u00e1s muito raro nos nossos dias \u2013 de que a pol\u00edtica n\u00e3o \u00e9 apenas a tarefa suja e med\u00edocre que tantos imaginam, da qual os malandros se valem para enriquecer e os vagabundos para sobreviver sem fazer nada, mas uma atividade que pode tamb\u00e9m melhorar a vida de todos, substituir o ego\u00edsmo pelo bem comum.<br \/>\n<span style=\"color: #ff0000;\">TRAJET\u00d3RIA:<\/span><\/p>\n<p><a href=\"http:\/\/paulorobertodaradio.com.br\/site\/wp-content\/uploads\/2015\/09\/Mario-Assad-3.jpg\"><img loading=\"lazy\" decoding=\"async\" class=\"size-full wp-image-12139 alignleft\" alt=\"Mario Assad (3)\" src=\"http:\/\/paulorobertodaradio.com.br\/site\/wp-content\/uploads\/2015\/09\/Mario-Assad-3.jpg\" width=\"307\" height=\"400\" srcset=\"http:\/\/paulorobertodaradio.com.br\/site\/wp-content\/uploads\/2015\/09\/Mario-Assad-3.jpg 307w, http:\/\/paulorobertodaradio.com.br\/site\/wp-content\/uploads\/2015\/09\/Mario-Assad-3-230x300.jpg 230w\" sizes=\"auto, (max-width: 307px) 100vw, 307px\" \/><\/a><br \/>\nNascido em 20 de janeiro de 1925, Dr. M\u00e1rio Assad era advogado e ingressou na pol\u00edtica estadual como Chefe de Gabinete do Secret\u00e1rio do Interior e Justi\u00e7a de Minas Gerais durante o per\u00edodo de 1959 a 1961. Foi Delegado Regional do IAA, no per\u00edodo de 1961 a 1963. Foi Secret\u00e1rio do Trabalho, Assist\u00eancia Social e Desportos do Estado de Minas Gerais (1975 &#8211; 1979) e Secret\u00e1rio da Justi\u00e7a do Estado de Minas Gerais, de 1991 a 1994.<br \/>\nComo deputado estadual de Minas Gerais, ingressou na Assembleia pela primeira vez para a supl\u00eancia durante a 5\u00aa legislatura (1963 &#8211; 1967). Foi eleito como deputado estadual efetivamente por mais quatro mandatos consecutivos, da 6\u00aa \u00e0 9\u00aa legislatura (1967 &#8211; 1983), pela ARENA.<br \/>\nFoi fundador, em 1975, da Assprom (Associa\u00e7\u00e3o Profissionalizante do Menor), entidade pela qual j\u00e1 passaram mais de 70 mil menores. Era seu presidente de honra. Foi tamb\u00e9m poeta e membro da Academia Municipalista de Letras.<br \/>\nNas elei\u00e7\u00f5es de 1982, M\u00e1rio Assad concorreu a uma cadeira na C\u00e2mara dos Deputados, saindo vitorioso e sendo reeleito para mais dois pleitos, completando tr\u00eas mandatos consecutivos, durante o per\u00edodo de 1983 a 1995, sendo eleito pelo PDS no primeiro mandato e pelo PFL nos demais.<br \/>\nEntre 1987 e 1988 como deputado constituinte, foi presidente da Comiss\u00e3o de Direitos e Garantias Individuais e membro da Comiss\u00e3o de Sistematiza\u00e7\u00e3o, ambas com trabalhos de extrema relev\u00e2ncia na elabora\u00e7\u00e3o da Constitui\u00e7\u00e3o de 1988. Foi tamb\u00e9m o Coordenador Constitucional da bancada.<br \/>\nEm 1984 M\u00e1rio Assad apoiou o movimento democr\u00e1tico &#8220;Diretas J\u00e1&#8221; (Emenda Dante de Oliveira) e votou pelo restabelecimento da elei\u00e7\u00e3o direta para presidente da Rep\u00fablica. Na sequ\u00eancia do movimento, votou em Tancredo Neves para presidente.<br \/>\nM\u00e1rio Assad foi prefeito de Manhua\u00e7u durante o per\u00edodo de 2001 a 2004, sendo eleito pelo PFL (atual Democratas). Sua passagem pela Prefeitura Municipal foi marcada pela gest\u00e3o de investimentos significativos, como o asfaltamento das estradas at\u00e9 os distritos de Ponte do Silva e de S\u00e3o Sebasti\u00e3o do Sacramento, a duplica\u00e7\u00e3o do sistema de abastecimento de Manhua\u00e7uzinho, ponte perto do Posto Mar\u00edlia, quadra na Petrina, Engenho da Serra e Santo Amaro de Minas e outros investimentos em obras e na \u00e1rea social.<br \/>\nEm toda sua trajet\u00f3ria pol\u00edtica, M\u00e1rio Assad viabilizou investimentos como a constru\u00e7\u00e3o de escolas, asfaltamento de estradas, est\u00e1dios, pontes e unidades de sa\u00fade em v\u00e1rios munic\u00edpios da regi\u00e3o.<br \/>\nAo final do mandato de prefeito, foi passar os seus \u00faltimos anos com sua fam\u00edlia, em especial sua esposa Dona Neide e seu filho M\u00e1rio Assad J\u00fanior, que segue a carreira pol\u00edtica do pai.<\/p>\n<p>Com informa\u00e7\u00f5es:\u00a0www.portalcaparao.com.br<\/p>\n","protected":false},"excerpt":{"rendered":"<p>Faleceu, em Belo Horizonte, no in\u00edcio da noite deste s\u00e1bado, o ex-prefeito de Manhua\u00e7u, Dr. M\u00e1rio Assad. Advogadoe professor, ele foi deputado estadual e federal por oito mandatos e encerrou a carreira, marcada pela honestidade e car\u00e1ter, como Prefeito de Manhua\u00e7u entre 2001 e 2004. O vel\u00f3rio aconteceu no Cemit\u00e9rio Bosque da Esperan\u00e7a, em Belo [&hellip;]<\/p>\n","protected":false},"author":2,"featured_media":0,"comment_status":"open","ping_status":"open","sticky":false,"template":"","format":"standard","meta":{"footnotes":""},"categories":[1],"tags":[],"class_list":["post-12137","post","type-post","status-publish","format-standard","hentry","category-sem-categoria"],"_links":{"self":[{"href":"http:\/\/paulorobertodaradio.com.br\/site\/index.php?rest_route=\/wp\/v2\/posts\/12137","targetHints":{"allow":["GET"]}}],"collection":[{"href":"http:\/\/paulorobertodaradio.com.br\/site\/index.php?rest_route=\/wp\/v2\/posts"}],"about":[{"href":"http:\/\/paulorobertodaradio.com.br\/site\/index.php?rest_route=\/wp\/v2\/types\/post"}],"author":[{"embeddable":true,"href":"http:\/\/paulorobertodaradio.com.br\/site\/index.php?rest_route=\/wp\/v2\/users\/2"}],"replies":[{"embeddable":true,"href":"http:\/\/paulorobertodaradio.com.br\/site\/index.php?rest_route=%2Fwp%2Fv2%2Fcomments&post=12137"}],"version-history":[{"count":3,"href":"http:\/\/paulorobertodaradio.com.br\/site\/index.php?rest_route=\/wp\/v2\/posts\/12137\/revisions"}],"predecessor-version":[{"id":12141,"href":"http:\/\/paulorobertodaradio.com.br\/site\/index.php?rest_route=\/wp\/v2\/posts\/12137\/revisions\/12141"}],"wp:attachment":[{"href":"http:\/\/paulorobertodaradio.com.br\/site\/index.php?rest_route=%2Fwp%2Fv2%2Fmedia&parent=12137"}],"wp:term":[{"taxonomy":"category","embeddable":true,"href":"http:\/\/paulorobertodaradio.com.br\/site\/index.php?rest_route=%2Fwp%2Fv2%2Fcategories&post=12137"},{"taxonomy":"post_tag","embeddable":true,"href":"http:\/\/paulorobertodaradio.com.br\/site\/index.php?rest_route=%2Fwp%2Fv2%2Ftags&post=12137"}],"curies":[{"name":"wp","href":"https:\/\/api.w.org\/{rel}","templated":true}]}}