{"id":12147,"date":"2015-09-14T12:15:35","date_gmt":"2015-09-14T15:15:35","guid":{"rendered":"http:\/\/paulorobertodaradio.com.br\/site\/?p=12147"},"modified":"2015-09-14T12:35:13","modified_gmt":"2015-09-14T15:35:13","slug":"em-muriae-acidente-na-serra-de-pirapanema","status":"publish","type":"post","link":"http:\/\/paulorobertodaradio.com.br\/site\/?p=12147","title":{"rendered":"EM MURIA\u00c9: ACIDENTE NA SERRA DE PIRAPANEMA"},"content":{"rendered":"<p>&nbsp;<\/p>\n<p><a href=\"http:\/\/paulorobertodaradio.com.br\/site\/wp-content\/uploads\/2015\/09\/acidente-serra-pirap.jpg\"><img loading=\"lazy\" decoding=\"async\" class=\"aligncenter size-full wp-image-12148\" alt=\"acidente serra pirap\" src=\"http:\/\/paulorobertodaradio.com.br\/site\/wp-content\/uploads\/2015\/09\/acidente-serra-pirap.jpg\" width=\"564\" height=\"423\" srcset=\"http:\/\/paulorobertodaradio.com.br\/site\/wp-content\/uploads\/2015\/09\/acidente-serra-pirap.jpg 564w, http:\/\/paulorobertodaradio.com.br\/site\/wp-content\/uploads\/2015\/09\/acidente-serra-pirap-300x225.jpg 300w\" sizes=\"auto, (max-width: 564px) 100vw, 564px\" \/><\/a>Um ve\u00edculo Kadett, placa de Muria\u00e9-MG, que viajava no sentido a cidade, bateu fortemente contra um barranco na Serra de Pirapanema no in\u00edcio da noite deste domingo. O acidente aconteceu por volta das 18h30 a 1 Km do distrito de Vermelho, onde em uma curva o motorista perdeu o controle da dire\u00e7\u00e3o, rodou na pista e bateu no barranco. O motorista foi socorrido por terceiros e levado para o Hospital S\u00e3o Paulo. O Corpo de Bombeiros de Muria\u00e9 e o SAMU compareceram no local. Com informa\u00e7\u00f5es do silvanalves.com.br<\/p>\n","protected":false},"excerpt":{"rendered":"<p>&nbsp; Um ve\u00edculo Kadett, placa de Muria\u00e9-MG, que viajava no sentido a cidade, bateu fortemente contra um barranco na Serra de Pirapanema no in\u00edcio da noite deste domingo. O acidente aconteceu por volta das 18h30 a 1 Km do distrito de Vermelho, onde em uma curva o motorista perdeu o controle da dire\u00e7\u00e3o, rodou na [&hellip;]<\/p>\n","protected":false},"author":2,"featured_media":0,"comment_status":"open","ping_status":"open","sticky":false,"template":"","format":"standard","meta":{"footnotes":""},"categories":[1],"tags":[],"class_list":["post-12147","post","type-post","status-publish","format-standard","hentry","category-sem-categoria"],"_links":{"self":[{"href":"http:\/\/paulorobertodaradio.com.br\/site\/index.php?rest_route=\/wp\/v2\/posts\/12147","targetHints":{"allow":["GET"]}}],"collection":[{"href":"http:\/\/paulorobertodaradio.com.br\/site\/index.php?rest_route=\/wp\/v2\/posts"}],"about":[{"href":"http:\/\/paulorobertodaradio.com.br\/site\/index.php?rest_route=\/wp\/v2\/types\/post"}],"author":[{"embeddable":true,"href":"http:\/\/paulorobertodaradio.com.br\/site\/index.php?rest_route=\/wp\/v2\/users\/2"}],"replies":[{"embeddable":true,"href":"http:\/\/paulorobertodaradio.com.br\/site\/index.php?rest_route=%2Fwp%2Fv2%2Fcomments&post=12147"}],"version-history":[{"count":3,"href":"http:\/\/paulorobertodaradio.com.br\/site\/index.php?rest_route=\/wp\/v2\/posts\/12147\/revisions"}],"predecessor-version":[{"id":12150,"href":"http:\/\/paulorobertodaradio.com.br\/site\/index.php?rest_route=\/wp\/v2\/posts\/12147\/revisions\/12150"}],"wp:attachment":[{"href":"http:\/\/paulorobertodaradio.com.br\/site\/index.php?rest_route=%2Fwp%2Fv2%2Fmedia&parent=12147"}],"wp:term":[{"taxonomy":"category","embeddable":true,"href":"http:\/\/paulorobertodaradio.com.br\/site\/index.php?rest_route=%2Fwp%2Fv2%2Fcategories&post=12147"},{"taxonomy":"post_tag","embeddable":true,"href":"http:\/\/paulorobertodaradio.com.br\/site\/index.php?rest_route=%2Fwp%2Fv2%2Ftags&post=12147"}],"curies":[{"name":"wp","href":"https:\/\/api.w.org\/{rel}","templated":true}]}}