{"id":12152,"date":"2015-09-14T21:47:38","date_gmt":"2015-09-15T00:47:38","guid":{"rendered":"http:\/\/paulorobertodaradio.com.br\/site\/?p=12152"},"modified":"2015-09-14T22:34:03","modified_gmt":"2015-09-15T01:34:03","slug":"em-minas-gerais-governo-de-minas-propoe-mudanca-no-criterio-de-cobranca-do-icms-na-tarifa-de-energia","status":"publish","type":"post","link":"http:\/\/paulorobertodaradio.com.br\/site\/?p=12152","title":{"rendered":"EM MINAS GERAIS: GOVERNO DE MINAS PROP\u00d5E MUDAN\u00c7A NO CRIT\u00c9RIO DE COBRAN\u00c7A DO ICMS NA TARIFA DE ENERGIA."},"content":{"rendered":"<p><span style=\"line-height: 1.71429; font-size: 1rem;\"><a href=\"http:\/\/paulorobertodaradio.com.br\/site\/wp-content\/uploads\/2015\/09\/energia-cemig.jpg\"><img loading=\"lazy\" decoding=\"async\" class=\"aligncenter size-full wp-image-12153\" alt=\"energia cemig\" src=\"http:\/\/paulorobertodaradio.com.br\/site\/wp-content\/uploads\/2015\/09\/energia-cemig.jpg\" width=\"750\" height=\"450\" srcset=\"http:\/\/paulorobertodaradio.com.br\/site\/wp-content\/uploads\/2015\/09\/energia-cemig.jpg 750w, http:\/\/paulorobertodaradio.com.br\/site\/wp-content\/uploads\/2015\/09\/energia-cemig-300x180.jpg 300w, http:\/\/paulorobertodaradio.com.br\/site\/wp-content\/uploads\/2015\/09\/energia-cemig-624x374.jpg 624w\" sizes=\"auto, (max-width: 750px) 100vw, 750px\" \/><\/a>O Governo de Minas Gerais enviou \u00e0 Assembleia Legislativa o projeto de lei 2817\/2015, que altera a incid\u00eancia do Imposto sobre a Circula\u00e7\u00e3o de Mercadorias e Servi\u00e7os (ICMS) nas tarifas de energia para os consumidores residenciais. A partir da promulga\u00e7\u00e3o da medida, os consumidores que tenham m\u00e9dia de at\u00e9 3kWh por dia no seu ciclo de leitura ter\u00e3o isen\u00e7\u00e3o do tributo. O projeto de lei \u00e9 uma iniciativa do governador Fernando Pimentel e est\u00e1 em aprecia\u00e7\u00e3o no Legislativo.<\/span><\/p>\n<p>Dessa forma, cerca de 2,9 milh\u00f5es de clientes residenciais da Cemig podem ficar isentos do pagamento do ICMS, o que representa 45% dos consumidores residenciais da empresa. No Estado, somente as contas com consumo at\u00e9 90 kWh\/m\u00eas eram isentas pelo governo de pagar o imposto. No entanto, como o per\u00edodo de leitura nas faturas varia entre 27 a 33 dias, ocorriam casos em que o consumo era maior que 90 kWh, mas a m\u00e9dia di\u00e1ria era inferior ou igual a 3 kWh.<\/p>\n<p>O ICMS \u00e9 um imposto estadual e sua al\u00edquota para os clientes residenciais \u00e9 de 30% do importe total da tarifa. Com a medida do Governo de Minas Gerais, milhares de consumidores da Cemig poder\u00e3o ser beneficiados.<\/p>\n<p>De acordo com o diretor de Distribui\u00e7\u00e3o e Comercializa\u00e7\u00e3o da Cemig, Ricardo Jos\u00e9 Charbel, esses casos eram respons\u00e1veis por aumentar o afluxo de pessoas nas ag\u00eancias e a procura pelos demais canais de atendimento da empresa. Segundo ele, a diferen\u00e7a na fatura \u00e9 expressiva, uma vez que n\u00e3o h\u00e1 um escalonamento na aplica\u00e7\u00e3o da al\u00edquota de 30%.<\/p>\n<p><span style=\"color: #ff0000;\">Mudan\u00e7a<\/span><\/p>\n<p>Pela regra anterior, o ciclo de verifica\u00e7\u00e3o de consumo oscilava, pois o leiturista poderia passar no im\u00f3vel para fazer a aferi\u00e7\u00e3o dentro de um prazo que variava de 27 a 33 dias. Como o consumo m\u00e9dio das fam\u00edlias \u00e9 de 3KWh, se o leiturista passasse em um per\u00edodo m\u00e1ximo de 30 dias, o gasto de energia ficava limitado a 90KWh, ou seja, a conta seria calculada sem a incid\u00eancia do ICMS.<\/p>\n<p>Por\u00e9m se a passagem do leiturista ocorresse apenas um dia depois, com 31 dias, o consumo registrado considerando a m\u00e9dia di\u00e1ria, seria de 93KWh, o que retirava o direito de que o ICMS n\u00e3o viesse a incidir na conta de luz.<\/p>\n<p>Para efeito de compara\u00e7\u00e3o, um cliente que possui um consumo de 91 kWh no seu ciclo de leitura \u2013 n\u00e3o era isento do ICMS \u2013 pagava R$ 81,79 de tarifa de energia. Com a nova legisla\u00e7\u00e3o, que prev\u00ea a incid\u00eancia do ICMS no consumo di\u00e1rio e n\u00e3o mais de acordo com o per\u00edodo de leitura, esse mesmo consumidor, caso se mantenha na m\u00e9dia di\u00e1ria de 3KWh, ter\u00e1 um desconto de R$ 24,53 e sua tarifa cair\u00e1 para R$ 57,26.<\/p>\n<p>J\u00e1 o cliente classificado como baixa renda, antes das novas regras de c\u00e1lculo poderia pagar R$ 41,85, caso consumisse apenas 91 kWh. Com a nova legisla\u00e7\u00e3o, sua conta \u2013 calculada diariamente, para efeito do ICMS \u2013 n\u00e3o passar\u00e1 de R$ 29,30.<\/p>\n<p><span style=\"color: #ff0000;\">\u00a0Confira dicas de economia de energia:<\/span><\/p>\n<p>Verifique a borracha de veda\u00e7\u00e3o da geladeira. Um dos fatores que mais contribuem para o aumento do tempo de funcionamento da geladeira \u00e9 a borracha de veda\u00e7\u00e3o. Fa\u00e7a a vistoria dessa borracha, pois ela n\u00e3o pode ficar quebradi\u00e7a ou dura. Evite deixar a porta da sua geladeira aberta por muito tempo; ao abrir a geladeira, \u00e9 o ar quente externo que entra, e como, no ver\u00e3o, o ar externo est\u00e1 ainda mais quente, ent\u00e3o ela ir\u00e1 funcionar por mais tempo para resfriar o ar que entrou.<\/p>\n<p>Fa\u00e7a o degelo da geladeira. Se a sua geladeira n\u00e3o realiza esse procedimento automaticamente, realize-o sempre que a camada de gelo atingir um cent\u00edmetro de espessura. Evite colocar alimentos quentes na geladeira. Sem esses procedimentos o tempo de funcionamento de uma geladeira pode chegar a 720 horas por m\u00eas, ou seja, ela funciona ininterruptamente e n\u00e3o para.<\/p>\n<p>Ar-condicionado. Feche bem o ambiente onde o aparelho estiver ligado, pois, do contr\u00e1rio, ele funcionar\u00e1 por mais tempo. Ao abrir uma porta ou uma janela \u00e9 como se estivesse abrindo a porta da geladeira: o ar quente vai entrar e o aparelho ter\u00e1 de funcionar por mais tempo. Al\u00e9m disso, como o ar quente sobe, recomenda-se instalar o ar condicionado em local mais alto.<\/p>\n<p>Aproveite a ilumina\u00e7\u00e3o natural. Como os dias s\u00e3o mais longos, acenda as l\u00e2mpadas apenas quando for necess\u00e1rio. A ilumina\u00e7\u00e3o \u00e9 o terceiro equipamento com maior participa\u00e7\u00e3o no consumo residencial, na faixa de 20% do total, em resid\u00eancias que n\u00e3o utilizam aparelho de ar-condicionado.<\/p>\n<p>Retire os aparelhos das tomadas. Quando est\u00e3o no modo stand by, os equipamentos el\u00e9tricos e eletr\u00f4nicos chegam a consumir at\u00e9 30% do seu consumo quando ligados.<\/p>\n","protected":false},"excerpt":{"rendered":"<p>O Governo de Minas Gerais enviou \u00e0 Assembleia Legislativa o projeto de lei 2817\/2015, que altera a incid\u00eancia do Imposto sobre a Circula\u00e7\u00e3o de Mercadorias e Servi\u00e7os (ICMS) nas tarifas de energia para os consumidores residenciais. A partir da promulga\u00e7\u00e3o da medida, os consumidores que tenham m\u00e9dia de at\u00e9 3kWh por dia no seu ciclo [&hellip;]<\/p>\n","protected":false},"author":2,"featured_media":0,"comment_status":"open","ping_status":"open","sticky":false,"template":"","format":"standard","meta":{"footnotes":""},"categories":[1],"tags":[],"class_list":["post-12152","post","type-post","status-publish","format-standard","hentry","category-sem-categoria"],"_links":{"self":[{"href":"http:\/\/paulorobertodaradio.com.br\/site\/index.php?rest_route=\/wp\/v2\/posts\/12152","targetHints":{"allow":["GET"]}}],"collection":[{"href":"http:\/\/paulorobertodaradio.com.br\/site\/index.php?rest_route=\/wp\/v2\/posts"}],"about":[{"href":"http:\/\/paulorobertodaradio.com.br\/site\/index.php?rest_route=\/wp\/v2\/types\/post"}],"author":[{"embeddable":true,"href":"http:\/\/paulorobertodaradio.com.br\/site\/index.php?rest_route=\/wp\/v2\/users\/2"}],"replies":[{"embeddable":true,"href":"http:\/\/paulorobertodaradio.com.br\/site\/index.php?rest_route=%2Fwp%2Fv2%2Fcomments&post=12152"}],"version-history":[{"count":3,"href":"http:\/\/paulorobertodaradio.com.br\/site\/index.php?rest_route=\/wp\/v2\/posts\/12152\/revisions"}],"predecessor-version":[{"id":12155,"href":"http:\/\/paulorobertodaradio.com.br\/site\/index.php?rest_route=\/wp\/v2\/posts\/12152\/revisions\/12155"}],"wp:attachment":[{"href":"http:\/\/paulorobertodaradio.com.br\/site\/index.php?rest_route=%2Fwp%2Fv2%2Fmedia&parent=12152"}],"wp:term":[{"taxonomy":"category","embeddable":true,"href":"http:\/\/paulorobertodaradio.com.br\/site\/index.php?rest_route=%2Fwp%2Fv2%2Fcategories&post=12152"},{"taxonomy":"post_tag","embeddable":true,"href":"http:\/\/paulorobertodaradio.com.br\/site\/index.php?rest_route=%2Fwp%2Fv2%2Ftags&post=12152"}],"curies":[{"name":"wp","href":"https:\/\/api.w.org\/{rel}","templated":true}]}}