{"id":12158,"date":"2015-09-15T09:25:59","date_gmt":"2015-09-15T12:25:59","guid":{"rendered":"http:\/\/paulorobertodaradio.com.br\/site\/?p=12158"},"modified":"2015-09-15T09:25:59","modified_gmt":"2015-09-15T12:25:59","slug":"em-cachoeiro-do-itapemirim-no-es-preso-suspeito-de-matar-jovem-gravida-em-miradouro","status":"publish","type":"post","link":"http:\/\/paulorobertodaradio.com.br\/site\/?p=12158","title":{"rendered":"EM CACHOEIRO DO ITAPEMIRIM NO ES: PRESO SUSPEITO DE MATAR JOVEM GRAVIDA EM MIRADOURO."},"content":{"rendered":"<p><span style=\"line-height: 1.71429; font-size: 1rem;\"><a href=\"http:\/\/paulorobertodaradio.com.br\/site\/wp-content\/uploads\/2015\/09\/procurado.jpg\"><img loading=\"lazy\" decoding=\"async\" class=\"aligncenter size-full wp-image-12162\" alt=\"procurado\" src=\"http:\/\/paulorobertodaradio.com.br\/site\/wp-content\/uploads\/2015\/09\/procurado.jpg\" width=\"686\" height=\"773\" srcset=\"http:\/\/paulorobertodaradio.com.br\/site\/wp-content\/uploads\/2015\/09\/procurado.jpg 686w, http:\/\/paulorobertodaradio.com.br\/site\/wp-content\/uploads\/2015\/09\/procurado-266x300.jpg 266w, http:\/\/paulorobertodaradio.com.br\/site\/wp-content\/uploads\/2015\/09\/procurado-624x703.jpg 624w\" sizes=\"auto, (max-width: 686px) 100vw, 686px\" \/><\/a>Janeir Alves Laviola foi preso na sexta-feira (11) \u00a0de Setembro, no estado do Esp\u00edrito Santo, na cidade de Cachoeiro do Itapemirim . Ele \u00a0\u00e9 o principal acusado \u00a0de matar uma adolescente de 15 anos de idade da cidade de S\u00e3o Francisco do Gl\u00f3ria,que estaria gr\u00e1vida dele de 4 meses, \u00a0e o corpo foi encontrado pr\u00f3ximo ao viaduto de Miradouro, \u00a0(ES), ele estava foragido da justi\u00e7a da comarca de Carangola-MG. O crime chocou toda regi\u00e3o, pela crueldade.<\/span><\/p>\n<p>Relembre os Fatos, no arquivo se Silvan Alves:<\/p>\n<p><span style=\"color: #ff0000;\">FATO TR\u00c1GICO TEM IN\u00cdCIO EM S\u00c3O FRANCISCO DO GL\u00d3RIA E TERMINA PERTO DE MIRADOURO:<\/span><\/p>\n<p><a href=\"http:\/\/paulorobertodaradio.com.br\/site\/wp-content\/uploads\/2015\/09\/crime01.jpg\"><img loading=\"lazy\" decoding=\"async\" class=\"aligncenter size-full wp-image-12159\" alt=\"crime01\" src=\"http:\/\/paulorobertodaradio.com.br\/site\/wp-content\/uploads\/2015\/09\/crime01.jpg\" width=\"532\" height=\"355\" srcset=\"http:\/\/paulorobertodaradio.com.br\/site\/wp-content\/uploads\/2015\/09\/crime01.jpg 532w, http:\/\/paulorobertodaradio.com.br\/site\/wp-content\/uploads\/2015\/09\/crime01-300x200.jpg 300w\" sizes=\"auto, (max-width: 532px) 100vw, 532px\" \/><\/a>\u00a0Corpo de uma adolescente de 15 anos, que estava gr\u00e1vida de quatro meses, foi encontrado na manh\u00e3 desta ter\u00e7a-feira por volta das 10h30. A Pol\u00edcia Militar de S\u00e3o Francisco do Gl\u00f3ria foi avisada por algu\u00e9m que passava pela estrada de ch\u00e3o bem pr\u00f3xima a BR-116, no munic\u00edpio de Miradouro, regi\u00e3o do viaduto. O corpo estava no meio de um matagal e o rosto da jovem estava aparentemente muito ferido, pode ter sido agredida e ainda asfixiada, as causas ser\u00e3o apontadas pelo m\u00e9dico legista. No local do crime comparecem todos os militares do Destacamento de S\u00e3o Francisco do Gl\u00f3ria, comandados pelo Sargento Ranquine, que vinham acompanhando de perto o caso, a av\u00f3, irm\u00e3s e tias da jovem, todos chocados, comovidos e revoltados com o tr\u00e1gico fim de uma hist\u00f3ria que come\u00e7ou na noite de s\u00e1bado naquela cidade. As primeiras provid\u00eancias dos familiares foram informar a pol\u00edcia do desaparecimento, e tamb\u00e9m destacar que ela teria sa\u00eddo com o namorado, o qual passou a ser suspeito e chegou a ser levado \u00e0 delegacia, isso no domingo. No mesmo dia, foi informado qual carro que o rapaz teria sa\u00eddo, mas ele teria outro naquela noite e neste foi encontrado marcas de sangue. As evid\u00eancias levaram a pol\u00edcia a investigar mais o suspeito, mas o mesmo n\u00e3o foi, mas localizado naquele munic\u00edpio, segundo informa\u00e7\u00f5es oficiais da pol\u00edcia. E na manh\u00e3 de hoje, a fam\u00edlia foi informada da not\u00edcia que n\u00e3o queria acreditar, a jovem gr\u00e1vida de quatro meses havia sido assassinado e o corpo encontrado longe de casa. Com rela\u00e7\u00e3o ao namoro do casal, a fam\u00edlia disse que ela estava \u201cficando\u201d com o rapaz e acabou engravidando, n\u00e3o sabendo ainda as causas que levaram a sua morte. O corpo de Larissa foi trazido para o IML de Muria\u00e9, onde passar\u00e1 por todos os exames do m\u00e9dico legista que dever\u00e1 falar sobre a causa principal da morte. A Per\u00edcia T\u00e9cnica de Muria\u00e9, esteve no local realizando os trabalhos de praxe atrav\u00e9s do perito criminal, Heldino Barbosa e o auxiliar de necropsia, Evanildo Carvalho (Preto do IML).<a href=\"http:\/\/paulorobertodaradio.com.br\/site\/wp-content\/uploads\/2015\/09\/crime02.jpg\"><img loading=\"lazy\" decoding=\"async\" class=\"aligncenter size-full wp-image-12160\" alt=\"crime02\" src=\"http:\/\/paulorobertodaradio.com.br\/site\/wp-content\/uploads\/2015\/09\/crime02.jpg\" width=\"532\" height=\"355\" srcset=\"http:\/\/paulorobertodaradio.com.br\/site\/wp-content\/uploads\/2015\/09\/crime02.jpg 532w, http:\/\/paulorobertodaradio.com.br\/site\/wp-content\/uploads\/2015\/09\/crime02-300x200.jpg 300w\" sizes=\"auto, (max-width: 532px) 100vw, 532px\" \/><\/a> <a href=\"http:\/\/paulorobertodaradio.com.br\/site\/wp-content\/uploads\/2015\/09\/crime03.jpg\"><img loading=\"lazy\" decoding=\"async\" class=\"aligncenter size-full wp-image-12161\" alt=\"crime03\" src=\"http:\/\/paulorobertodaradio.com.br\/site\/wp-content\/uploads\/2015\/09\/crime03.jpg\" width=\"532\" height=\"355\" srcset=\"http:\/\/paulorobertodaradio.com.br\/site\/wp-content\/uploads\/2015\/09\/crime03.jpg 532w, http:\/\/paulorobertodaradio.com.br\/site\/wp-content\/uploads\/2015\/09\/crime03-300x200.jpg 300w\" sizes=\"auto, (max-width: 532px) 100vw, 532px\" \/><\/a><\/p>\n","protected":false},"excerpt":{"rendered":"<p>Janeir Alves Laviola foi preso na sexta-feira (11) \u00a0de Setembro, no estado do Esp\u00edrito Santo, na cidade de Cachoeiro do Itapemirim . Ele \u00a0\u00e9 o principal acusado \u00a0de matar uma adolescente de 15 anos de idade da cidade de S\u00e3o Francisco do Gl\u00f3ria,que estaria gr\u00e1vida dele de 4 meses, \u00a0e o corpo foi encontrado pr\u00f3ximo [&hellip;]<\/p>\n","protected":false},"author":2,"featured_media":0,"comment_status":"open","ping_status":"open","sticky":false,"template":"","format":"standard","meta":{"footnotes":""},"categories":[1],"tags":[],"class_list":["post-12158","post","type-post","status-publish","format-standard","hentry","category-sem-categoria"],"_links":{"self":[{"href":"http:\/\/paulorobertodaradio.com.br\/site\/index.php?rest_route=\/wp\/v2\/posts\/12158","targetHints":{"allow":["GET"]}}],"collection":[{"href":"http:\/\/paulorobertodaradio.com.br\/site\/index.php?rest_route=\/wp\/v2\/posts"}],"about":[{"href":"http:\/\/paulorobertodaradio.com.br\/site\/index.php?rest_route=\/wp\/v2\/types\/post"}],"author":[{"embeddable":true,"href":"http:\/\/paulorobertodaradio.com.br\/site\/index.php?rest_route=\/wp\/v2\/users\/2"}],"replies":[{"embeddable":true,"href":"http:\/\/paulorobertodaradio.com.br\/site\/index.php?rest_route=%2Fwp%2Fv2%2Fcomments&post=12158"}],"version-history":[{"count":1,"href":"http:\/\/paulorobertodaradio.com.br\/site\/index.php?rest_route=\/wp\/v2\/posts\/12158\/revisions"}],"predecessor-version":[{"id":12163,"href":"http:\/\/paulorobertodaradio.com.br\/site\/index.php?rest_route=\/wp\/v2\/posts\/12158\/revisions\/12163"}],"wp:attachment":[{"href":"http:\/\/paulorobertodaradio.com.br\/site\/index.php?rest_route=%2Fwp%2Fv2%2Fmedia&parent=12158"}],"wp:term":[{"taxonomy":"category","embeddable":true,"href":"http:\/\/paulorobertodaradio.com.br\/site\/index.php?rest_route=%2Fwp%2Fv2%2Fcategories&post=12158"},{"taxonomy":"post_tag","embeddable":true,"href":"http:\/\/paulorobertodaradio.com.br\/site\/index.php?rest_route=%2Fwp%2Fv2%2Ftags&post=12158"}],"curies":[{"name":"wp","href":"https:\/\/api.w.org\/{rel}","templated":true}]}}