{"id":12165,"date":"2015-09-16T18:21:38","date_gmt":"2015-09-16T21:21:38","guid":{"rendered":"http:\/\/paulorobertodaradio.com.br\/site\/?p=12165"},"modified":"2015-09-16T18:24:04","modified_gmt":"2015-09-16T21:24:04","slug":"em-muriae-obra-deixa-transito-lento-na-regiao-do-dornelas","status":"publish","type":"post","link":"http:\/\/paulorobertodaradio.com.br\/site\/?p=12165","title":{"rendered":"EM MURIA\u00c9: OBRA DEIXA TR\u00c2NSITO LENTO NA REGI\u00c3O DO DORNELAS."},"content":{"rendered":"<p><span style=\"color: #ff0000;\">REGI\u00c3O DO DORNELAS \u00c0S 17h15 CONFORME REPORTAGEM DO SILVAN ALVES.<\/span> <a href=\"http:\/\/paulorobertodaradio.com.br\/site\/wp-content\/uploads\/2015\/09\/obra-dornelas01.jpg\"><img loading=\"lazy\" decoding=\"async\" class=\"aligncenter size-full wp-image-12166\" alt=\"obra dornelas01\" src=\"http:\/\/paulorobertodaradio.com.br\/site\/wp-content\/uploads\/2015\/09\/obra-dornelas01.jpg\" width=\"620\" height=\"465\" srcset=\"http:\/\/paulorobertodaradio.com.br\/site\/wp-content\/uploads\/2015\/09\/obra-dornelas01.jpg 620w, http:\/\/paulorobertodaradio.com.br\/site\/wp-content\/uploads\/2015\/09\/obra-dornelas01-300x225.jpg 300w\" sizes=\"auto, (max-width: 620px) 100vw, 620px\" \/><\/a>A Avenida Dante Brum est\u00e1 fechada no sentido Barra\/Dornelas devido a obra de drenagem iniciada hoje, e por isso os ve\u00edculos precisam passar por dentro do bairro Dornelas para ter acesso a Estrada Muria\u00e9-Mira\u00ed, Estrada de Vermelho (br-356) e bairros daquela regi\u00e3o. Caso contr\u00e1rio, pegar a Vila Cavalier saindo no bairro Napole\u00e3o. J\u00e1 no sentido Dornelas\/Centro a fila \u00e9 grande na Avenida Dante Bruno uma vez que ao chegar na Rotat\u00f3ria do T\u00fanel os ve\u00edculo precisam parar devido ao grande fluxo que vem do t\u00fanel e da marginal da BR-116, pois todos esses ve\u00edculos foram desviados para a Rua Jo\u00e3o Dornelas, dentro do bairro. Nesta tarde de quarta-feira, hora de pico, o tr\u00e2nsito quase parou.<a href=\"http:\/\/paulorobertodaradio.com.br\/site\/wp-content\/uploads\/2015\/09\/obra-dornelas02.jpg\"><img loading=\"lazy\" decoding=\"async\" class=\"aligncenter size-full wp-image-12167\" alt=\"obra dornelas02\" src=\"http:\/\/paulorobertodaradio.com.br\/site\/wp-content\/uploads\/2015\/09\/obra-dornelas02.jpg\" width=\"620\" height=\"465\" srcset=\"http:\/\/paulorobertodaradio.com.br\/site\/wp-content\/uploads\/2015\/09\/obra-dornelas02.jpg 620w, http:\/\/paulorobertodaradio.com.br\/site\/wp-content\/uploads\/2015\/09\/obra-dornelas02-300x225.jpg 300w\" sizes=\"auto, (max-width: 620px) 100vw, 620px\" \/><\/a> <a href=\"http:\/\/paulorobertodaradio.com.br\/site\/wp-content\/uploads\/2015\/09\/obra-dornelas03.jpg\"><img loading=\"lazy\" decoding=\"async\" class=\"aligncenter size-full wp-image-12168\" alt=\"obra dornelas03\" src=\"http:\/\/paulorobertodaradio.com.br\/site\/wp-content\/uploads\/2015\/09\/obra-dornelas03.jpg\" width=\"620\" height=\"465\" srcset=\"http:\/\/paulorobertodaradio.com.br\/site\/wp-content\/uploads\/2015\/09\/obra-dornelas03.jpg 620w, http:\/\/paulorobertodaradio.com.br\/site\/wp-content\/uploads\/2015\/09\/obra-dornelas03-300x225.jpg 300w\" sizes=\"auto, (max-width: 620px) 100vw, 620px\" \/><\/a> <a href=\"http:\/\/paulorobertodaradio.com.br\/site\/wp-content\/uploads\/2015\/09\/obra-dornelas04.jpg\"><img loading=\"lazy\" decoding=\"async\" class=\"aligncenter size-full wp-image-12169\" alt=\"obra dornelas04\" src=\"http:\/\/paulorobertodaradio.com.br\/site\/wp-content\/uploads\/2015\/09\/obra-dornelas04.jpg\" width=\"620\" height=\"465\" srcset=\"http:\/\/paulorobertodaradio.com.br\/site\/wp-content\/uploads\/2015\/09\/obra-dornelas04.jpg 620w, http:\/\/paulorobertodaradio.com.br\/site\/wp-content\/uploads\/2015\/09\/obra-dornelas04-300x225.jpg 300w\" sizes=\"auto, (max-width: 620px) 100vw, 620px\" \/><\/a><\/p>\n","protected":false},"excerpt":{"rendered":"<p>REGI\u00c3O DO DORNELAS \u00c0S 17h15 CONFORME REPORTAGEM DO SILVAN ALVES. A Avenida Dante Brum est\u00e1 fechada no sentido Barra\/Dornelas devido a obra de drenagem iniciada hoje, e por isso os ve\u00edculos precisam passar por dentro do bairro Dornelas para ter acesso a Estrada Muria\u00e9-Mira\u00ed, Estrada de Vermelho (br-356) e bairros daquela regi\u00e3o. Caso contr\u00e1rio, pegar [&hellip;]<\/p>\n","protected":false},"author":2,"featured_media":0,"comment_status":"open","ping_status":"open","sticky":false,"template":"","format":"standard","meta":{"footnotes":""},"categories":[1],"tags":[],"class_list":["post-12165","post","type-post","status-publish","format-standard","hentry","category-sem-categoria"],"_links":{"self":[{"href":"http:\/\/paulorobertodaradio.com.br\/site\/index.php?rest_route=\/wp\/v2\/posts\/12165","targetHints":{"allow":["GET"]}}],"collection":[{"href":"http:\/\/paulorobertodaradio.com.br\/site\/index.php?rest_route=\/wp\/v2\/posts"}],"about":[{"href":"http:\/\/paulorobertodaradio.com.br\/site\/index.php?rest_route=\/wp\/v2\/types\/post"}],"author":[{"embeddable":true,"href":"http:\/\/paulorobertodaradio.com.br\/site\/index.php?rest_route=\/wp\/v2\/users\/2"}],"replies":[{"embeddable":true,"href":"http:\/\/paulorobertodaradio.com.br\/site\/index.php?rest_route=%2Fwp%2Fv2%2Fcomments&post=12165"}],"version-history":[{"count":3,"href":"http:\/\/paulorobertodaradio.com.br\/site\/index.php?rest_route=\/wp\/v2\/posts\/12165\/revisions"}],"predecessor-version":[{"id":12171,"href":"http:\/\/paulorobertodaradio.com.br\/site\/index.php?rest_route=\/wp\/v2\/posts\/12165\/revisions\/12171"}],"wp:attachment":[{"href":"http:\/\/paulorobertodaradio.com.br\/site\/index.php?rest_route=%2Fwp%2Fv2%2Fmedia&parent=12165"}],"wp:term":[{"taxonomy":"category","embeddable":true,"href":"http:\/\/paulorobertodaradio.com.br\/site\/index.php?rest_route=%2Fwp%2Fv2%2Fcategories&post=12165"},{"taxonomy":"post_tag","embeddable":true,"href":"http:\/\/paulorobertodaradio.com.br\/site\/index.php?rest_route=%2Fwp%2Fv2%2Ftags&post=12165"}],"curies":[{"name":"wp","href":"https:\/\/api.w.org\/{rel}","templated":true}]}}