{"id":12188,"date":"2015-09-17T10:49:21","date_gmt":"2015-09-17T13:49:21","guid":{"rendered":"http:\/\/paulorobertodaradio.com.br\/site\/?p=12188"},"modified":"2015-09-17T10:49:21","modified_gmt":"2015-09-17T13:49:21","slug":"em-muriae-advogado-suspeito-de-estar-alcoolizado-causa-acidente","status":"publish","type":"post","link":"http:\/\/paulorobertodaradio.com.br\/site\/?p=12188","title":{"rendered":"EM MURIA\u00c9: ADVOGADO SUSPEITO DE ESTAR ALCOOLIZADO CAUSA ACIDENTE ."},"content":{"rendered":"<p><span style=\"line-height: 1.71429; font-size: 1rem;\"><a href=\"http:\/\/paulorobertodaradio.com.br\/site\/wp-content\/uploads\/2015\/09\/ADV01.jpg\"><img loading=\"lazy\" decoding=\"async\" class=\"aligncenter size-full wp-image-12189\" alt=\"ADV01\" src=\"http:\/\/paulorobertodaradio.com.br\/site\/wp-content\/uploads\/2015\/09\/ADV01.jpg\" width=\"620\" height=\"323\" srcset=\"http:\/\/paulorobertodaradio.com.br\/site\/wp-content\/uploads\/2015\/09\/ADV01.jpg 620w, http:\/\/paulorobertodaradio.com.br\/site\/wp-content\/uploads\/2015\/09\/ADV01-300x156.jpg 300w\" sizes=\"auto, (max-width: 620px) 100vw, 620px\" \/><\/a>Uma mulher ficou ferida em acidente na noite desta quarta-feira na Rua Ot\u00e1vio Amaral Barroso, no bairro S\u00e3o Francisco. As primeiras informa\u00e7\u00f5es passadas \u00e0 Pol\u00edcia Militar d\u00e3o conta que o autom\u00f3vel Punto, conduzido por um homem com suspeita de embriaguez atingiu a moto e a mulher ficou ca\u00edda pr\u00f3xima ao ve\u00edculo aguardando o socorro que demorou muito, mais de uma hora segundo testemunhas, as quais teriam ligado v\u00e1rias vezes para o Corpo de Bombeiros e o SAMU. Informa\u00e7\u00f5es n\u00e3o oficiais davam conta que a principal viatura do Corpo de Bombeiros n\u00e3o est\u00e1 em atividade por defeito mec\u00e2nico e o SAMU trabalhava com duas unidades, mas que atendia outros chamados, inclusive uma tentativa de homic\u00eddio no bairro Napole\u00e3o. A popula\u00e7\u00e3o e parentes da v\u00edtima criticavam muito no local a demora no atendimento \u00e0 v\u00edtima que tinha suspeita de fratura em uma das pernas. Uma ambul\u00e2ncia da Prefeitura Municipal de Muria\u00e9 foi at\u00e9 ao local, mas foi dispensada naquele momento porque n\u00e3o estava com a prancha de resgate. O socorro foi feito com a ajuda dos Bombeiros que foram ao local com o caminh\u00e3o e pela ambul\u00e2ncia da Prefeitura de Muria\u00e9 que retornou com a prancha minutos depois. O motorista do Punto teria sido detido pela PM e levado ao HSP.<\/span><\/p>\n<p>INFORMA\u00c7\u00d5ES OFICIAIS. \u201cComparecemos no endere\u00e7o citado onde havia ocorrido um acidente com v\u00edtima e que populares estariam querendo linchar o condutor de um dos ve\u00edculos por este apresentar fort\u00edssimos sintomas de haver ingerido bebida alco\u00f3lica, apresentando muito agressivo e foi preso em flagrante e quando estava no compartimento de preso ainda chutava a viatura, sendo levado ao Pronto socorro onde foi constatados sintomas de embriaguez e ele se negou em fazer o teste de baf\u00f4metro. A v\u00edtima, uma mulher estava com suspeita de fratura na perna esquerda e o condutor com corte no abd\u00f4men e dores em membros inferiores. Segundo populares, o motorista do Punto fez ultrapassagem e na contram\u00e3o atingiu a moto derrubando os dois ocupantes. \u201cO condutor do ve\u00edculo ainda desferiu inj\u00farias raciais contra um cabo componente da guarni\u00e7\u00e3o, e desferiu uma cabe\u00e7ada contra o tenente que comandava a a\u00e7\u00e3o, sendo usada for\u00e7a f\u00edsica para domin\u00e1-lo. Por ser advogado ativo na Comarca foi acionado para comparecer na Delegacia o vice-presidente da 36 Subse\u00e7\u00e3o da OAB de Muria\u00e9-MG\u201d, relata a Pol\u00edcia Militar.<br \/>\n<a href=\"http:\/\/paulorobertodaradio.com.br\/site\/wp-content\/uploads\/2015\/09\/ADV02.jpg\"><img loading=\"lazy\" decoding=\"async\" class=\"aligncenter size-full wp-image-12190\" alt=\"ADV02\" src=\"http:\/\/paulorobertodaradio.com.br\/site\/wp-content\/uploads\/2015\/09\/ADV02.jpg\" width=\"620\" height=\"365\" srcset=\"http:\/\/paulorobertodaradio.com.br\/site\/wp-content\/uploads\/2015\/09\/ADV02.jpg 620w, http:\/\/paulorobertodaradio.com.br\/site\/wp-content\/uploads\/2015\/09\/ADV02-300x176.jpg 300w\" sizes=\"auto, (max-width: 620px) 100vw, 620px\" \/><\/a>Colabora\u00e7\u00e3o na mat\u00e9ria: silvanalves.com.br<\/p>\n","protected":false},"excerpt":{"rendered":"<p>Uma mulher ficou ferida em acidente na noite desta quarta-feira na Rua Ot\u00e1vio Amaral Barroso, no bairro S\u00e3o Francisco. As primeiras informa\u00e7\u00f5es passadas \u00e0 Pol\u00edcia Militar d\u00e3o conta que o autom\u00f3vel Punto, conduzido por um homem com suspeita de embriaguez atingiu a moto e a mulher ficou ca\u00edda pr\u00f3xima ao ve\u00edculo aguardando o socorro que [&hellip;]<\/p>\n","protected":false},"author":2,"featured_media":0,"comment_status":"open","ping_status":"open","sticky":false,"template":"","format":"standard","meta":{"footnotes":""},"categories":[1],"tags":[],"class_list":["post-12188","post","type-post","status-publish","format-standard","hentry","category-sem-categoria"],"_links":{"self":[{"href":"http:\/\/paulorobertodaradio.com.br\/site\/index.php?rest_route=\/wp\/v2\/posts\/12188","targetHints":{"allow":["GET"]}}],"collection":[{"href":"http:\/\/paulorobertodaradio.com.br\/site\/index.php?rest_route=\/wp\/v2\/posts"}],"about":[{"href":"http:\/\/paulorobertodaradio.com.br\/site\/index.php?rest_route=\/wp\/v2\/types\/post"}],"author":[{"embeddable":true,"href":"http:\/\/paulorobertodaradio.com.br\/site\/index.php?rest_route=\/wp\/v2\/users\/2"}],"replies":[{"embeddable":true,"href":"http:\/\/paulorobertodaradio.com.br\/site\/index.php?rest_route=%2Fwp%2Fv2%2Fcomments&post=12188"}],"version-history":[{"count":1,"href":"http:\/\/paulorobertodaradio.com.br\/site\/index.php?rest_route=\/wp\/v2\/posts\/12188\/revisions"}],"predecessor-version":[{"id":12191,"href":"http:\/\/paulorobertodaradio.com.br\/site\/index.php?rest_route=\/wp\/v2\/posts\/12188\/revisions\/12191"}],"wp:attachment":[{"href":"http:\/\/paulorobertodaradio.com.br\/site\/index.php?rest_route=%2Fwp%2Fv2%2Fmedia&parent=12188"}],"wp:term":[{"taxonomy":"category","embeddable":true,"href":"http:\/\/paulorobertodaradio.com.br\/site\/index.php?rest_route=%2Fwp%2Fv2%2Fcategories&post=12188"},{"taxonomy":"post_tag","embeddable":true,"href":"http:\/\/paulorobertodaradio.com.br\/site\/index.php?rest_route=%2Fwp%2Fv2%2Ftags&post=12188"}],"curies":[{"name":"wp","href":"https:\/\/api.w.org\/{rel}","templated":true}]}}