{"id":12201,"date":"2015-09-18T10:21:42","date_gmt":"2015-09-18T13:21:42","guid":{"rendered":"http:\/\/paulorobertodaradio.com.br\/site\/?p=12201"},"modified":"2015-09-18T10:22:04","modified_gmt":"2015-09-18T13:22:04","slug":"em-muriae-reu-e-condenado-a-12-anos-de-prisao-por-crime-ocorrido-em-2005-mas-ficara-em-liberdade","status":"publish","type":"post","link":"http:\/\/paulorobertodaradio.com.br\/site\/?p=12201","title":{"rendered":"EM MURIA\u00c9: R\u00c9U \u00c9 CONDENADO A 12 ANOS DE PRIS\u00c3O POR CRIME OCORRIDO EM 2005, MAS FICAR\u00c1 EM LIBERDADE."},"content":{"rendered":"<p><span style=\"line-height: 1.71429; font-size: 1rem;\"><a href=\"http:\/\/paulorobertodaradio.com.br\/site\/wp-content\/uploads\/2015\/09\/ALAM02.jpg\"><img loading=\"lazy\" decoding=\"async\" class=\"aligncenter size-full wp-image-12202\" alt=\"ALAM02\" src=\"http:\/\/paulorobertodaradio.com.br\/site\/wp-content\/uploads\/2015\/09\/ALAM02.jpg\" width=\"1024\" height=\"768\" srcset=\"http:\/\/paulorobertodaradio.com.br\/site\/wp-content\/uploads\/2015\/09\/ALAM02.jpg 1024w, http:\/\/paulorobertodaradio.com.br\/site\/wp-content\/uploads\/2015\/09\/ALAM02-300x225.jpg 300w, http:\/\/paulorobertodaradio.com.br\/site\/wp-content\/uploads\/2015\/09\/ALAM02-624x468.jpg 624w\" sizes=\"auto, (max-width: 1024px) 100vw, 1024px\" \/><\/a>Ap\u00f3s cerca de 11 horas de Juri, que teve in\u00edcio \u00e0s 9 horas desta quinta-feira (17), no sala do Tribunal do Juri do F\u00f3rum da Comarca de Muria\u00e9, por volta de 20 horas, o Juiz Dr. Maur\u00edcio Pirozi, leu a senten\u00e7a, que condenou o r\u00e9u Allan Jones, a 12 anos de pris\u00e3o, pela participa\u00e7\u00e3o no homic\u00eddio ocorrido na madrugada de 31 de mar\u00e7o de 2005, quando foi v\u00edtima, o empres\u00e1rio S\u00e9rgio Pereira Fajardo, 45 anos, s\u00f3cio dos postos de combust\u00edveis, F2, em Itamuri e F3, na Avenida Dr Passos, no Aterro.<\/span><\/p>\n<p>A acusa\u00e7\u00e3o contra o r\u00e9u, foi porque o mesmo teria ido ao local do homic\u00eddio, na estrada de S\u00e3o Fernando, para tirar de l\u00e1 seu irm\u00e3o, Deleon e Leonardo que haviam acabado de executar a v\u00edtima e deixado o corpo dentro do carro, um Fiat Uno. Os dois foram condenados pelo homic\u00eddio, sendo Deleon, o mentor do crime, que pegou a pena de 17 anos e 7 meses e Leonardo, que atirou na v\u00edtima, e foi condenado a 17 anos de pris\u00e3o. Os dois ficaram presos cerca de tr\u00eas anos e j\u00e1 est\u00e3o em liberdade.<br \/>\nMesmo com a decis\u00e3o do Juri, na condena\u00e7\u00e3o de 12 anos, Alan jones, que na \u00e9poca do crime tinha 20 anos, foi beneficiado, pois o julgamento, pela lei, teria que ter ocorrido no m\u00e1ximo com 50 % do tempo em que foi indiciado. Ou seja, para ser condenado e ter que cumprir a pena, o Juri teria que ter ocorrido na m\u00e1ximo at\u00e9 dia 7 de fevereiro deste ano.<a href=\"http:\/\/paulorobertodaradio.com.br\/site\/wp-content\/uploads\/2015\/09\/ALAM03.jpg\"><img loading=\"lazy\" decoding=\"async\" class=\"aligncenter size-full wp-image-12204\" alt=\"ALAM03\" src=\"http:\/\/paulorobertodaradio.com.br\/site\/wp-content\/uploads\/2015\/09\/ALAM03.jpg\" width=\"1004\" height=\"768\" srcset=\"http:\/\/paulorobertodaradio.com.br\/site\/wp-content\/uploads\/2015\/09\/ALAM03.jpg 1004w, http:\/\/paulorobertodaradio.com.br\/site\/wp-content\/uploads\/2015\/09\/ALAM03-300x229.jpg 300w, http:\/\/paulorobertodaradio.com.br\/site\/wp-content\/uploads\/2015\/09\/ALAM03-624x477.jpg 624w\" sizes=\"auto, (max-width: 1004px) 100vw, 1004px\" \/><\/a><\/p>\n<p><span style=\"color: #ff0000;\">RELEMBRE O \u00a0CASO: \u00a0<\/span><\/p>\n<p><span style=\"color: #ff0000;\"> \u00a0EMPRES\u00c1RIO \u00c9 ENCONTRADO MORTO NA ESTRADA DE S\u00c3O FERNANDO<\/span><\/p>\n<p>Na manh\u00e3 de 31 de mar\u00e7o de 2005, a pol\u00edcia foi informada de que havia um corpo de um homem, ensanguentado, no banco do carona de um Fiat Uno, cinza, com placas de Muria\u00e9, na estrada para a o distrito de S\u00e3o Fernando.<br \/>\nQuando os militares e a Pol\u00edcia Civil chegaram ao local, deparam com o corpo do empres\u00e1rio S\u00e9rgio Pereira Fajardo, 45 anos, no banco do carona do ve\u00edculo, ainda com o cinto de seguran\u00e7a, atingido na nuca por tiros e com documentos, d\u00f3lares, celular e outros produtos pr\u00f3ximo ao corpo.<br \/>\nA v\u00edtima era dono de dois postos de combust\u00edveis, sendo um pr\u00f3ximo ao Prontocor e outro na BR 116, perto da entrada que leva ao distrito de Itamuri. O corpo foi removido, periciado e a Pol\u00edcia Civil deu in\u00edcio aos levantamentos para tentar descobrir o que realmente havia acontecido, com a v\u00edtima, que no dia 9 de fevereiro havia dado parte de um roubo de um malote, com aproximadamente 130 mil reais, quando o seu gerente (Alan Jones) e um funcion\u00e1rio (Luciano), levavam o dinheiro para depositar em um banco, no Centro.<br \/>\nFoi realizada toda a investiga\u00e7\u00e3o e pol\u00edcia chegou a conclus\u00e3o de que os dois funcion\u00e1rios tramaram o roubo e que Deleon, possivelmente com medo de ser descoberto, tramou a morte de S\u00e9rgio, contratando Leonardo, que era funcion\u00e1rio de uma padaria pr\u00f3ximo ao posto no Aterro, por 2 mil reais para execut\u00e1-lo. Os dois foram presos e julgados em 5 de setembro de 2006, quando foram condenados, mas o Minist\u00e9rio P\u00fablico ainda indiciou Alan Jones, pela participa\u00e7\u00e3o no crime, por ter ido ao local do crime dar carona para o seu irm\u00e3o, Deleon e Leonardo, tirando ambos da cena do crime e participando de uma hist\u00f3ria criada por Deleone. Que na noite dos fatos, o empres\u00e1rio teria ido at\u00e9 o posto, acompanhado de dois desconhecidos, que em carros diferentes abasteceram 25 litros em cada ve\u00edculo, pegaram 100 reais cada um e sa\u00edram juntamente com ele, que acabou sendo encontrado, j\u00e1 sem vida. A hist\u00f3ria, durante a apura\u00e7\u00e3o, foi desmentida por um funcion\u00e1rio do posto e a pol\u00edcia confirmou a participa\u00e7\u00e3o de Deleon, no crime. Colabora\u00e7\u00e3o nas informa\u00e7\u00f5es interligadoonline.com<\/p>\n","protected":false},"excerpt":{"rendered":"<p>Ap\u00f3s cerca de 11 horas de Juri, que teve in\u00edcio \u00e0s 9 horas desta quinta-feira (17), no sala do Tribunal do Juri do F\u00f3rum da Comarca de Muria\u00e9, por volta de 20 horas, o Juiz Dr. Maur\u00edcio Pirozi, leu a senten\u00e7a, que condenou o r\u00e9u Allan Jones, a 12 anos de pris\u00e3o, pela participa\u00e7\u00e3o no [&hellip;]<\/p>\n","protected":false},"author":2,"featured_media":0,"comment_status":"open","ping_status":"open","sticky":false,"template":"","format":"standard","meta":{"footnotes":""},"categories":[1],"tags":[],"class_list":["post-12201","post","type-post","status-publish","format-standard","hentry","category-sem-categoria"],"_links":{"self":[{"href":"http:\/\/paulorobertodaradio.com.br\/site\/index.php?rest_route=\/wp\/v2\/posts\/12201","targetHints":{"allow":["GET"]}}],"collection":[{"href":"http:\/\/paulorobertodaradio.com.br\/site\/index.php?rest_route=\/wp\/v2\/posts"}],"about":[{"href":"http:\/\/paulorobertodaradio.com.br\/site\/index.php?rest_route=\/wp\/v2\/types\/post"}],"author":[{"embeddable":true,"href":"http:\/\/paulorobertodaradio.com.br\/site\/index.php?rest_route=\/wp\/v2\/users\/2"}],"replies":[{"embeddable":true,"href":"http:\/\/paulorobertodaradio.com.br\/site\/index.php?rest_route=%2Fwp%2Fv2%2Fcomments&post=12201"}],"version-history":[{"count":2,"href":"http:\/\/paulorobertodaradio.com.br\/site\/index.php?rest_route=\/wp\/v2\/posts\/12201\/revisions"}],"predecessor-version":[{"id":12206,"href":"http:\/\/paulorobertodaradio.com.br\/site\/index.php?rest_route=\/wp\/v2\/posts\/12201\/revisions\/12206"}],"wp:attachment":[{"href":"http:\/\/paulorobertodaradio.com.br\/site\/index.php?rest_route=%2Fwp%2Fv2%2Fmedia&parent=12201"}],"wp:term":[{"taxonomy":"category","embeddable":true,"href":"http:\/\/paulorobertodaradio.com.br\/site\/index.php?rest_route=%2Fwp%2Fv2%2Fcategories&post=12201"},{"taxonomy":"post_tag","embeddable":true,"href":"http:\/\/paulorobertodaradio.com.br\/site\/index.php?rest_route=%2Fwp%2Fv2%2Ftags&post=12201"}],"curies":[{"name":"wp","href":"https:\/\/api.w.org\/{rel}","templated":true}]}}