{"id":12212,"date":"2015-09-18T10:31:43","date_gmt":"2015-09-18T13:31:43","guid":{"rendered":"http:\/\/paulorobertodaradio.com.br\/site\/?p=12212"},"modified":"2015-09-18T10:31:43","modified_gmt":"2015-09-18T13:31:43","slug":"em-muriae-curso-de-capacitacao-em-oncologia-na-fundacao","status":"publish","type":"post","link":"http:\/\/paulorobertodaradio.com.br\/site\/?p=12212","title":{"rendered":"EM MURIA\u00c9: CURSO DE CAPACITA\u00c7\u00c3O EM ONCOLOGIA NA FUNDA\u00c7\u00c3O."},"content":{"rendered":"<p><span style=\"line-height: 1.71429; font-size: 1rem;\"><a href=\"http:\/\/paulorobertodaradio.com.br\/site\/wp-content\/uploads\/2015\/09\/FUNDA\u00c7AO-ONCOLOGIA.jpg\"><img loading=\"lazy\" decoding=\"async\" class=\"aligncenter size-full wp-image-12213\" alt=\"FUNDA\u00c7AO ONCOLOGIA\" src=\"http:\/\/paulorobertodaradio.com.br\/site\/wp-content\/uploads\/2015\/09\/FUNDA\u00c7AO-ONCOLOGIA.jpg\" width=\"449\" height=\"620\" srcset=\"http:\/\/paulorobertodaradio.com.br\/site\/wp-content\/uploads\/2015\/09\/FUNDA\u00c7AO-ONCOLOGIA.jpg 449w, http:\/\/paulorobertodaradio.com.br\/site\/wp-content\/uploads\/2015\/09\/FUNDA\u00c7AO-ONCOLOGIA-217x300.jpg 217w\" sizes=\"auto, (max-width: 449px) 100vw, 449px\" \/><\/a>A Funda\u00e7\u00e3o Cristiano Varella realizar\u00e1, no dia 26 de setembro (s\u00e1bado), um curso de Capacita\u00e7\u00e3o em Oncologia \u2013 Infec\u00e7\u00e3o Relacionada \u00e0 Assist\u00eancia a Sa\u00fade, Orienta\u00e7\u00e3o Pr\u00e1ticas.Conte\u00fado program\u00e1tico: Vigil\u00e2ncia epidemiol\u00f3gica das infec\u00e7\u00f5es hospitalares, Principais medidas de preven\u00e7\u00e3o de infec\u00e7\u00e3o (trato urin\u00e1rio, corrente sangu\u00ednea, pneumonia e s\u00edtio cir\u00fargico), Microbiologia aplicada ao controle de infec\u00e7\u00e3o, Higiene das m\u00e3os, Medidas de precau\u00e7\u00e3o adicional (isolamento).<\/span><\/p>\n<p><span style=\"color: #ff0000;\">Programa\u00e7\u00e3o:<\/span> In\u00edcio \u00e1s 8:00 horas, intervalo para caf\u00e9 as 9:45 retorno as 10:00 horas, intervalo para almo\u00e7o de 12:00 as 13:00 horas. Intervalo para caf\u00e9 14:45 at\u00e9 15:00 horas, conclus\u00e3o das atividades at\u00e9 as 16 horas. <span style=\"color: #ff0000;\">Palestrantes:<\/span> Tatiane de Assis Bernardo Vieira, Enfermeira, MBA em Gest\u00e3o da Sa\u00fade e Controle de Infec\u00e7\u00e3o Hospitalar respons\u00e1vel pelo Servi\u00e7o de Controle de Infec\u00e7\u00e3o Hospitalar da Funda\u00e7\u00e3o Cristiano Varella e Ariana do Amaral Luciano, Bi\u00f3loga, Especialista em An\u00e1lises Cl\u00ednicas, respons\u00e1vel pelo Setor de Microbiologia da Funda\u00e7\u00e3o Cristiano Varella<br \/>\nP\u00fablico alvo: Acad\u00eamicos e Profissionais de Sa\u00fade<span style=\"color: #ff0000;\">. Informa\u00e7\u00f5es adicionais:<\/span> O certificado ser\u00e1 emitido pela Funda\u00e7\u00e3o Cristiano Varella. Inscri\u00e7\u00f5es: devem ser feitas por meio de dep\u00f3sito, no Banco do Brasil, Ag\u00eancia 3398-7 e Conta 54898-7, tamb\u00e9m podem ser feitas pessoalmente junto a FCV na recep\u00e7\u00e3o da administra\u00e7\u00e3o com a secret\u00e1ria Ana Maria.<\/p>\n","protected":false},"excerpt":{"rendered":"<p>A Funda\u00e7\u00e3o Cristiano Varella realizar\u00e1, no dia 26 de setembro (s\u00e1bado), um curso de Capacita\u00e7\u00e3o em Oncologia \u2013 Infec\u00e7\u00e3o Relacionada \u00e0 Assist\u00eancia a Sa\u00fade, Orienta\u00e7\u00e3o Pr\u00e1ticas.Conte\u00fado program\u00e1tico: Vigil\u00e2ncia epidemiol\u00f3gica das infec\u00e7\u00f5es hospitalares, Principais medidas de preven\u00e7\u00e3o de infec\u00e7\u00e3o (trato urin\u00e1rio, corrente sangu\u00ednea, pneumonia e s\u00edtio cir\u00fargico), Microbiologia aplicada ao controle de infec\u00e7\u00e3o, Higiene das m\u00e3os, [&hellip;]<\/p>\n","protected":false},"author":2,"featured_media":0,"comment_status":"open","ping_status":"open","sticky":false,"template":"","format":"standard","meta":{"footnotes":""},"categories":[1],"tags":[],"class_list":["post-12212","post","type-post","status-publish","format-standard","hentry","category-sem-categoria"],"_links":{"self":[{"href":"http:\/\/paulorobertodaradio.com.br\/site\/index.php?rest_route=\/wp\/v2\/posts\/12212","targetHints":{"allow":["GET"]}}],"collection":[{"href":"http:\/\/paulorobertodaradio.com.br\/site\/index.php?rest_route=\/wp\/v2\/posts"}],"about":[{"href":"http:\/\/paulorobertodaradio.com.br\/site\/index.php?rest_route=\/wp\/v2\/types\/post"}],"author":[{"embeddable":true,"href":"http:\/\/paulorobertodaradio.com.br\/site\/index.php?rest_route=\/wp\/v2\/users\/2"}],"replies":[{"embeddable":true,"href":"http:\/\/paulorobertodaradio.com.br\/site\/index.php?rest_route=%2Fwp%2Fv2%2Fcomments&post=12212"}],"version-history":[{"count":2,"href":"http:\/\/paulorobertodaradio.com.br\/site\/index.php?rest_route=\/wp\/v2\/posts\/12212\/revisions"}],"predecessor-version":[{"id":12215,"href":"http:\/\/paulorobertodaradio.com.br\/site\/index.php?rest_route=\/wp\/v2\/posts\/12212\/revisions\/12215"}],"wp:attachment":[{"href":"http:\/\/paulorobertodaradio.com.br\/site\/index.php?rest_route=%2Fwp%2Fv2%2Fmedia&parent=12212"}],"wp:term":[{"taxonomy":"category","embeddable":true,"href":"http:\/\/paulorobertodaradio.com.br\/site\/index.php?rest_route=%2Fwp%2Fv2%2Fcategories&post=12212"},{"taxonomy":"post_tag","embeddable":true,"href":"http:\/\/paulorobertodaradio.com.br\/site\/index.php?rest_route=%2Fwp%2Fv2%2Ftags&post=12212"}],"curies":[{"name":"wp","href":"https:\/\/api.w.org\/{rel}","templated":true}]}}