{"id":12216,"date":"2015-09-18T10:39:47","date_gmt":"2015-09-18T13:39:47","guid":{"rendered":"http:\/\/paulorobertodaradio.com.br\/site\/?p=12216"},"modified":"2015-09-18T10:39:47","modified_gmt":"2015-09-18T13:39:47","slug":"em-muriae-morre-jovem-vitima-de-acidente-no-ancorado","status":"publish","type":"post","link":"http:\/\/paulorobertodaradio.com.br\/site\/?p=12216","title":{"rendered":"EM MURIA\u00c9: MORRE JOVEM V\u00cdTIMA DE ACIDENTE NO ANCORADO"},"content":{"rendered":"<p><span style=\"line-height: 1.71429; font-size: 1rem;\"><a href=\"http:\/\/paulorobertodaradio.com.br\/site\/wp-content\/uploads\/2015\/09\/MAURO-CESAR-ALVES.jpg\"><img loading=\"lazy\" decoding=\"async\" class=\"size-full wp-image-12217 alignleft\" alt=\"MAURO-CESAR-ALVES\" src=\"http:\/\/paulorobertodaradio.com.br\/site\/wp-content\/uploads\/2015\/09\/MAURO-CESAR-ALVES.jpg\" width=\"247\" height=\"381\" srcset=\"http:\/\/paulorobertodaradio.com.br\/site\/wp-content\/uploads\/2015\/09\/MAURO-CESAR-ALVES.jpg 247w, http:\/\/paulorobertodaradio.com.br\/site\/wp-content\/uploads\/2015\/09\/MAURO-CESAR-ALVES-194x300.jpg 194w\" sizes=\"auto, (max-width: 247px) 100vw, 247px\" \/><\/a>O seguran\u00e7a de eventos, \u00a0jovem de apenas 22 anos \u00a0que havia se envolvido no tr\u00e1gico acidente do Ancorado, na entrada pra Ros\u00e1rio da Limeira, local j\u00e1 conhecido por v\u00e1rios acidente, n\u00e3o resistiu aos ferimentos e faleceu na noite desta quinta feira, por volta das 23:00 horas.<\/span><\/p>\n<p><span style=\"line-height: 1.71429; font-size: 1rem;\"> Mauro Cesar Alves, estava em um dos ve\u00edculos que colidiram de frente , \u00a0sendo Um Ford Ka e um VW Voyage , a gravidade do acidente chamou a aten\u00e7\u00e3o de todos que passavam pelo local no dia 10 de Setembro.<\/span><\/p>\n<p>Foto: interligadoonline<\/p>\n","protected":false},"excerpt":{"rendered":"<p>O seguran\u00e7a de eventos, \u00a0jovem de apenas 22 anos \u00a0que havia se envolvido no tr\u00e1gico acidente do Ancorado, na entrada pra Ros\u00e1rio da Limeira, local j\u00e1 conhecido por v\u00e1rios acidente, n\u00e3o resistiu aos ferimentos e faleceu na noite desta quinta feira, por volta das 23:00 horas. Mauro Cesar Alves, estava em um dos ve\u00edculos que [&hellip;]<\/p>\n","protected":false},"author":2,"featured_media":0,"comment_status":"open","ping_status":"open","sticky":false,"template":"","format":"standard","meta":{"footnotes":""},"categories":[1],"tags":[],"class_list":["post-12216","post","type-post","status-publish","format-standard","hentry","category-sem-categoria"],"_links":{"self":[{"href":"http:\/\/paulorobertodaradio.com.br\/site\/index.php?rest_route=\/wp\/v2\/posts\/12216","targetHints":{"allow":["GET"]}}],"collection":[{"href":"http:\/\/paulorobertodaradio.com.br\/site\/index.php?rest_route=\/wp\/v2\/posts"}],"about":[{"href":"http:\/\/paulorobertodaradio.com.br\/site\/index.php?rest_route=\/wp\/v2\/types\/post"}],"author":[{"embeddable":true,"href":"http:\/\/paulorobertodaradio.com.br\/site\/index.php?rest_route=\/wp\/v2\/users\/2"}],"replies":[{"embeddable":true,"href":"http:\/\/paulorobertodaradio.com.br\/site\/index.php?rest_route=%2Fwp%2Fv2%2Fcomments&post=12216"}],"version-history":[{"count":2,"href":"http:\/\/paulorobertodaradio.com.br\/site\/index.php?rest_route=\/wp\/v2\/posts\/12216\/revisions"}],"predecessor-version":[{"id":12219,"href":"http:\/\/paulorobertodaradio.com.br\/site\/index.php?rest_route=\/wp\/v2\/posts\/12216\/revisions\/12219"}],"wp:attachment":[{"href":"http:\/\/paulorobertodaradio.com.br\/site\/index.php?rest_route=%2Fwp%2Fv2%2Fmedia&parent=12216"}],"wp:term":[{"taxonomy":"category","embeddable":true,"href":"http:\/\/paulorobertodaradio.com.br\/site\/index.php?rest_route=%2Fwp%2Fv2%2Fcategories&post=12216"},{"taxonomy":"post_tag","embeddable":true,"href":"http:\/\/paulorobertodaradio.com.br\/site\/index.php?rest_route=%2Fwp%2Fv2%2Ftags&post=12216"}],"curies":[{"name":"wp","href":"https:\/\/api.w.org\/{rel}","templated":true}]}}