{"id":12221,"date":"2015-09-18T10:48:52","date_gmt":"2015-09-18T13:48:52","guid":{"rendered":"http:\/\/paulorobertodaradio.com.br\/site\/?p=12221"},"modified":"2015-09-18T10:49:36","modified_gmt":"2015-09-18T13:49:36","slug":"giro-na-regiao","status":"publish","type":"post","link":"http:\/\/paulorobertodaradio.com.br\/site\/?p=12221","title":{"rendered":"GIRO NA REGI\u00c3O:"},"content":{"rendered":"<p><span style=\"color: #ff0000;\">\u00a0EM LEOPOLDINA: CAMINH\u00c3O CEGONHA DESPENCA DE SERRA<a href=\"http:\/\/paulorobertodaradio.com.br\/site\/wp-content\/uploads\/2015\/09\/CEGONHA01.jpg\"><img loading=\"lazy\" decoding=\"async\" class=\"aligncenter size-full wp-image-12222\" alt=\"CEGONHA01\" src=\"http:\/\/paulorobertodaradio.com.br\/site\/wp-content\/uploads\/2015\/09\/CEGONHA01.jpg\" width=\"564\" height=\"375\" srcset=\"http:\/\/paulorobertodaradio.com.br\/site\/wp-content\/uploads\/2015\/09\/CEGONHA01.jpg 564w, http:\/\/paulorobertodaradio.com.br\/site\/wp-content\/uploads\/2015\/09\/CEGONHA01-300x199.jpg 300w\" sizes=\"auto, (max-width: 564px) 100vw, 564px\" \/><\/a><\/span><\/p>\n<p>Um caminh\u00e3o cegonha, transportando aproximadamente 11 ve\u00edculos, saiu da pista na manh\u00e3 desta quinta-feira, na BR 116, na Serra da Vileta, em Leopoldina. O acidente aconteceu por volta das 9 horas na pista sentido Al\u00e9m Para\u00edba. O 4\u00ba Pelot\u00e3o de Bombeiros Militar e o SAMU foram acionados e compareceram ao local onde prestaram o atendimento. Segundo a Pol\u00edcia Rodovi\u00e1ria Federal, o motorista foi socorrido e encaminhado para o Hospital de Leopoldina com ferimentos leves.Com informa\u00e7\u00f5es do site Marcelo Lopes, parceiro do site naquela regi\u00e3o (Fotos: Jo\u00e3o Gabriel Ba\u00eda Meneghite).<a href=\"http:\/\/paulorobertodaradio.com.br\/site\/wp-content\/uploads\/2015\/09\/CEGONHA02.jpg\"><img loading=\"lazy\" decoding=\"async\" class=\"aligncenter size-full wp-image-12223\" alt=\"CEGONHA02\" src=\"http:\/\/paulorobertodaradio.com.br\/site\/wp-content\/uploads\/2015\/09\/CEGONHA02.jpg\" width=\"488\" height=\"324\" srcset=\"http:\/\/paulorobertodaradio.com.br\/site\/wp-content\/uploads\/2015\/09\/CEGONHA02.jpg 488w, http:\/\/paulorobertodaradio.com.br\/site\/wp-content\/uploads\/2015\/09\/CEGONHA02-300x199.jpg 300w\" sizes=\"auto, (max-width: 488px) 100vw, 488px\" \/><\/a> <a href=\"http:\/\/paulorobertodaradio.com.br\/site\/wp-content\/uploads\/2015\/09\/CEGONHA03.jpg\"><img loading=\"lazy\" decoding=\"async\" class=\"aligncenter size-full wp-image-12224\" alt=\"CEGONHA03\" src=\"http:\/\/paulorobertodaradio.com.br\/site\/wp-content\/uploads\/2015\/09\/CEGONHA03.jpg\" width=\"488\" height=\"324\" srcset=\"http:\/\/paulorobertodaradio.com.br\/site\/wp-content\/uploads\/2015\/09\/CEGONHA03.jpg 488w, http:\/\/paulorobertodaradio.com.br\/site\/wp-content\/uploads\/2015\/09\/CEGONHA03-300x199.jpg 300w\" sizes=\"auto, (max-width: 488px) 100vw, 488px\" \/><\/a><\/p>\n<p><span style=\"color: #ff0000;\">EM MATIP\u00d3: DOIS BANDIDOS ROUBARAM AGRICULTOR\u00a0<\/span><br \/>\nMATIP\u00d3 (MG) &#8211; Dois indiv\u00edduos encapuzados renderam um morador na fazenda Cachoeira Alegre, na zona rural de Matip\u00f3, na noite de quarta-feira, 16\/09.<br \/>\nEle contou que dois indiv\u00edduos encapuzados e armados estavam escondidos no terreiro de sua casa. Quando chegou, foi rendido pelos bandidos, levado para casa e amarrado.<br \/>\nOs autores reviraram o im\u00f3vel. Roubaram setenta reais, um celular e pacotes de alimentos, como arroz e feij\u00e3o.<br \/>\nA v\u00edtima s\u00f3 conseguiu se soltar e chamar a pol\u00edcia horas depois. Com informa\u00e7\u00f5es do portal caparao.<\/p>\n<p><span style=\"color: #ff0000;\">\u00a0EM MURIA\u00c9: DUAS MOTOS BATEM DE FRENTE: I CORRE E O OUTRO FICA MACHUCADO<\/span><\/p>\n<p>Um motociclista ficou ferido e outro fugiu na tarde desta quinta-feira quando as motos bateram de frente. O acidente aconteceu por volta das 14h entre o bairro Gaspar e Faminas. As primeiras informa\u00e7\u00f5es d\u00e3o conta que o condutor de uma das motos, estava em alta velocidade e perdeu o controle e veio bater de frente em outra moto que seguia em dire\u00e7\u00e3o contr\u00e1ria. Ap\u00f3s a colis\u00e3o, um dos motociclistas rapidamente fugiu do local, o outro motociclista teve fratura na perna direita e foi socorrido pelo Corpo de Bombeiros e SAMU e levado para o HSP. Com informa\u00e7\u00f5es do silvanalves.com<\/p>\n<p><span style=\"color: #ff0000; line-height: 1.71429; font-size: 1rem;\">\u00a0EM MANHUA\u00c7U: BANDIDOS APROVEITAM FESTA DE CASAMENTO PRA ROUBAR\u00a0<\/span><\/p>\n<p>Duas propriedades rurais foram furtadas no C\u00f3rrego Fortaleza, em Dom Corr\u00eaa, no in\u00edcio da noite de s\u00e1bado, 12\/09.<br \/>\nNas duas resid\u00eancias, os moradores sa\u00edram para um casamento na comunidade e deixaram tudo trancado. Quando retornaram, as portas de suas casas haviam sido arrombadas.<br \/>\nNa primeira resid\u00eancia, foram levados dois rel\u00f3gios, 105 reais em dinheiro, notebook, dois celulares. Na segunda casa, foram furtados 155 reais, uma lanterna, um ferro de passar roupas, uma chapinha e um secador de cabelos.<br \/>\nApesar do rastreamento, a Pol\u00edcia Militar n\u00e3o encontrou os materiais e nem identificou o autor do furto.<\/p>\n","protected":false},"excerpt":{"rendered":"<p>\u00a0EM LEOPOLDINA: CAMINH\u00c3O CEGONHA DESPENCA DE SERRA Um caminh\u00e3o cegonha, transportando aproximadamente 11 ve\u00edculos, saiu da pista na manh\u00e3 desta quinta-feira, na BR 116, na Serra da Vileta, em Leopoldina. O acidente aconteceu por volta das 9 horas na pista sentido Al\u00e9m Para\u00edba. O 4\u00ba Pelot\u00e3o de Bombeiros Militar e o SAMU foram acionados e [&hellip;]<\/p>\n","protected":false},"author":2,"featured_media":0,"comment_status":"open","ping_status":"open","sticky":false,"template":"","format":"standard","meta":{"footnotes":""},"categories":[1],"tags":[],"class_list":["post-12221","post","type-post","status-publish","format-standard","hentry","category-sem-categoria"],"_links":{"self":[{"href":"http:\/\/paulorobertodaradio.com.br\/site\/index.php?rest_route=\/wp\/v2\/posts\/12221","targetHints":{"allow":["GET"]}}],"collection":[{"href":"http:\/\/paulorobertodaradio.com.br\/site\/index.php?rest_route=\/wp\/v2\/posts"}],"about":[{"href":"http:\/\/paulorobertodaradio.com.br\/site\/index.php?rest_route=\/wp\/v2\/types\/post"}],"author":[{"embeddable":true,"href":"http:\/\/paulorobertodaradio.com.br\/site\/index.php?rest_route=\/wp\/v2\/users\/2"}],"replies":[{"embeddable":true,"href":"http:\/\/paulorobertodaradio.com.br\/site\/index.php?rest_route=%2Fwp%2Fv2%2Fcomments&post=12221"}],"version-history":[{"count":4,"href":"http:\/\/paulorobertodaradio.com.br\/site\/index.php?rest_route=\/wp\/v2\/posts\/12221\/revisions"}],"predecessor-version":[{"id":12228,"href":"http:\/\/paulorobertodaradio.com.br\/site\/index.php?rest_route=\/wp\/v2\/posts\/12221\/revisions\/12228"}],"wp:attachment":[{"href":"http:\/\/paulorobertodaradio.com.br\/site\/index.php?rest_route=%2Fwp%2Fv2%2Fmedia&parent=12221"}],"wp:term":[{"taxonomy":"category","embeddable":true,"href":"http:\/\/paulorobertodaradio.com.br\/site\/index.php?rest_route=%2Fwp%2Fv2%2Fcategories&post=12221"},{"taxonomy":"post_tag","embeddable":true,"href":"http:\/\/paulorobertodaradio.com.br\/site\/index.php?rest_route=%2Fwp%2Fv2%2Ftags&post=12221"}],"curies":[{"name":"wp","href":"https:\/\/api.w.org\/{rel}","templated":true}]}}