{"id":12230,"date":"2015-09-18T11:28:06","date_gmt":"2015-09-18T14:28:06","guid":{"rendered":"http:\/\/paulorobertodaradio.com.br\/site\/?p=12230"},"modified":"2015-09-18T11:28:55","modified_gmt":"2015-09-18T14:28:55","slug":"12230","status":"publish","type":"post","link":"http:\/\/paulorobertodaradio.com.br\/site\/?p=12230","title":{"rendered":"NA POL\u00cdTICA: LULA PEDE PRA DILMA REDUZIR MINIST\u00c9RIOS DE INFI\u00c9IS."},"content":{"rendered":"<p><a href=\"http:\/\/paulorobertodaradio.com.br\/site\/wp-content\/uploads\/2015\/09\/LULA.jpg\"><img loading=\"lazy\" decoding=\"async\" class=\"aligncenter size-full wp-image-12232\" alt=\"LULA\" src=\"http:\/\/paulorobertodaradio.com.br\/site\/wp-content\/uploads\/2015\/09\/LULA.jpg\" width=\"550\" height=\"368\" srcset=\"http:\/\/paulorobertodaradio.com.br\/site\/wp-content\/uploads\/2015\/09\/LULA.jpg 550w, http:\/\/paulorobertodaradio.com.br\/site\/wp-content\/uploads\/2015\/09\/LULA-300x200.jpg 300w\" sizes=\"auto, (max-width: 550px) 100vw, 550px\" \/><\/a>Na primeira conversa com a presidente Dilma Rousseff ap\u00f3s a divulga\u00e7\u00e3o do pacote fiscal, o ex-presidente Luiz In\u00e1cio Lula da Silva pediu a ela que fa\u00e7a uma reforma ministerial mais ampla, para garantir sustenta\u00e7\u00e3o pol\u00edtica no Congresso e evitar o processo de impeachment.<\/p>\n<p>Lula disse a Dilma, na quinta-feira, que ela precisa aumentar o espa\u00e7o dos aliados fi\u00e9is e diminuir os cargos dos traidores, porque somente assim conseguir\u00e1 aprovar o ajuste e barrar iniciativas para afast\u00e1-la do Planalto.<\/p>\n<p>Na lista dos partidos que comandam minist\u00e9rios e votaram contra medidas propostas pela equipe econ\u00f4mica na primeira fase do ajuste est\u00e3o o PR, que controla os Transportes; o PDT, no Trabalho; e o PRB, no Esporte. A avalia\u00e7\u00e3o \u00e9 de que tudo tem de ser feito para impedir que um pedido de impeachment seja aceito na C\u00e2mara comandada por Eduardo Cunha (PMDB-RJ) porque, se isso ocorrer, ser\u00e1 muito dif\u00edcil deter sua tramita\u00e7\u00e3o com a press\u00e3o das ruas.<br \/>\nApesar de defender mudan\u00e7as na pol\u00edtica econ\u00f4mica e achar que Dilma deveria ter adotado outro caminho para reequilibrar o Or\u00e7amento, Lula disse que \u00e9 necess\u00e1rio &#8220;p\u00f4r no Minist\u00e9rio quem ajuda o governo no Congresso&#8221; para aprovar o quanto antes o pacote fiscal, mesmo se houver recuos estrat\u00e9gicos, como um prazo menor de vig\u00eancia da CPMF.<\/p>\n<p>Depois de se encontrar com Dilma, Lula jantou com ministros do PT e considerou a situa\u00e7\u00e3o &#8220;grav\u00edssima&#8221;.<\/p>\n<p>Na conversa, o diagn\u00f3stico foi que outra derrota de Dilma no Congresso, neste momento, pode ser fatal para ela.<\/p>\n<p>&#8220;N\u00f3s precisamos nos unir. Mesmo quem n\u00e3o concorda com um ponto aqui, outro acol\u00e1, tem de apoiar nossa companheira&#8221;, disse Lula, segundo relato de um dos participantes do encontro. &#8220;Mas n\u00f3s tamb\u00e9m precisamos dar uma not\u00edcia boa para a popula\u00e7\u00e3o. N\u00e3o d\u00e1 para s\u00f3 falar em desemprego, recess\u00e3o, imposto e corte.&#8221;<\/p>\n<p>Embora fa\u00e7a reparos ao endurecimento do ajuste, Lula garantiu que n\u00e3o renovar\u00e1 as cr\u00edticas \u00e0 equipe econ\u00f4mica nem atacar\u00e1 as medidas em p\u00fablico. Para ele, a presidente deve dar uma &#8220;chacoalhada&#8221; no governo e mudar a articula\u00e7\u00e3o pol\u00edtica, inclusive a Casa Civil, al\u00e9m de se reaproximar do vice Michel Temer, que comanda o PMDB.<\/p>\n<p>At\u00e9 agora, por\u00e9m, Dilma resiste a tirar Aloizio Mercadante da Casa Civil e avisou que n\u00e3o ceder\u00e1 \u00e0s press\u00f5es. O nome da ministra da Agricultura, K\u00e1tia Abreu (PMDB), chegou a ser cogitado para a pasta, mas ela n\u00e3o tem apoio integral do PMDB. Lula tamb\u00e9m disse, ontem, que n\u00e3o aprovaria a troca. Na sua opini\u00e3o, o mais indicado para substituir Mercadante seria Jaques Wagner, titular da Defesa.<\/p>\n","protected":false},"excerpt":{"rendered":"<p>Na primeira conversa com a presidente Dilma Rousseff ap\u00f3s a divulga\u00e7\u00e3o do pacote fiscal, o ex-presidente Luiz In\u00e1cio Lula da Silva pediu a ela que fa\u00e7a uma reforma ministerial mais ampla, para garantir sustenta\u00e7\u00e3o pol\u00edtica no Congresso e evitar o processo de impeachment. Lula disse a Dilma, na quinta-feira, que ela precisa aumentar o espa\u00e7o [&hellip;]<\/p>\n","protected":false},"author":2,"featured_media":0,"comment_status":"open","ping_status":"open","sticky":false,"template":"","format":"standard","meta":{"footnotes":""},"categories":[1],"tags":[],"class_list":["post-12230","post","type-post","status-publish","format-standard","hentry","category-sem-categoria"],"_links":{"self":[{"href":"http:\/\/paulorobertodaradio.com.br\/site\/index.php?rest_route=\/wp\/v2\/posts\/12230","targetHints":{"allow":["GET"]}}],"collection":[{"href":"http:\/\/paulorobertodaradio.com.br\/site\/index.php?rest_route=\/wp\/v2\/posts"}],"about":[{"href":"http:\/\/paulorobertodaradio.com.br\/site\/index.php?rest_route=\/wp\/v2\/types\/post"}],"author":[{"embeddable":true,"href":"http:\/\/paulorobertodaradio.com.br\/site\/index.php?rest_route=\/wp\/v2\/users\/2"}],"replies":[{"embeddable":true,"href":"http:\/\/paulorobertodaradio.com.br\/site\/index.php?rest_route=%2Fwp%2Fv2%2Fcomments&post=12230"}],"version-history":[{"count":2,"href":"http:\/\/paulorobertodaradio.com.br\/site\/index.php?rest_route=\/wp\/v2\/posts\/12230\/revisions"}],"predecessor-version":[{"id":12234,"href":"http:\/\/paulorobertodaradio.com.br\/site\/index.php?rest_route=\/wp\/v2\/posts\/12230\/revisions\/12234"}],"wp:attachment":[{"href":"http:\/\/paulorobertodaradio.com.br\/site\/index.php?rest_route=%2Fwp%2Fv2%2Fmedia&parent=12230"}],"wp:term":[{"taxonomy":"category","embeddable":true,"href":"http:\/\/paulorobertodaradio.com.br\/site\/index.php?rest_route=%2Fwp%2Fv2%2Fcategories&post=12230"},{"taxonomy":"post_tag","embeddable":true,"href":"http:\/\/paulorobertodaradio.com.br\/site\/index.php?rest_route=%2Fwp%2Fv2%2Ftags&post=12230"}],"curies":[{"name":"wp","href":"https:\/\/api.w.org\/{rel}","templated":true}]}}