{"id":12238,"date":"2015-09-19T13:03:56","date_gmt":"2015-09-19T16:03:56","guid":{"rendered":"http:\/\/paulorobertodaradio.com.br\/site\/?p=12238"},"modified":"2015-09-19T13:13:58","modified_gmt":"2015-09-19T16:13:58","slug":"em-miradouro-igreja-catolica-realiza-encontro-com-jovens","status":"publish","type":"post","link":"http:\/\/paulorobertodaradio.com.br\/site\/?p=12238","title":{"rendered":"EM MIRADOURO: IGREJA CAT\u00d3LICA REALIZA ENCONTRO COM JOVENS."},"content":{"rendered":"<p><a href=\"http:\/\/paulorobertodaradio.com.br\/site\/wp-content\/uploads\/2015\/09\/ENCONTRO.jpg\"><img loading=\"lazy\" decoding=\"async\" class=\"aligncenter size-full wp-image-12239\" alt=\"ENCONTRO\" src=\"http:\/\/paulorobertodaradio.com.br\/site\/wp-content\/uploads\/2015\/09\/ENCONTRO.jpg\" width=\"576\" height=\"960\" srcset=\"http:\/\/paulorobertodaradio.com.br\/site\/wp-content\/uploads\/2015\/09\/ENCONTRO.jpg 576w, http:\/\/paulorobertodaradio.com.br\/site\/wp-content\/uploads\/2015\/09\/ENCONTRO-180x300.jpg 180w\" sizes=\"auto, (max-width: 576px) 100vw, 576px\" \/><\/a>O encontro se iniciar\u00e1 no s\u00e1bado dia 26 de Setembro \u00e0s 14h00min com t\u00e9rmino no no domingo (27) \u00e0s 17h00min e logo ap\u00f3s haver\u00e1 uma caminhada da B\u00edblia pela Paz e Missa celebrada com o Bispo Dom Jos\u00e9 Eudes. O encontro com os jovens acontecer\u00e1 na Escola Municipal Desembargador Alberto Luz, centro de Miradouro e a Missa ser\u00e1 celebrada na Matriz de Santa Rita de C\u00e1ssia.Informa\u00e7\u00f5es sobre a participa\u00e7\u00e3o no encontro de jovens pelo celular (32) 9909-5898.<\/p>\n","protected":false},"excerpt":{"rendered":"<p>O encontro se iniciar\u00e1 no s\u00e1bado dia 26 de Setembro \u00e0s 14h00min com t\u00e9rmino no no domingo (27) \u00e0s 17h00min e logo ap\u00f3s haver\u00e1 uma caminhada da B\u00edblia pela Paz e Missa celebrada com o Bispo Dom Jos\u00e9 Eudes. O encontro com os jovens acontecer\u00e1 na Escola Municipal Desembargador Alberto Luz, centro de Miradouro e [&hellip;]<\/p>\n","protected":false},"author":2,"featured_media":0,"comment_status":"open","ping_status":"open","sticky":false,"template":"","format":"standard","meta":{"footnotes":""},"categories":[1],"tags":[],"class_list":["post-12238","post","type-post","status-publish","format-standard","hentry","category-sem-categoria"],"_links":{"self":[{"href":"http:\/\/paulorobertodaradio.com.br\/site\/index.php?rest_route=\/wp\/v2\/posts\/12238","targetHints":{"allow":["GET"]}}],"collection":[{"href":"http:\/\/paulorobertodaradio.com.br\/site\/index.php?rest_route=\/wp\/v2\/posts"}],"about":[{"href":"http:\/\/paulorobertodaradio.com.br\/site\/index.php?rest_route=\/wp\/v2\/types\/post"}],"author":[{"embeddable":true,"href":"http:\/\/paulorobertodaradio.com.br\/site\/index.php?rest_route=\/wp\/v2\/users\/2"}],"replies":[{"embeddable":true,"href":"http:\/\/paulorobertodaradio.com.br\/site\/index.php?rest_route=%2Fwp%2Fv2%2Fcomments&post=12238"}],"version-history":[{"count":3,"href":"http:\/\/paulorobertodaradio.com.br\/site\/index.php?rest_route=\/wp\/v2\/posts\/12238\/revisions"}],"predecessor-version":[{"id":12241,"href":"http:\/\/paulorobertodaradio.com.br\/site\/index.php?rest_route=\/wp\/v2\/posts\/12238\/revisions\/12241"}],"wp:attachment":[{"href":"http:\/\/paulorobertodaradio.com.br\/site\/index.php?rest_route=%2Fwp%2Fv2%2Fmedia&parent=12238"}],"wp:term":[{"taxonomy":"category","embeddable":true,"href":"http:\/\/paulorobertodaradio.com.br\/site\/index.php?rest_route=%2Fwp%2Fv2%2Fcategories&post=12238"},{"taxonomy":"post_tag","embeddable":true,"href":"http:\/\/paulorobertodaradio.com.br\/site\/index.php?rest_route=%2Fwp%2Fv2%2Ftags&post=12238"}],"curies":[{"name":"wp","href":"https:\/\/api.w.org\/{rel}","templated":true}]}}