{"id":12243,"date":"2015-09-19T13:16:02","date_gmt":"2015-09-19T16:16:02","guid":{"rendered":"http:\/\/paulorobertodaradio.com.br\/site\/?p=12243"},"modified":"2015-09-19T13:27:25","modified_gmt":"2015-09-19T16:27:25","slug":"em-muriae-encontro-regional-do-psdb","status":"publish","type":"post","link":"http:\/\/paulorobertodaradio.com.br\/site\/?p=12243","title":{"rendered":"EM MURIA\u00c9: ENCONTRO REGIONAL DO PSDB."},"content":{"rendered":"<p><a href=\"http:\/\/paulorobertodaradio.com.br\/site\/wp-content\/uploads\/2015\/09\/partido01.jpg\"><img loading=\"lazy\" decoding=\"async\" class=\"aligncenter size-full wp-image-12244\" alt=\"partido01\" src=\"http:\/\/paulorobertodaradio.com.br\/site\/wp-content\/uploads\/2015\/09\/partido01.jpg\" width=\"564\" height=\"423\" srcset=\"http:\/\/paulorobertodaradio.com.br\/site\/wp-content\/uploads\/2015\/09\/partido01.jpg 564w, http:\/\/paulorobertodaradio.com.br\/site\/wp-content\/uploads\/2015\/09\/partido01-300x225.jpg 300w\" sizes=\"auto, (max-width: 564px) 100vw, 564px\" \/><\/a>O PSDB muriaeense, partido do atual prefeito, Aloysio Aquino, fez seu Encontro Regional na noite desta sexta-feira e o objetivo foi apresentar a nova Diretoria Municipal, Presta\u00e7\u00e3o de Contas e iniciar a movimenta\u00e7\u00e3o rumo \u00e0s elei\u00e7\u00f5es municipais de 2016.<br \/>\nLideran\u00e7as de v\u00e1rios partidos de Muria\u00e9, que formam a base aliada do PSDB estiveram presentes, bem como o deputado federal do partido, um dos mais votados em Minas Gerais, Rodrigo de Castro que fez discurso e cumprimentou o presidente do partido no munic\u00edpio, o prefeito de Muria\u00e9, Aloysio Aquino elogiando sua atua\u00e7\u00e3o. Castro citou a nova fase do PSDB mineiro que agora atua como oposi\u00e7\u00e3o ao governo, e elogiou a atua\u00e7\u00e3o do PSDB em Minas quando governou por 12 anos<a href=\"http:\/\/paulorobertodaradio.com.br\/site\/wp-content\/uploads\/2015\/09\/partido02.jpg\"><img loading=\"lazy\" decoding=\"async\" class=\"aligncenter size-full wp-image-12245\" alt=\"partido02\" src=\"http:\/\/paulorobertodaradio.com.br\/site\/wp-content\/uploads\/2015\/09\/partido02.jpg\" width=\"564\" height=\"423\" srcset=\"http:\/\/paulorobertodaradio.com.br\/site\/wp-content\/uploads\/2015\/09\/partido02.jpg 564w, http:\/\/paulorobertodaradio.com.br\/site\/wp-content\/uploads\/2015\/09\/partido02-300x225.jpg 300w\" sizes=\"auto, (max-width: 564px) 100vw, 564px\" \/><\/a> <a href=\"http:\/\/paulorobertodaradio.com.br\/site\/wp-content\/uploads\/2015\/09\/partido03.jpg\"><img loading=\"lazy\" decoding=\"async\" class=\"aligncenter size-full wp-image-12246\" alt=\"partido03\" src=\"http:\/\/paulorobertodaradio.com.br\/site\/wp-content\/uploads\/2015\/09\/partido03.jpg\" width=\"564\" height=\"423\" srcset=\"http:\/\/paulorobertodaradio.com.br\/site\/wp-content\/uploads\/2015\/09\/partido03.jpg 564w, http:\/\/paulorobertodaradio.com.br\/site\/wp-content\/uploads\/2015\/09\/partido03-300x225.jpg 300w\" sizes=\"auto, (max-width: 564px) 100vw, 564px\" \/><\/a><\/p>\n<p>Com informa\u00e7\u00f5es do www.silvanalves.com.br<\/p>\n<p>&nbsp;<\/p>\n","protected":false},"excerpt":{"rendered":"<p>O PSDB muriaeense, partido do atual prefeito, Aloysio Aquino, fez seu Encontro Regional na noite desta sexta-feira e o objetivo foi apresentar a nova Diretoria Municipal, Presta\u00e7\u00e3o de Contas e iniciar a movimenta\u00e7\u00e3o rumo \u00e0s elei\u00e7\u00f5es municipais de 2016. Lideran\u00e7as de v\u00e1rios partidos de Muria\u00e9, que formam a base aliada do PSDB estiveram presentes, bem [&hellip;]<\/p>\n","protected":false},"author":2,"featured_media":0,"comment_status":"open","ping_status":"open","sticky":false,"template":"","format":"standard","meta":{"footnotes":""},"categories":[1],"tags":[],"class_list":["post-12243","post","type-post","status-publish","format-standard","hentry","category-sem-categoria"],"_links":{"self":[{"href":"http:\/\/paulorobertodaradio.com.br\/site\/index.php?rest_route=\/wp\/v2\/posts\/12243","targetHints":{"allow":["GET"]}}],"collection":[{"href":"http:\/\/paulorobertodaradio.com.br\/site\/index.php?rest_route=\/wp\/v2\/posts"}],"about":[{"href":"http:\/\/paulorobertodaradio.com.br\/site\/index.php?rest_route=\/wp\/v2\/types\/post"}],"author":[{"embeddable":true,"href":"http:\/\/paulorobertodaradio.com.br\/site\/index.php?rest_route=\/wp\/v2\/users\/2"}],"replies":[{"embeddable":true,"href":"http:\/\/paulorobertodaradio.com.br\/site\/index.php?rest_route=%2Fwp%2Fv2%2Fcomments&post=12243"}],"version-history":[{"count":3,"href":"http:\/\/paulorobertodaradio.com.br\/site\/index.php?rest_route=\/wp\/v2\/posts\/12243\/revisions"}],"predecessor-version":[{"id":12248,"href":"http:\/\/paulorobertodaradio.com.br\/site\/index.php?rest_route=\/wp\/v2\/posts\/12243\/revisions\/12248"}],"wp:attachment":[{"href":"http:\/\/paulorobertodaradio.com.br\/site\/index.php?rest_route=%2Fwp%2Fv2%2Fmedia&parent=12243"}],"wp:term":[{"taxonomy":"category","embeddable":true,"href":"http:\/\/paulorobertodaradio.com.br\/site\/index.php?rest_route=%2Fwp%2Fv2%2Fcategories&post=12243"},{"taxonomy":"post_tag","embeddable":true,"href":"http:\/\/paulorobertodaradio.com.br\/site\/index.php?rest_route=%2Fwp%2Fv2%2Ftags&post=12243"}],"curies":[{"name":"wp","href":"https:\/\/api.w.org\/{rel}","templated":true}]}}